{"id":1559,"date":"2012-05-07T15:03:58","date_gmt":"2012-05-07T14:03:58","guid":{"rendered":"http:\/\/www.odszkodowania.info.pl\/?p=1559"},"modified":"2012-05-07T15:03:58","modified_gmt":"2012-05-07T14:03:58","slug":"mieszkancy-proszeni-o-robienie-zdjec-ciezarowkom-z-budowy-a1","status":"publish","type":"post","link":"https:\/\/www.odszkodowania.info.pl\/?p=1559","title":{"rendered":"Mieszka\u0144cy proszeni o robienie zdj\u0119\u0107 ci\u0119\u017car\u00f3wkom z budowy A1"},"content":{"rendered":"<p>W\u0142adze Mszany zaapelowa\u0142y do mieszka\u0144c\u00f3w, by przysy\u0142ali zdj\u0119cia ci\u0119\u017car\u00f3wek pracuj\u0105cych przy budowie autostrady A1 i niszcz\u0105cych przy okazji lokalne drogi. &#8211; W ten spos\u00f3b \u0142atwiej b\u0119dzie nam uzyska\u0107 odszkodowanie od firmy Alpine &#8211; przekonuj\u0105 urz\u0119dnicy.<br \/>\nZdj\u0119cia mo\u017cna wysy\u0142a\u0107 na adres e-mailowy urz\u0119du gminy albo przynie\u015b\u0107 osobi\u015bcie do punktu obs\u0142ugi mieszka\u0144c\u00f3w. Cho\u0107 apel pojawi\u0142 si\u0119 zaledwie kilka dni temu, pierwsze fotografie dotar\u0142y ju\u017c do urz\u0119du. &#8211; Poprosili\u015bmy te\u017c miejscowego proboszcza, by podczas niedzielnej mszy \u015bwi\u0119tej przypomnia\u0142 o naszej akcji. Liczymy, \u017ce odzew b\u0119dzie jeszcze wi\u0119kszy &#8211; m\u00f3wi B\u0142a\u017cej Tatarczyk, zast\u0119pca w\u00f3jta Mszany.<\/p>\n<p>Zdj\u0119cia mieszka\u0144c\u00f3w pokazuj\u0105ce, jak olbrzymie ci\u0119\u017car\u00f3wki niszcz\u0105 drogi lokalne, maj\u0105 by\u0107 dowodem w rozpoczynaj\u0105cych si\u0119 negocjacjach pomi\u0119dzy gmin\u0105 a firm\u0105 Alpine Bau, kt\u00f3ra buduje 18-kilometrowy odcinek autostrady A1 pomi\u0119dzy \u015awierklanami a granic\u0105 w Gorzyczkach.<\/p>\n<p>Okaza\u0142o si\u0119, \u017ce wykonawca chce zap\u0142aci\u0107 tylko za zniszczenia na sze\u015bciu drogach lokalnych uj\u0119tych w tzw. inwentaryzacji (koszt obliczono wst\u0119pnie na 1,7 mln z\u0142). Alpine nie zgadza si\u0119 natomiast, by naprawi\u0107 kilka innych dr\u00f3g zniszczonych podczas prowadzenia rob\u00f3t, a nieuj\u0119tych w dokumentacji. Tymczasem urz\u0119dnicy z Mszany obliczyli, \u017ce koszty ich naprawy przekrocz\u0105 1,5 mln z\u0142.<\/p>\n<p>&#8211; Powiedziano nam, \u017ce na ewentualn\u0105 napraw\u0119 tych dr\u00f3g mo\u017cemy liczy\u0107 tylko w sytuacji, gdy udokumentujemy, \u017ce zniszcze\u0144 faktycznie dokonano podczas budowy A1. St\u0105d nasz apel do mieszka\u0144c\u00f3w, by nadsy\u0142ali zdj\u0119cia &#8211; m\u00f3wi Tatarczyk.<\/p>\n<p>Do tej pory byli zapewniani, \u017ce ten odcinek A1 zostanie otwarty 6 lipca. By\u0142o to jednak przed wybuchem afery z mostem MA 532, kt\u00f3ry zdaniem nadzoru budowlanego mo\u017ce si\u0119 zawali\u0107. Prace na mo\u015bcie wstrzymano i nie wiadomo, kiedy zostan\u0105 wznowione. Mieszka\u0144cy Mszany boj\u0105 si\u0119, \u017ce ci\u0119\u017car\u00f3wki jeszcze d\u0142ugo b\u0119d\u0105 je\u017adzi\u0142y przez ich miejscowo\u015b\u0107. &#8211; Do tej pory wsp\u00f3\u0142praca z Alpine uk\u0142ada\u0142a si\u0119 dobrze, ale kwestia naprawy zniszczonych dr\u00f3g popsu\u0142a nieco atmosfer\u0119. Jak firma zniknie, to niczego ju\u017c nie wywalczymy. Tym bardziej \u017ce GDDKiA nie kwapi si\u0119, by nam pom\u00f3c &#8211; m\u00f3wi zast\u0119pca w\u00f3jta.<\/p>\n<p>Przedstawiciele firmy Alpine nie chc\u0105 komentowa\u0107 &#8222;akcji zdj\u0119ciowej&#8221;, ale zapewniaj\u0105, \u017ce ostateczne decyzje, kt\u00f3re drogi zostan\u0105 naprawione, jeszcze nie zapad\u0142y. &#8211; Do ka\u017cdej z dr\u00f3g b\u0119dziemy podchodzi\u0107 indywidualnie i wszystko dok\u0142adnie zbadamy. Rozmowy dopiero si\u0119 zaczynaj\u0105 &#8211; uspokaja Karolina Szyd\u0142owska, rzeczniczka polskiego oddzia\u0142u firmy Alpine.<\/p>\n<p>Samorz\u0105dowcy z Mszany nie s\u0105 jednak tak spokojni. Boj\u0105 si\u0119, \u017ce gmina dostanie rykoszetem w sporze o feralny most na A1 pomi\u0119dzy Alpine a GDDKiA i nie wywalczy odszkodowania za zrujnowane drogi.<\/p>\n<p>gazeta.pl<\/p>\n","protected":false},"excerpt":{"rendered":"<p>W\u0142adze Mszany zaapelowa\u0142y do mieszka\u0144c\u00f3w, by przysy\u0142ali zdj\u0119cia ci\u0119\u017car\u00f3wek pracuj\u0105cych przy budowie autostrady A1 i niszcz\u0105cych przy okazji lokalne drogi. &#8211; W ten spos\u00f3b \u0142atwiej b\u0119dzie nam uzyska\u0107 odszkodowanie od firmy Alpine &#8211; przekonuj\u0105 urz\u0119dnicy. Zdj\u0119cia mo\u017cna wysy\u0142a\u0107 na adres e-mailowy urz\u0119du gminy albo przynie\u015b\u0107 osobi\u015bcie do punktu obs\u0142ugi mieszka\u0144c\u00f3w. Cho\u0107 apel pojawi\u0142 si\u0119 zaledwie [&hellip;]<\/p>\n","protected":false},"author":2,"featured_media":0,"comment_status":"open","ping_status":"open","sticky":false,"template":"","format":"standard","meta":{"footnotes":""},"categories":[8],"tags":[12],"class_list":["post-1559","post","type-post","status-publish","format-standard","hentry","category-aktualnosci","tag-odszkodowanie"],"_links":{"self":[{"href":"https:\/\/www.odszkodowania.info.pl\/index.php?rest_route=\/wp\/v2\/posts\/1559","targetHints":{"allow":["GET"]}}],"collection":[{"href":"https:\/\/www.odszkodowania.info.pl\/index.php?rest_route=\/wp\/v2\/posts"}],"about":[{"href":"https:\/\/www.odszkodowania.info.pl\/index.php?rest_route=\/wp\/v2\/types\/post"}],"author":[{"embeddable":true,"href":"https:\/\/www.odszkodowania.info.pl\/index.php?rest_route=\/wp\/v2\/users\/2"}],"replies":[{"embeddable":true,"href":"https:\/\/www.odszkodowania.info.pl\/index.php?rest_route=%2Fwp%2Fv2%2Fcomments&post=1559"}],"version-history":[{"count":1,"href":"https:\/\/www.odszkodowania.info.pl\/index.php?rest_route=\/wp\/v2\/posts\/1559\/revisions"}],"predecessor-version":[{"id":1560,"href":"https:\/\/www.odszkodowania.info.pl\/index.php?rest_route=\/wp\/v2\/posts\/1559\/revisions\/1560"}],"wp:attachment":[{"href":"https:\/\/www.odszkodowania.info.pl\/index.php?rest_route=%2Fwp%2Fv2%2Fmedia&parent=1559"}],"wp:term":[{"taxonomy":"category","embeddable":true,"href":"https:\/\/www.odszkodowania.info.pl\/index.php?rest_route=%2Fwp%2Fv2%2Fcategories&post=1559"},{"taxonomy":"post_tag","embeddable":true,"href":"https:\/\/www.odszkodowania.info.pl\/index.php?rest_route=%2Fwp%2Fv2%2Ftags&post=1559"}],"curies":[{"name":"wp","href":"https:\/\/api.w.org\/{rel}","templated":true}]}}