{"id":1582,"date":"2012-05-23T21:27:39","date_gmt":"2012-05-23T20:27:39","guid":{"rendered":"http:\/\/www.odszkodowania.info.pl\/?p=1582"},"modified":"2012-05-23T21:27:39","modified_gmt":"2012-05-23T20:27:39","slug":"policja-i-prokuratura-beda-placic-sprawa-uchodzcy","status":"publish","type":"post","link":"https:\/\/www.odszkodowania.info.pl\/?p=1582","title":{"rendered":"Policja i prokuratura b\u0119d\u0105 p\u0142aci\u0107? Sprawa uchod\u017acy"},"content":{"rendered":"<p>Polska policja i prokuratura naruszy\u0142y moje dobra osobiste &#8211; tak twierdzi obywatelka Rosji ubiegaj\u0105ca si\u0119 w Polsce o status uchod\u017acy. Z\u0142o\u017cy\u0142a w s\u0105dzie pozew o 205 tysi\u0119cy zado\u015b\u0107uczynienia. W ca\u0142ej sprawie chodzi o \u015bmier\u0107 jej m\u0119\u017ca: nie dosta\u0142a \u017cadnej oficjalnej informacji, nie powiadomiono jej o wynikach sekcji zw\u0142ok. Zarzut\u00f3w jest wi\u0119cej &#8211; teraz b\u0119dzie je musia\u0142 zweryfikowa\u0107 S\u0105d Okr\u0119gowy w Lublinie, do kt\u00f3rego trafi\u0142 pozew w tej sprawie.<\/p>\n<p><strong>Dlaczego nie poinformowano Yakhity o \u015bmierci m\u0119\u017ca?<\/strong><\/p>\n<p>Sprawa dotyczy wydarze\u0144 z 2007 roku. Obywatele Rosji, pani Yakhita i jej m\u0105\u017c, starali si\u0119 w Polsce o status uchod\u017acy. Mieszkali w O\u015brodku dla Uchod\u017ac\u00f3w przy ul. Wro\u0144skiej w Lublinie. M\u0119\u017cczyzna nie m\u00f3g\u0142 znale\u017a\u0107 pracy, wi\u0119c 28 wrze\u015bnia 2007 roku pojecha\u0142 do Warszawy szuka\u0107 jakiego\u015b zaj\u0119cia. By\u0142 um\u00f3wiony z \u017con\u0105, \u017ce zadzwoni. Telefonu nie by\u0142o, wi\u0119c kobieta zawiadomi\u0142a policj\u0119; twierdzi, \u017ce zrobi\u0142a to w ci\u0105gu trzech dni od jego wyj\u015bcia z domu.<\/p>\n<p>Jak wynika z pozwu, czynno\u015bci poszukiwawcze rozpocz\u0119to jednak dopiero 8 pa\u017adziernika. &#8222;Mimo pr\u00f3\u015bb i ponagle\u0144 z mojej strony&#8221; &#8211; czytamy w pozwie. Kobieta utrzymuje, \u017ce m\u00f3wi\u0142a w Lublinie na komisariacie, \u017ce m\u0105\u017c pojecha\u0142 do Warszawy szuka\u0107 pracy. &#8222;Ale policjant za\u0142o\u017cy\u0142, \u017ce najprawdopodobniej m\u0105\u017c wyjecha\u0142 za granic\u0119 i nie przekazano innym komisariatom w kraju informacji na temat zagini\u0119cia&#8221; &#8211; dowodzi.<\/p>\n<p><strong>Informacja o tragedii dzi\u0119ki znajomym<\/strong><\/p>\n<p>Pani Yakhita w pomoc w poszukiwaniu m\u0119\u017ca zaanga\u017cowa\u0142a znajomych. To oni w Zak\u0142adzie Medycyny S\u0105dowej w Warszawie, w wyniku kilku splot\u00f3w wydarze\u0144, odnale\u017ali zw\u0142oki m\u0119\u017cczyzny. Do dzi\u015b nie wiadomo, co si\u0119 sta\u0142o, dlaczego zmar\u0142, w jakich okoliczno\u015bciach.<\/p>\n<p>Rosjanka twierdzi, \u017ce nie powiadomiono jej o \u015bmierci m\u0119\u017ca ani o wynikach sekcji zw\u0142ok, mimo \u017ce m\u0119\u017cczyzna mia\u0142 przy sobie paszport i przepustk\u0119 z O\u015brodka dla Uchod\u017ac\u00f3w, a w przepustce &#8211; dane \u017cony. Dlaczego nikt jej oficjalnie nie poinformowa\u0142 o \u015bmierci? &#8222;Wobec faktu, \u017ce Pani przed nami wesz\u0142a w posiadanie informacji dotycz\u0105cych zgonu m\u0119\u017ca 'bezcelowym&#8217; by\u0142o ponowne informowanie o znanych faktach&#8221; &#8211; czytamy w pi\u015bmie policji z 2010 roku.<\/p>\n<p>&#8211; Pow\u00f3dka utrzymuje, \u017ce dopiero po p\u00f3\u0142tora roku zosta\u0142a uznana przez prokuratur\u0119 warszawsk\u0105 jako osoba pokrzywdzona, strona post\u0119powania &#8211; m\u00f3wi s\u0119dzia Artur Ozimek, rzecznik S\u0105du Okr\u0119gowego w Lublinie. &#8211; O tym, czy tak by\u0142o, rozstrzygnie s\u0105d &#8211; zastrzega s\u0119dzia.<\/p>\n<p><strong>Naruszono szereg d\u00f3br osobistych?<\/strong><\/p>\n<p>Pow\u00f3dka dowodzi w pozwie, \u017ce naruszono m.in. jej godno\u015b\u0107, ale tak\u017ce prawo strony post\u0119powania do rzetelnego procesu. Komisariat Kolejowy w pi\u015bmie z lutego 2011 roku wys\u0142a\u0142 do Rosjanki pismo z przeprosinami.<\/p>\n<p>&#8222;Komisariat podczas wykonywania czynno\u015bci w tym post\u0119powaniu nie posiada\u0142 informacji o cz\u0142onkach rodziny zmar\u0142ego i o tym, \u017ce Pani jest jego \u017con\u0105. Tak\u0105 informacj\u0119 uzyska\u0142 dopiero w dalszym toku prowadzonego \u015bledztwa, dlatego te\u017c obecnie przepraszamy Pani\u0105 za zaistnia\u0142\u0105 sytuacj\u0119&#8221;.<\/p>\n<p><strong>Prawo uchod\u017acy do bezpiecze\u0144stwa<\/strong><\/p>\n<p>Jest jeszcze co\u015b. Zdaniem pow\u00f3dki naruszone zosta\u0142o te\u017c &#8222;prawo uchod\u017acy do bezpiecze\u0144stwa osobistego na terenie pa\u0144stwa schronienia&#8221;. Chodzi o to, \u017ce policjanci z komisariatu kolejowego w Warszawie w pi\u015bmie do ambasady rosyjskiej ujawnili dane cudzoziemca obj\u0119te tajemnic\u0105. Napisali do ambasady z pro\u015bb\u0105 o ustalenie i powiadomienie rodziny zmar\u0142ego (cho\u0107 w dokumentach, kt\u00f3re mia\u0142 przy sobie zmar\u0142y, mia\u0142y by\u0107 dane pani Yakhity). &#8222;Staraj\u0105c si\u0119 o status uchod\u017acy, oboje z m\u0119\u017cem nie chcieli\u015bmy, by kraj pochodzenia wiedzia\u0142 o wszcz\u0119tym post\u0119powaniu [o status uchod\u017acy &#8211; przyp. red.] i zna\u0142 miejsce naszego pobytu&#8221; &#8211; pisze w pozwie.<\/p>\n<p><strong>Dlaczego ujawniono ich dane?<\/strong><\/p>\n<p>Zdaniem zajmuj\u0105cego si\u0119 problematyk\u0105 praw cz\u0142owieka prof. Grzegorza Janusza z Uniwersytetu Marii Curie-Sk\u0142odowskiej w Lublinie, nikt nie powinien ujawnia\u0107 danych uchod\u017acy.<\/p>\n<p>&#8211; Informowanie przedstawicielstw dyplomatycznych danego pa\u0144stwa jest rzecz\u0105 niew\u0142a\u015bciw\u0105, bo przecie\u017c ten uchod\u017aca chce unikn\u0105\u0107 kontaktu ze s\u0142u\u017cbami dyplomatycznymi pa\u0144stwa, kt\u00f3rego jest obywatelem &#8211; m\u00f3wi profesor. Jak dodaje, dane ujawnia si\u0119 w wyj\u0105tkowych wypadkach, np. gdy uchod\u017aca pope\u0142nia powa\u017cne przest\u0119pstwo. Tu takich okoliczno\u015bci nie by\u0142o.<\/p>\n<p><strong>&#8222;Do dzi\u015b nie mog\u0119 do siebie doj\u015b\u0107&#8221;<\/strong><\/p>\n<p>Kobieta wyst\u0105pi\u0142a z pozwem o zap\u0142at\u0119 tytu\u0142em zado\u015b\u0107uczynienia za doznan\u0105 krzywd\u0119 i naruszenie d\u00f3br osobistych. Chce 205 tysi\u0119cy z\u0142otych.<\/p>\n<p>Jak dowodzi, do dzi\u015b nie mo\u017ce sobie poradzi\u0107 po tym, co si\u0119 sta\u0142o. Ma 5-letniego syna, pozosta\u0142a bez \u015brodk\u00f3w do \u017cycia, bo m\u0105\u017c pracowa\u0142 dorywczo. Jak czytamy w pozwie, dozna\u0142a ci\u0119\u017ckiego rozstroju zdrowia, to m.in. stany l\u0119kowe, depresja.<\/p>\n<p>Rosjanka pozwa\u0142a Komend\u0119 Miejsk\u0105 w Lublinie, komend\u0119 sto\u0142eczn\u0105 i prokuratur\u0119. Nieoficjalnie wiemy, \u017ce policja do winy si\u0119 nie poczuwa i prawdopodobnie b\u0119dzie wnosi\u0107 o odrzucenie pozwu.<\/p>\n<p>Pierwsza rozprawa 12 czerwca.<\/p>\n<p>gazeta.pl<\/p>\n","protected":false},"excerpt":{"rendered":"<p>Polska policja i prokuratura naruszy\u0142y moje dobra osobiste &#8211; tak twierdzi obywatelka Rosji ubiegaj\u0105ca si\u0119 w Polsce o status uchod\u017acy. Z\u0142o\u017cy\u0142a w s\u0105dzie pozew o 205 tysi\u0119cy zado\u015b\u0107uczynienia. W ca\u0142ej sprawie chodzi o \u015bmier\u0107 jej m\u0119\u017ca: nie dosta\u0142a \u017cadnej oficjalnej informacji, nie powiadomiono jej o wynikach sekcji zw\u0142ok. Zarzut\u00f3w jest wi\u0119cej &#8211; teraz b\u0119dzie je [&hellip;]<\/p>\n","protected":false},"author":2,"featured_media":0,"comment_status":"open","ping_status":"open","sticky":false,"template":"","format":"standard","meta":{"footnotes":""},"categories":[8],"tags":[12,13],"class_list":["post-1582","post","type-post","status-publish","format-standard","hentry","category-aktualnosci","tag-odszkodowanie","tag-zadoscuczynienie"],"_links":{"self":[{"href":"https:\/\/www.odszkodowania.info.pl\/index.php?rest_route=\/wp\/v2\/posts\/1582","targetHints":{"allow":["GET"]}}],"collection":[{"href":"https:\/\/www.odszkodowania.info.pl\/index.php?rest_route=\/wp\/v2\/posts"}],"about":[{"href":"https:\/\/www.odszkodowania.info.pl\/index.php?rest_route=\/wp\/v2\/types\/post"}],"author":[{"embeddable":true,"href":"https:\/\/www.odszkodowania.info.pl\/index.php?rest_route=\/wp\/v2\/users\/2"}],"replies":[{"embeddable":true,"href":"https:\/\/www.odszkodowania.info.pl\/index.php?rest_route=%2Fwp%2Fv2%2Fcomments&post=1582"}],"version-history":[{"count":1,"href":"https:\/\/www.odszkodowania.info.pl\/index.php?rest_route=\/wp\/v2\/posts\/1582\/revisions"}],"predecessor-version":[{"id":1583,"href":"https:\/\/www.odszkodowania.info.pl\/index.php?rest_route=\/wp\/v2\/posts\/1582\/revisions\/1583"}],"wp:attachment":[{"href":"https:\/\/www.odszkodowania.info.pl\/index.php?rest_route=%2Fwp%2Fv2%2Fmedia&parent=1582"}],"wp:term":[{"taxonomy":"category","embeddable":true,"href":"https:\/\/www.odszkodowania.info.pl\/index.php?rest_route=%2Fwp%2Fv2%2Fcategories&post=1582"},{"taxonomy":"post_tag","embeddable":true,"href":"https:\/\/www.odszkodowania.info.pl\/index.php?rest_route=%2Fwp%2Fv2%2Ftags&post=1582"}],"curies":[{"name":"wp","href":"https:\/\/api.w.org\/{rel}","templated":true}]}}