{"id":1638,"date":"2012-07-21T21:37:20","date_gmt":"2012-07-21T20:37:20","guid":{"rendered":"http:\/\/www.odszkodowania.info.pl\/?p=1638"},"modified":"2012-07-21T21:37:20","modified_gmt":"2012-07-21T20:37:20","slug":"biznesmen-chce-milionow-odszkodowania-za-bledy-prokuratury","status":"publish","type":"post","link":"https:\/\/www.odszkodowania.info.pl\/?p=1638","title":{"rendered":"Biznesmen chce milion\u00f3w odszkodowania za b\u0142\u0119dy prokuratury"},"content":{"rendered":"<p>Trzech milion\u00f3w z\u0142otych zado\u015b\u0107uczynienia \u017c\u0105da od skarbu pa\u0144stwa biznesmen Krzysztof Sta\u0144ko z Turawy. &#8211; Za to, \u017ce prokuratura wierz\u0105c na s\u0142owo trefnemu \u015bwiadkowi koronnemu zrobi\u0142a ze mnie kr\u00f3la narkotyk\u00f3w i pos\u0142a\u0142a na 27 miesi\u0119cy do wi\u0119zienia &#8211; m\u00f3wi. I dodaje, \u017ce na zado\u015b\u0107uczynieniu nie poprzestanie<br \/>\n&#8211; To by\u0142 dla mnie i dla mojej rodziny koszmar. Ju\u017c od samego pocz\u0105tku, gdy antyterrory\u015bci wpadli do mojego o\u015brodka wypoczynkowego, zastrzelili psa, a c\u00f3rce przystawili luf\u0119 karabinu do skroni &#8211; opowiada Sta\u0144ko.<\/p>\n<p><strong>Dowod\u00f3w brak, ale i tak oskar\u017caj\u0105<\/strong><\/p>\n<p>Przypomnijmy, \u017ce w 2002 r. postawiono mu zarzuty masowej produkcji amfetaminy na rynek niemiecki, prowadzonej w jego o\u015brodku wypoczynkowym w Turawie pod Opolem. Zeznania takie z\u0142o\u017cy\u0142 skruszony \u0142\u00f3dzki gangster Macieja B., ps. Gruby, z grupy zajmuj\u0105cej si\u0119 wy\u0142udzeniami i rozbojami, kt\u00f3ry uzyska\u0142 status \u015bwiadka koronnego.<\/p>\n<p>Opr\u00f3cz jego zezna\u0144 prokuratura nie mia\u0142a \u017cadnych innych dowod\u00f3w na to, \u017ce w o\u015brodku produkowano amfetamin\u0119. Nawet kosztowne szczeg\u00f3\u0142owe analizy przeprowadzone przez laboratorium kryminalistycznym nie wykaza\u0142y \u015bladu narkotyk\u00f3w w o\u015brodku Sta\u0144ki.<\/p>\n<p>Katowicka prokuratura, kt\u00f3ra prowadzi\u0142a spraw\u0119, zdecydowa\u0142a si\u0119 jednak oskar\u017cy\u0107 biznesmena. Mimo, \u017ce Gruby by\u0142 wcze\u015bniej skazany za wy\u0142udzenia pieni\u0119dzy od rodzin os\u00f3b, przeciwko kt\u00f3rym sk\u0142ada\u0142 zeznania. Obiecywa\u0142 im, \u017ce za pieni\u0105dze zeznania wycofa.<\/p>\n<p>Katowiccy prokuratorzy w trakcie procesu twierdzili, \u017ce Gruby jest wiarygodny, bo wyda\u0142 kompan\u00f3w z gangu.<\/p>\n<p>Z kolei podczas procesu Krzysztofa Sta\u0144ki notorycznie &#8211; mimo wezwa\u0144 s\u0105du &#8211; nie stawia\u0142 si\u0119 na rozprawie, wi\u0119c w ko\u0144cu s\u0105d wyda\u0142 nakaz aresztowania \u015bwiadka koronnego. A po wys\u0142uchaniu jego rewelacji uzna\u0142 go za kompletnie niewiarygodnego, a jego zeznania za niesp\u00f3jne, niekonsekwentne i odstaj\u0105ce od zgromadzonego w aktach materia\u0142u dowodowego. W styczniu br. s\u0105d oczy\u015bci\u0142 Sta\u0144k\u0119. Katowicka prokuratura odwo\u0142a\u0142a si\u0119 od tego wyroku, ale s\u0105d apelacyjny w maju prawomocnie biznesmena uniewinni\u0142.<\/p>\n<p><strong>Biznesmen walczy o miliony<\/strong><\/p>\n<p>Teraz Sta\u0144ko pozywa skarb pa\u0144stwa o zado\u015b\u0107uczynienie za doznane krzywdy. &#8211; Nie tylko za to, co przesiedzia\u0142em nies\u0142usznie za kratkami, ale te\u017c za to, \u017ce de facto przez te 10 lat trwania sprawy zosta\u0142em faktycznie pozbawiony praw obywatelskich &#8211; m\u00f3wi biznesmen. Bo nawet jak nie siedzia\u0142 w areszcie, to musia\u0142 co tydzie\u0144 stawia\u0107 si\u0119 na komisariacie, nie m\u00f3g\u0142 nigdzie wyje\u017cd\u017ca\u0107.<\/p>\n<p>&#8211; Nie mog\u0142em sobie pozwoli\u0107 na swobod\u0119 jak\u0105 mia\u0142 na przyk\u0142ad m\u00f3j s\u0105siad &#8211; kwituje Sta\u0144ko.<\/p>\n<p>B\u0119dzie domaga\u0142 si\u0119 trzech milion\u00f3w zado\u015b\u0107uczynienia. Jego pe\u0142nomocnik w pozwie przytacza przyk\u0142ady spraw, w kt\u00f3rych s\u0105dy za znacznie kr\u00f3tszy okres nies\u0142usznego tymczasowego aresztowania przyznawa\u0142y po kilkaset tys. z\u0142otych.<\/p>\n<p>&#8211; Dzi\u015b s\u0105dy zaczynaj\u0105 przyznawa\u0107 kwoty adekwatne do poniesionych cierpie\u0144 rozumiej\u0105c, \u017ce pa\u0144stwo musi ponosi\u0107 odpowiedzialno\u015b\u0107 za pomy\u0142ki organ\u00f3w \u015bcigania &#8211; zauwa\u017ca mec. Mariusz Orli\u0144ski.<\/p>\n<p><strong>Zado\u015b\u0107uczynienie to nie koniec<\/strong><\/p>\n<p>Gdy tylko zako\u0144czy si\u0119 sprawa o zado\u015b\u0107uczynienie wyst\u0105pi z pozwem o odszkodowanie, czyli o wyr\u00f3wnanie strat, kt\u00f3re biznesmen poni\u00f3s\u0142 w zwi\u0105zku z zatrzymaniem i 10-letnim procesem. &#8211; Wyka\u017cemy ile Krzysztof Sta\u0144ko posiada\u0142 przed zatrzymaniem, a ile teraz. Ale nie ograniczymy si\u0119 tylko do wyliczenia straty, jak\u0105 poni\u00f3s\u0142. Wyliczymy te\u017c, ile nie zarobi\u0142 b\u0119d\u0105c w areszcie, a p\u00f3\u017aniej broni\u0105c si\u0119 przed bezpodstawnym oskar\u017ceniem.<\/p>\n<p>Tymczasem, jak si\u0119 dowiadujemy, katowicka prokuratura z\u0142o\u017cy\u0142a skarg\u0119 kasacyjn\u0105 do S\u0105du Najwy\u017cszego, ale nie co do zarzut\u00f3w o produkcj\u0119 narkotyk\u00f3w przez Sta\u0144k\u0119, tylko o nieprawid\u0142owe rozliczanie faktur, co by\u0142o pobocznym w\u0105tkiem procesu, a od czego biznesmen r\u00f3wnie\u017c zosta\u0142 uniewinniony.<\/p>\n<p>gazeta.pl<\/p>\n","protected":false},"excerpt":{"rendered":"<p>Trzech milion\u00f3w z\u0142otych zado\u015b\u0107uczynienia \u017c\u0105da od skarbu pa\u0144stwa biznesmen Krzysztof Sta\u0144ko z Turawy. &#8211; Za to, \u017ce prokuratura wierz\u0105c na s\u0142owo trefnemu \u015bwiadkowi koronnemu zrobi\u0142a ze mnie kr\u00f3la narkotyk\u00f3w i pos\u0142a\u0142a na 27 miesi\u0119cy do wi\u0119zienia &#8211; m\u00f3wi. I dodaje, \u017ce na zado\u015b\u0107uczynieniu nie poprzestanie &#8211; To by\u0142 dla mnie i dla mojej rodziny koszmar. [&hellip;]<\/p>\n","protected":false},"author":2,"featured_media":0,"comment_status":"open","ping_status":"open","sticky":false,"template":"","format":"standard","meta":{"footnotes":""},"categories":[8],"tags":[12],"class_list":["post-1638","post","type-post","status-publish","format-standard","hentry","category-aktualnosci","tag-odszkodowanie"],"_links":{"self":[{"href":"https:\/\/www.odszkodowania.info.pl\/index.php?rest_route=\/wp\/v2\/posts\/1638","targetHints":{"allow":["GET"]}}],"collection":[{"href":"https:\/\/www.odszkodowania.info.pl\/index.php?rest_route=\/wp\/v2\/posts"}],"about":[{"href":"https:\/\/www.odszkodowania.info.pl\/index.php?rest_route=\/wp\/v2\/types\/post"}],"author":[{"embeddable":true,"href":"https:\/\/www.odszkodowania.info.pl\/index.php?rest_route=\/wp\/v2\/users\/2"}],"replies":[{"embeddable":true,"href":"https:\/\/www.odszkodowania.info.pl\/index.php?rest_route=%2Fwp%2Fv2%2Fcomments&post=1638"}],"version-history":[{"count":1,"href":"https:\/\/www.odszkodowania.info.pl\/index.php?rest_route=\/wp\/v2\/posts\/1638\/revisions"}],"predecessor-version":[{"id":1639,"href":"https:\/\/www.odszkodowania.info.pl\/index.php?rest_route=\/wp\/v2\/posts\/1638\/revisions\/1639"}],"wp:attachment":[{"href":"https:\/\/www.odszkodowania.info.pl\/index.php?rest_route=%2Fwp%2Fv2%2Fmedia&parent=1638"}],"wp:term":[{"taxonomy":"category","embeddable":true,"href":"https:\/\/www.odszkodowania.info.pl\/index.php?rest_route=%2Fwp%2Fv2%2Fcategories&post=1638"},{"taxonomy":"post_tag","embeddable":true,"href":"https:\/\/www.odszkodowania.info.pl\/index.php?rest_route=%2Fwp%2Fv2%2Ftags&post=1638"}],"curies":[{"name":"wp","href":"https:\/\/api.w.org\/{rel}","templated":true}]}}