{"id":164,"date":"2009-02-21T17:18:31","date_gmt":"2009-02-21T16:18:31","guid":{"rendered":"http:\/\/www.odszkodowania.info.pl\/?p=164"},"modified":"2009-02-21T17:18:31","modified_gmt":"2009-02-21T16:18:31","slug":"stolica-wciaz-walczy-o-odszkodowanie-za-budowe-hali-na-ursynowie","status":"publish","type":"post","link":"https:\/\/www.odszkodowania.info.pl\/?p=164","title":{"rendered":"Stolica wci\u0105\u017c walczy o odszkodowanie za budow\u0119 hali na Ursynowie"},"content":{"rendered":"<p>Kontrola Ratusza ujawni\u0142a zaniedbania w sprawie budowy hali, si\u0119gaj\u0105ce dw\u00f3ch kadencji wstecz. Za zaistnia\u0142\u0105 sytuacj\u0119 odpowiedzialno\u015b\u0107 ponosz\u0105 g\u0142\u00f3wnie poprzednie w\u0142adze &#8211; oceni\u0142 Jakubiak.<\/p>\n<p>Jak przypomnia\u0142, odbioru hali dokonano w grudniu 2005 r., 766 dni po przewidzianym w umowie terminie, ale poniewa\u017c wykonawca prowadzi\u0142 w hali jeszcze prace budowlane, to faktyczne oddanie hali do u\u017cytku nast\u0105pi\u0142o w marcu 2007 r.<\/p>\n<div>\n<div id=\"banP62\"><script type=\"text\/javascript\">putBan(62);<\/script><\/div>\n<\/div>\n<p>Zdaniem wiceprezydenta odst\u0105pienie od umowy i pobranie kar umownych by\u0142o mo\u017cliwe ju\u017c w 2005 r., jednak z \u017c\u0105daniem wyp\u0142aty blisko 75 mln z\u0142 w\u0142adze Ursynowa wyst\u0105pi\u0142y pod koniec 2006 r. Kilka miesi\u0119cy p\u00f3\u017aniej, na zgodny wniosek stron, zdecydowano o zawieszeniu tego post\u0119powania.<\/p>\n<p>W 2008 r. s\u0105d wznowi\u0142 post\u0119powanie i uzna\u0142 w\u00f3wczas, \u017ce to sprawa gospodarcza, a nie cywilna, i zgodnie z przepisami, uleg\u0142a ona przedawnieniu.<\/p>\n<p>Na pocz\u0105tku stycznia sto\u0142eczna &#8222;Gazeta Wyborcza&#8221; napisa\u0142a, \u017ce miasto straci\u0142o szanse na wyegzekwowanie kar umownych za nieterminowe wybudowanie hali sportowo-widowiskowej na Ursynowie, poniewa\u017c urz\u0119dnicy zbyt p\u00f3\u017ano z\u0142o\u017cyli pisma procesowe i sprawa przedawni\u0142a si\u0119.<\/p>\n<p>Umow\u0119 na budow\u0119 hali w\u0142adze Ursynowa podpisa\u0142y z firm\u0105 Mostostal- Export w 2000 roku; hala mia\u0142a by\u0107 gotowa pod koniec 2003 r.<\/p>\n<p>PAP<\/p>\n","protected":false},"excerpt":{"rendered":"<p>Nadal nie jest zamkni\u0119ta sprawa si\u0119gaj\u0105cego ok. 75 mln z\u0142 odszkodowania za nieterminowe doko\u0144czenie budowy hali sportowej na warszawskim Ursynowie. Brak prawomocnego orzeczenia s\u0105du. Tak\u0105 informacj\u0119 przedstawi\u0142 w czwartek sto\u0142ecznym radnym wiceprezydent Warszawy Andrzej Jakubiak. <\/p>\n","protected":false},"author":2,"featured_media":0,"comment_status":"open","ping_status":"open","sticky":false,"template":"","format":"standard","meta":{"footnotes":""},"categories":[8],"tags":[52,12],"class_list":["post-164","post","type-post","status-publish","format-standard","hentry","category-aktualnosci","tag-kara-umowna","tag-odszkodowanie"],"_links":{"self":[{"href":"https:\/\/www.odszkodowania.info.pl\/index.php?rest_route=\/wp\/v2\/posts\/164","targetHints":{"allow":["GET"]}}],"collection":[{"href":"https:\/\/www.odszkodowania.info.pl\/index.php?rest_route=\/wp\/v2\/posts"}],"about":[{"href":"https:\/\/www.odszkodowania.info.pl\/index.php?rest_route=\/wp\/v2\/types\/post"}],"author":[{"embeddable":true,"href":"https:\/\/www.odszkodowania.info.pl\/index.php?rest_route=\/wp\/v2\/users\/2"}],"replies":[{"embeddable":true,"href":"https:\/\/www.odszkodowania.info.pl\/index.php?rest_route=%2Fwp%2Fv2%2Fcomments&post=164"}],"version-history":[{"count":2,"href":"https:\/\/www.odszkodowania.info.pl\/index.php?rest_route=\/wp\/v2\/posts\/164\/revisions"}],"predecessor-version":[{"id":166,"href":"https:\/\/www.odszkodowania.info.pl\/index.php?rest_route=\/wp\/v2\/posts\/164\/revisions\/166"}],"wp:attachment":[{"href":"https:\/\/www.odszkodowania.info.pl\/index.php?rest_route=%2Fwp%2Fv2%2Fmedia&parent=164"}],"wp:term":[{"taxonomy":"category","embeddable":true,"href":"https:\/\/www.odszkodowania.info.pl\/index.php?rest_route=%2Fwp%2Fv2%2Fcategories&post=164"},{"taxonomy":"post_tag","embeddable":true,"href":"https:\/\/www.odszkodowania.info.pl\/index.php?rest_route=%2Fwp%2Fv2%2Ftags&post=164"}],"curies":[{"name":"wp","href":"https:\/\/api.w.org\/{rel}","templated":true}]}}