{"id":1676,"date":"2012-08-26T20:29:54","date_gmt":"2012-08-26T19:29:54","guid":{"rendered":"http:\/\/www.odszkodowania.info.pl\/?p=1676"},"modified":"2012-08-26T20:29:54","modified_gmt":"2012-08-26T19:29:54","slug":"euco-chce-wejsc-do-rumunii-w-iv-kw-za-kilka-lat-rynek-moze-miec-istotny-wplyw-na-wyniki-grupy","status":"publish","type":"post","link":"https:\/\/www.odszkodowania.info.pl\/?p=1676","title":{"rendered":"EuCO chce wej\u015b\u0107 do Rumunii w IV kw.; za kilka lat rynek mo\u017ce mie\u0107 istotny wp\u0142yw na wyniki grupy"},"content":{"rendered":"<p>Europejskie Centrum Odszkodowa\u0144 (EuCO) chce w czwartym kwartale 2012 roku wej\u015b\u0107 na rynek rumu\u0144ski i liczy, \u017ce w perspektywie kilku lat b\u0119dzie mia\u0142 on istotny wp\u0142yw na wyniki grupy &#8211; poinformowa\u0142 na spotkaniu z dziennikarzami wiceprezes Adam Wszo\u0142ek.<\/p>\n<p>&#8222;Do ko\u0144ca roku planujemy wej\u015b\u0107 na rynek rumu\u0144ski i mamy nadziej\u0119, \u017ce w perspektywie kilku lat b\u0119dzie do\u015b\u0107 istotnie wa\u017cy\u0142 w wynikach grupy, wi\u0119cej ni\u017c Czechy, bo jest to wi\u0119kszy kraj, ale na razie nie mamy szacunk\u00f3w ile to mo\u017ce by\u0107. Domykamy proces przygotowawczy i w czwartym kwartale chcemy tam otworzy\u0107 sp\u00f3\u0142k\u0119&#8221; &#8211; powiedzia\u0142 Wszo\u0142ek.<\/p>\n<p>Doda\u0142, \u017ce grupa EuCO, kt\u00f3ra prowadzi obecnie dzia\u0142alno\u015b\u0107 na S\u0142owacji, w Czechach i na W\u0119grzech, mo\u017ce zacz\u0105\u0107 prawdopodobnie w tym roku konsolidowa\u0107 wyniki sp\u00f3\u0142ki w\u0119gierskiej (aby by\u0142o to mo\u017cliwe musi by\u0107 spe\u0142niony warunek istotno\u015bci &#8211; co najmniej 10-proc. udzia\u0142 przychodowo-kapita\u0142owy sp\u00f3\u0142ki konsolidowanej), za\u015b s\u0142owacka sp\u00f3\u0142ka by\u0107 mo\u017ce poka\u017ce w tym roku wynik dodatni.<\/p>\n<p>&#8222;Czechy s\u0105 ju\u017c konsolidowane i jest to ok. 15 proc. wyniku. W\u0119gry pokaza\u0142y wynik dodatni w pierwszym p\u00f3\u0142roczu, ale jeszcze nie s\u0105 konsolidowane, bo nie wa\u017c\u0105 jeszcze 10 proc. w wynikach, ale by\u0107 mo\u017ce b\u0119dzie to ju\u017c konsolidowane w tym roku&#8221; &#8211; poinformowa\u0142.<\/p>\n<p>Doda\u0142, \u017ce grupa chce doko\u0144czy\u0107 restrukturyzacj\u0119 dzia\u0142u sprzeda\u017cy w Czechach i powr\u00f3ci\u0107 do wzrostowej dynamiki wynik\u00f3w czeskiej sp\u00f3\u0142ki.<\/p>\n<p>&#8222;Chcemy wr\u00f3ci\u0107 do dynamiki wzrostu sprzed roku-dw\u00f3ch, gdy by\u0142a dwucyfrowa&#8221; &#8211; powiedzia\u0142.<\/p>\n<p>Wszo\u0142ek powiedzia\u0142 te\u017c, \u017ce grupa b\u0119dzie si\u0119 dalej koncentrowa\u0107 na wzro\u015bcie udzia\u0142u roszcze\u0144 zg\u0142aszanych bezpo\u015brednio na drog\u0119 s\u0105dow\u0105 ni\u017c roszcze\u0144 przeds\u0105dowych, poniewa\u017c tryb s\u0105dowy jest bardziej skuteczny i bardziej rentowny, a co za tym idzie b\u0119d\u0105 systematycznie ros\u0142y inwestycje w nowe sprawy (w postaci koszt\u00f3w z\u0142o\u017cenia pozw\u00f3w za klient\u00f3w) oraz rozwijane b\u0119d\u0105 struktury sp\u00f3\u0142ki zale\u017cnej, Kancelarii Radc\u00f3w Prawnych EuCO.<\/p>\n<p>&#8222;Mar\u017ca na poziomie przeds\u0105dowym wynosi ok. 25 proc., a na poziomie s\u0105dowym 30 proc.&#8221; &#8211; wyja\u015bni\u0142 wiceprezes.<\/p>\n<p>Grupa jest te\u017c gotowa do wprowadzenia nowych projekt\u00f3w, ale wiceprezes nie chcia\u0142 zdradza\u0107 szczeg\u00f3\u0142\u00f3w.<\/p>\n<p>&#8222;Pracowali\u015bmy nad dwoma projektami, kt\u00f3re s\u0105 nastawione na zwi\u0119kszenie mar\u017cowo\u015bci i rentowno\u015bci. S\u0105 to przedsi\u0119wzi\u0119cia natury biznesowej, ale na razie nie chc\u0119 m\u00f3wi\u0107 o szczeg\u00f3\u0142ach&#8221; &#8211; powiedzia\u0142 Wszo\u0142ek.<\/p>\n<p>Wszo\u0142ek powiedzia\u0142 te\u017c, \u017ce EuCO b\u0119dzie si\u0119 raczej rozwija\u0107 organicznie, poniewa\u017c na polskim rynku brak jest podmiot\u00f3w z bran\u017cy odszkodowawczej do przej\u0119cia.<\/p>\n<p>Grupa EuCO osi\u0105gn\u0119\u0142a w pierwszym p\u00f3\u0142roczu 2012 roku 6,6 mln z\u0142 zysku netto (a zysk netto skorygowany o efekt tarczy podatkowej z tytu\u0142u amortyzacji znaku towarowego wyni\u00f3s\u0142 3,3 mln z\u0142), czyli o 116 proc. wi\u0119cej rdr, zysk operacyjny wyni\u00f3s\u0142 3,7 mln z\u0142, a przychody wzros\u0142y o 18 proc. do 18,1 mln z\u0142.<\/p>\n<p>&#8222;Wynik netto pierwszego p\u00f3\u0142rocza, jest bliski wynikowi ca\u0142ego 2011 roku, gdy wyni\u00f3s\u0142 7 mln z\u0142, cho\u0107 znaczna cz\u0119\u015b\u0107 wyniku netto &#8211; 3,3 mln z\u0142 &#8211; to efekt tarczy podatkowej, ale to by\u0142y celowe dzia\u0142ania sp\u00f3\u0142ki&#8221; &#8211; powiedzia\u0142 wiceprezes.<\/p>\n<p>Warto\u015b\u0107 zg\u0142oszonych przez grup\u0119 EuCO roszcze\u0144 do towarzystw ubezpieczeniowych w pierwszym p\u00f3\u0142roczu wynios\u0142a 186 mln z\u0142, czyli by\u0142a o 86 proc. wy\u017csza ni\u017c rok wcze\u015bniej. Wp\u0142ywy got\u00f3wkowe z tytu\u0142u uzyskanych roszcze\u0144 odszkodowawczych wynios\u0142y 56 mln z\u0142, czyli o 24 proc. wi\u0119cej rdr.<\/p>\n<p>Sp\u00f3\u0142ka zale\u017cna EuCO, Kancelaria Radc\u00f3w Prawnych EuCO, zanotowa\u0142a 1,1 mln z\u0142 zysku netto (pi\u0119ciokrotny wzrost rdr), 4,5 mln z\u0142 przychod\u00f3w oraz blisko 110 mln z\u0142 warto\u015bci spraw w toku w s\u0105dzie na koniec p\u00f3\u0142rocza (wzrost o 91 proc. w stosunku do ko\u0144ca 2011 roku).<\/p>\n<p>EuCO zajmuje si\u0119 \u015bwiadczeniem us\u0142ug dochodzenia roszcze\u0144 o zap\u0142at\u0119 z tytu\u0142u odszkodowania (m.in. dla os\u00f3b poszkodowanych w wypadkach komunikacyjnych, w pracy, rolnictwie, szkody rzeczowe, z tytu\u0142u utraty zdrowia, rent).(PAP)<\/p>\n<p>bas\/ asa\/<\/p>\n","protected":false},"excerpt":{"rendered":"<p>Europejskie Centrum Odszkodowa\u0144 (EuCO) chce w czwartym kwartale 2012 roku wej\u015b\u0107 na rynek rumu\u0144ski i liczy, \u017ce w perspektywie kilku lat b\u0119dzie mia\u0142 on istotny wp\u0142yw na wyniki grupy &#8211; poinformowa\u0142 na spotkaniu z dziennikarzami wiceprezes Adam Wszo\u0142ek. &#8222;Do ko\u0144ca roku planujemy wej\u015b\u0107 na rynek rumu\u0144ski i mamy nadziej\u0119, \u017ce w perspektywie kilku lat b\u0119dzie [&hellip;]<\/p>\n","protected":false},"author":2,"featured_media":0,"comment_status":"open","ping_status":"open","sticky":false,"template":"","format":"standard","meta":{"footnotes":""},"categories":[8],"tags":[75],"class_list":["post-1676","post","type-post","status-publish","format-standard","hentry","category-aktualnosci","tag-euco"],"_links":{"self":[{"href":"https:\/\/www.odszkodowania.info.pl\/index.php?rest_route=\/wp\/v2\/posts\/1676","targetHints":{"allow":["GET"]}}],"collection":[{"href":"https:\/\/www.odszkodowania.info.pl\/index.php?rest_route=\/wp\/v2\/posts"}],"about":[{"href":"https:\/\/www.odszkodowania.info.pl\/index.php?rest_route=\/wp\/v2\/types\/post"}],"author":[{"embeddable":true,"href":"https:\/\/www.odszkodowania.info.pl\/index.php?rest_route=\/wp\/v2\/users\/2"}],"replies":[{"embeddable":true,"href":"https:\/\/www.odszkodowania.info.pl\/index.php?rest_route=%2Fwp%2Fv2%2Fcomments&post=1676"}],"version-history":[{"count":1,"href":"https:\/\/www.odszkodowania.info.pl\/index.php?rest_route=\/wp\/v2\/posts\/1676\/revisions"}],"predecessor-version":[{"id":1677,"href":"https:\/\/www.odszkodowania.info.pl\/index.php?rest_route=\/wp\/v2\/posts\/1676\/revisions\/1677"}],"wp:attachment":[{"href":"https:\/\/www.odszkodowania.info.pl\/index.php?rest_route=%2Fwp%2Fv2%2Fmedia&parent=1676"}],"wp:term":[{"taxonomy":"category","embeddable":true,"href":"https:\/\/www.odszkodowania.info.pl\/index.php?rest_route=%2Fwp%2Fv2%2Fcategories&post=1676"},{"taxonomy":"post_tag","embeddable":true,"href":"https:\/\/www.odszkodowania.info.pl\/index.php?rest_route=%2Fwp%2Fv2%2Ftags&post=1676"}],"curies":[{"name":"wp","href":"https:\/\/api.w.org\/{rel}","templated":true}]}}