{"id":1708,"date":"2012-10-02T18:51:19","date_gmt":"2012-10-02T17:51:19","guid":{"rendered":"http:\/\/www.odszkodowania.info.pl\/?p=1708"},"modified":"2012-10-02T18:51:19","modified_gmt":"2012-10-02T17:51:19","slug":"brutalnie-aresztowany-domaga-sie-32-mln-zl-zadoscuczynienia","status":"publish","type":"post","link":"https:\/\/www.odszkodowania.info.pl\/?p=1708","title":{"rendered":"Brutalnie aresztowany domaga si\u0119 3,2 mln z\u0142 zado\u015b\u0107uczynienia"},"content":{"rendered":"<p>3,2 mln z\u0142 zado\u015b\u0107uczynienia za nies\u0142uszny areszt domaga si\u0119 w\u0142a\u015bciciel o\u015brodka wypoczynkowego w Turawie uniewinniony od zarzutu produkcji znacznej ilo\u015bci narkotyk\u00f3w. M\u0119\u017cczyzna, oskar\u017cony na podstawie zezna\u0144 \u015bwiadka koronnego, przebywa\u0142 w areszcie 27 miesi\u0119cy.<br \/>\nJak poinformowa\u0142a Ewa Kosowska-Korniak z biura prasowego S\u0105du Okr\u0119gowego w Opolu, wniosek o zado\u015b\u0107uczynienie i odszkodowanie wp\u0142yn\u0105\u0142 do s\u0105du we wtorek.<\/p>\n<p>W\u0142a\u015bciciel o\u015brodka Kormoran w Turawie (Opolskie) Krzysztof Sta\u0144ko (zgadza si\u0119 na podawanie danych) domaga si\u0119 od skarbu pa\u0144stwa 3,2 mln z\u0142. 2,7 mln z\u0142 ma stanowi\u0107 zado\u015b\u0107uczynienie za &#8222;niew\u0105tpliwie nies\u0142uszny&#8221; areszt, w kt\u00f3rym przebywa\u0142 27 miesi\u0119cy (od wrze\u015bnia 2003 roku do grudnia 2005 r.) oraz 500 tys. z\u0142 za pozosta\u0142e krzywdy i straty, jakich mia\u0142 dozna\u0107 w wyniku oskar\u017cenia o produkcj\u0119 du\u017cej ilo\u015bci narkotyk\u00f3w.<\/p>\n<p>Krzysztof Sta\u0144ko mia\u0142 wytwarza\u0107 du\u017ce ilo\u015bci narkotyk\u00f3w &#8211; nawet 200 kg &#8211; w swoim o\u015brodku wypoczynkowym. Katowicka prokuratura postawi\u0142a mu takie zarzuty na podstawie zezna\u0144 \u015bwiadka koronnego Macieja B. ps. Gruby.<\/p>\n<p><strong>&#8222;Czuj\u0119 si\u0119 dzi\u015b jak nowy cz\u0142owiek&#8221;<\/strong><\/p>\n<p>W styczniu 2012 r. S\u0105d Okr\u0119gowy w Opolu uniewinni\u0142 Sta\u0144k\u0119. W maju S\u0105d Apelacyjny we Wroc\u0142awiu utrzyma\u0142 wyrok. Obydwa s\u0105dy uzna\u0142y, \u017ce prokuratura nie znalaz\u0142a \u017cadnych innych dowod\u00f3w winy Sta\u0144ki &#8211; poza s\u0142owami \u015bwiadka koronnego. &#8211; Czuj\u0119 si\u0119 dzi\u015b jak nowy cz\u0142owiek. Cho\u0107 tych dziewi\u0119ciu lat gehenny nikt mi nie zwr\u00f3ci &#8211; m\u00f3wi\u0142 po wyroku wroc\u0142awskiego s\u0105du Sta\u0144ko.<\/p>\n<p>Ponad dziewi\u0119\u0107 lat temu Krzysztof Sta\u0144ko zosta\u0142 zatrzymany przez CB\u015a w swoim domu. Podczas zatrzymania funkcjonariusze zabili mu psa, a 13-letniej wtedy c\u00f3rce m\u0119\u017cczyzny przy\u0142o\u017cyli pistolet do g\u0142owy. Podczas przeszukania domu nie znale\u017ali \u017cadnych \u015blad\u00f3w narkotyk\u00f3w. Proces opolanina ruszy\u0142 dopiero w czerwcu 2010 r.<\/p>\n<p>&#8211; Pa\u0144stwo polskie nie chce z urz\u0119du \u015bciga\u0107 nierzetelnych urz\u0119dnik\u00f3w, wi\u0119c trzeba si\u0119 upomnie\u0107 o sprawiedliwo\u015b\u0107 w s\u0105dzie &#8211; stwierdzi\u0142 Sta\u0144ko, t\u0142umacz\u0105c wniosek o zado\u015b\u0107uczynienie.<\/p>\n<p>Sta\u0144ko, wraz z 17 innymi osobami z ca\u0142ego kraju, za\u0142o\u017cy\u0142 Ruch Spo\u0142eczny &#8222;Niepokonani&#8221;, kt\u00f3ry zrzesza osoby pokrzywdzone przez organy pa\u0144stwa.<\/p>\n<p><strong>Sprawa braci T.<\/strong><\/p>\n<p>Nie tylko Sta\u0144ko zosta\u0142 oskar\u017cony przez &#8222;Grubego&#8221; o przest\u0119pstwa narkotykowe. W S\u0105dzie Okr\u0119gowym w Opolu w kwietniu rozpocz\u0105\u0142 si\u0119 proces trzech braci &#8211; biznesmen\u00f3w z Olesna &#8211; kt\u00f3rych &#8222;Gruby&#8221; oskar\u017cy\u0142 o produkcj\u0119 narkotyk\u00f3w wraz z Krzysztofem Sta\u0144k\u0105. Proces braci rozpocz\u0105\u0142 si\u0119 po 7 latach od ich wyj\u015bcia z aresztu, w kt\u00f3rym ka\u017cdy z nich sp\u0119dzi\u0142 rok.<\/p>\n<p>Sprawa braci T. ruszy\u0142a, cho\u0107 &#8222;Gruby&#8221; us\u0142ysza\u0142 wyrok 7 lat pozbawienia wolno\u015bci za pr\u00f3b\u0119 wy\u0142udzenia pieni\u0119dzy od \u017con braci. Tu\u017c po tym jak Adam, Jan i Krzysztof T. trafili do aresztu, Maciej B. zaoferowa\u0142 ich \u017conom, \u017ce wycofa obci\u0105\u017caj\u0105ce ich zeznania, je\u015bli dostanie pieni\u0105dze. Kobiety wynaj\u0119\u0142y Krzysztofa Rutkowskiego i zrobi\u0142y zasadzk\u0119 na &#8222;Grubego&#8221;.<\/p>\n<p>Maciej B. dotychczas nie zosta\u0142 przes\u0142uchany w sprawie dotycz\u0105cej braci T.; prawdopodobnie przebywa za granic\u0105. Katowicka prokuratura informowa\u0142a, \u017ce \u015bwiadek koronny ma we wrze\u015bniu z\u0142o\u017cy\u0107 zeznania. Jak przekaza\u0142a Ewa Kosowska-Korniak, do takiego przes\u0142uchania nie dosz\u0142o. &#8211; Wed\u0142ug ostatnich informacji nie mo\u017cna obecnie ustali\u0107 miejsca pobytu Macieja B. &#8211; doda\u0142a Kosowska-Korniak. <\/p>\n<p>gazeta.pl<\/p>\n","protected":false},"excerpt":{"rendered":"<p>3,2 mln z\u0142 zado\u015b\u0107uczynienia za nies\u0142uszny areszt domaga si\u0119 w\u0142a\u015bciciel o\u015brodka wypoczynkowego w Turawie uniewinniony od zarzutu produkcji znacznej ilo\u015bci narkotyk\u00f3w. M\u0119\u017cczyzna, oskar\u017cony na podstawie zezna\u0144 \u015bwiadka koronnego, przebywa\u0142 w areszcie 27 miesi\u0119cy. Jak poinformowa\u0142a Ewa Kosowska-Korniak z biura prasowego S\u0105du Okr\u0119gowego w Opolu, wniosek o zado\u015b\u0107uczynienie i odszkodowanie wp\u0142yn\u0105\u0142 do s\u0105du we wtorek. W\u0142a\u015bciciel [&hellip;]<\/p>\n","protected":false},"author":2,"featured_media":0,"comment_status":"open","ping_status":"open","sticky":false,"template":"","format":"standard","meta":{"footnotes":""},"categories":[8],"tags":[13],"class_list":["post-1708","post","type-post","status-publish","format-standard","hentry","category-aktualnosci","tag-zadoscuczynienie"],"_links":{"self":[{"href":"https:\/\/www.odszkodowania.info.pl\/index.php?rest_route=\/wp\/v2\/posts\/1708","targetHints":{"allow":["GET"]}}],"collection":[{"href":"https:\/\/www.odszkodowania.info.pl\/index.php?rest_route=\/wp\/v2\/posts"}],"about":[{"href":"https:\/\/www.odszkodowania.info.pl\/index.php?rest_route=\/wp\/v2\/types\/post"}],"author":[{"embeddable":true,"href":"https:\/\/www.odszkodowania.info.pl\/index.php?rest_route=\/wp\/v2\/users\/2"}],"replies":[{"embeddable":true,"href":"https:\/\/www.odszkodowania.info.pl\/index.php?rest_route=%2Fwp%2Fv2%2Fcomments&post=1708"}],"version-history":[{"count":1,"href":"https:\/\/www.odszkodowania.info.pl\/index.php?rest_route=\/wp\/v2\/posts\/1708\/revisions"}],"predecessor-version":[{"id":1709,"href":"https:\/\/www.odszkodowania.info.pl\/index.php?rest_route=\/wp\/v2\/posts\/1708\/revisions\/1709"}],"wp:attachment":[{"href":"https:\/\/www.odszkodowania.info.pl\/index.php?rest_route=%2Fwp%2Fv2%2Fmedia&parent=1708"}],"wp:term":[{"taxonomy":"category","embeddable":true,"href":"https:\/\/www.odszkodowania.info.pl\/index.php?rest_route=%2Fwp%2Fv2%2Fcategories&post=1708"},{"taxonomy":"post_tag","embeddable":true,"href":"https:\/\/www.odszkodowania.info.pl\/index.php?rest_route=%2Fwp%2Fv2%2Ftags&post=1708"}],"curies":[{"name":"wp","href":"https:\/\/api.w.org\/{rel}","templated":true}]}}