{"id":1725,"date":"2012-10-09T22:05:04","date_gmt":"2012-10-09T21:05:04","guid":{"rendered":"http:\/\/www.odszkodowania.info.pl\/?p=1725"},"modified":"2012-10-09T22:05:04","modified_gmt":"2012-10-09T21:05:04","slug":"tyle-ile-panstwo-robi-dla-setki-ktora-zginela-w-smolensku-przekracza-wszelkie-granice-proporcji-2","status":"publish","type":"post","link":"https:\/\/www.odszkodowania.info.pl\/?p=1725","title":{"rendered":"&#8222;Tyle, ile pa\u0144stwo robi dla setki, kt\u00f3ra zgin\u0119\u0142a w Smole\u0144sku, przekracza wszelkie granice proporcji&#8221;"},"content":{"rendered":"<p>&#8211; Tysi\u0105ce ludzi odchodz\u0105, te\u017c z powod\u00f3w niezawinionych przez siebie. Jest co\u015b wyj\u0105tkowo niefajnego, nikt si\u0119 specjalnie nad tym nie pochyla i nie interesuje &#8211; m\u00f3wi\u0142 w TOK FM prof. Rados\u0142aw Markowski.<\/p>\n<p>&#8211; Uwa\u017cam, \u017ce \u017cycie i \u015bmier\u0107 cz\u0142owieka s\u0105 spraw\u0105 indywidualn\u0105. W tym przypadku (katastrofa smole\u0144ska &#8211; red.), si\u0142\u0105 rzeczy ona musia\u0142a by\u0107 upubliczniona, ale&#8230; Tyle ile my wszyscy jako podatnicy, ile pa\u0144stwo polskie na rzecz tej setki, kt\u00f3ra zgin\u0119\u0142a w katastrofie smole\u0144skiej, zrobi\u0142o i robi, po prostu przekracza wszelkie granice proporcji w stosunku do innych \u015bmierci &#8211; uwa\u017ca prof. Rados\u0142aw Markowski.<\/p>\n<p>&#8211; Tysi\u0105ce ludzi odchodz\u0105 te\u017c z powod\u00f3w niezawinionych przez siebie. Zwyk\u0142em u\u017cywa\u0107 argumentu: &#8222;profesjonalni kierowcy na \u017ale wyprofilowanych drogach&#8221;. Jest co\u015b wyj\u0105tkowo niefajnego, nikt si\u0119 specjalnie nad tym nie pochyla i nie interesuje. Mnie osobi\u015bcie to niezwykle razi &#8211; podkre\u015bla\u0142<\/p>\n<p>&#8211; Ja ju\u017c wyrazi\u0142em si\u0119 na ten temat wielokrotnie. \u017byjemy w kraju, w kt\u00f3rym s\u0105 partie polityczne, ich plemiona i ka\u017cdy ma swoj\u0105 w\u0142asn\u0105 narracj\u0119, opowie\u015b\u0107 o rzeczywisto\u015bci &#8211; m\u00f3wi\u0142 odnosz\u0105c si\u0119 do upolitycznienia katastrofy z 2010 roku i tworzenia przez PiS parapa\u0144stwa, o czym w Poranku m\u00f3wi\u0142a ju\u017c Janina Paradowska.<\/p>\n<p>gazeta.pl<\/p>\n","protected":false},"excerpt":{"rendered":"<p>&#8211; Tysi\u0105ce ludzi odchodz\u0105, te\u017c z powod\u00f3w niezawinionych przez siebie. Jest co\u015b wyj\u0105tkowo niefajnego, nikt si\u0119 specjalnie nad tym nie pochyla i nie interesuje &#8211; m\u00f3wi\u0142 w TOK FM prof. Rados\u0142aw Markowski. &#8211; Uwa\u017cam, \u017ce \u017cycie i \u015bmier\u0107 cz\u0142owieka s\u0105 spraw\u0105 indywidualn\u0105. W tym przypadku (katastrofa smole\u0144ska &#8211; red.), si\u0142\u0105 rzeczy ona musia\u0142a by\u0107 upubliczniona, [&hellip;]<\/p>\n","protected":false},"author":2,"featured_media":0,"comment_status":"open","ping_status":"open","sticky":false,"template":"","format":"standard","meta":{"footnotes":""},"categories":[8],"tags":[],"class_list":["post-1725","post","type-post","status-publish","format-standard","hentry","category-aktualnosci"],"_links":{"self":[{"href":"https:\/\/www.odszkodowania.info.pl\/index.php?rest_route=\/wp\/v2\/posts\/1725","targetHints":{"allow":["GET"]}}],"collection":[{"href":"https:\/\/www.odszkodowania.info.pl\/index.php?rest_route=\/wp\/v2\/posts"}],"about":[{"href":"https:\/\/www.odszkodowania.info.pl\/index.php?rest_route=\/wp\/v2\/types\/post"}],"author":[{"embeddable":true,"href":"https:\/\/www.odszkodowania.info.pl\/index.php?rest_route=\/wp\/v2\/users\/2"}],"replies":[{"embeddable":true,"href":"https:\/\/www.odszkodowania.info.pl\/index.php?rest_route=%2Fwp%2Fv2%2Fcomments&post=1725"}],"version-history":[{"count":1,"href":"https:\/\/www.odszkodowania.info.pl\/index.php?rest_route=\/wp\/v2\/posts\/1725\/revisions"}],"predecessor-version":[{"id":1726,"href":"https:\/\/www.odszkodowania.info.pl\/index.php?rest_route=\/wp\/v2\/posts\/1725\/revisions\/1726"}],"wp:attachment":[{"href":"https:\/\/www.odszkodowania.info.pl\/index.php?rest_route=%2Fwp%2Fv2%2Fmedia&parent=1725"}],"wp:term":[{"taxonomy":"category","embeddable":true,"href":"https:\/\/www.odszkodowania.info.pl\/index.php?rest_route=%2Fwp%2Fv2%2Fcategories&post=1725"},{"taxonomy":"post_tag","embeddable":true,"href":"https:\/\/www.odszkodowania.info.pl\/index.php?rest_route=%2Fwp%2Fv2%2Ftags&post=1725"}],"curies":[{"name":"wp","href":"https:\/\/api.w.org\/{rel}","templated":true}]}}