{"id":1730,"date":"2012-10-10T20:19:11","date_gmt":"2012-10-10T19:19:11","guid":{"rendered":"http:\/\/www.odszkodowania.info.pl\/?p=1730"},"modified":"2012-10-10T20:19:11","modified_gmt":"2012-10-10T19:19:11","slug":"mieszkancy-osuszy-czekaja-na-odszkodowania","status":"publish","type":"post","link":"https:\/\/www.odszkodowania.info.pl\/?p=1730","title":{"rendered":"Mieszka\u0144cy Osuszy czekaj\u0105 na odszkodowania"},"content":{"rendered":"<p>Podczas budowy polderu zalewowego w Osuszy (gm. Krotoszyn) firma Budimex korzysta\u0142a z s\u0105siaduj\u0105cych p\u00f3l. Mieszka\u0144cy, kt\u00f3rzy u\u017cyczyli ziemie, do dzisiaj czekaj\u0105 na odszkodowania. Sze\u015b\u0107 lat temu pi\u0119ciu mieszka\u0144c\u00f3w Osuszy zgodzi\u0142o na wej\u015bcie ci\u0119\u017ckiego sprz\u0119tu na ich prywatne tereny, by umo\u017cliwi\u0107 gminie realizacj\u0119 ww. inwestycji.<\/p>\n<p>&#8211; Urz\u0105d stara\u0142 si\u0119 wtedy o dofinansowanie z Unii i potrzebowa\u0142 naszych o\u015bwiadcze\u0144 &#8211; t\u0142umaczy so\u0142tys Osuszy Izabela P\u0142ugowska. Od grudnia 2011 r. do czerwca tego roku firma Budimex prowadzi\u0142a prace w Osuszy. Cz\u0119\u015b\u0107 ziem rolnik\u00f3w zaj\u0105\u0142 urz\u0105d pod budow\u0119 polderu, a cz\u0119\u015b\u0107 grunt\u00f3w Budimex na roboty ziemne.<\/p>\n<p>&#8211; To s\u0105 dwie osobne sprawy. Odszkodowania za zaj\u0119cie ziem pod budow\u0119 polderu b\u0119dzie nam wyp\u0142aca\u0107 gmina. Za to otrzymamy pieni\u0105dze. Mamy ju\u017c wszystko ustalone z gmin\u0105 &#8211; wypowiada si\u0119 I. P\u0142ugowska.<\/p>\n<p>&#8211; Nam chodzi o ziemie, po kt\u00f3rych przez te p\u00f3\u0142 roku je\u017adzi\u0142y ci\u0119\u017car\u00f3wki, buduj\u0105c polder. My nie mogli\u015bmy wtedy na tym terenie niczego robi\u0107. Pola zosta\u0142y zdewastowane &#8211; t\u0142umaczy so\u0142tys.<\/p>\n<p><strong>Straty du\u017ce, kasy brak<\/strong><\/p>\n<p>Dw\u00f3ch rolnik\u00f3w, w tym pani so\u0142tys, udost\u0119pnili firmie ponad p\u00f3\u0142 hektara ziemi. Dw\u00f3jka kolejnych &#8211; prawie 2 ha, a pi\u0105ty &#8211; 1 ha.<\/p>\n<p>&#8211; Ka\u017cdy z nas przeliczy\u0142, jakie straty ponie\u015bli\u015bmy z powodu u\u017cyczenia ziem. W to wchodzi\u0142 m. in. podatek rolny, kt\u00f3ry musieli\u015bmy ui\u015bci\u0107 oraz utrata dop\u0142at rolniczych. Nic tam nie uprawiali\u015bmy, wi\u0119c nie mieli\u015bmy mo\u017cliwo\u015bci pozyskania tych pieni\u0119dzy &#8211; t\u0142umaczy I. P\u0142ugowska.<\/p>\n<p>W jej przypadku straty wynios\u0142y ok. 6 tys. za zaj\u0119cie 0,5 ha. Z kolei Bo\u017cena Ryba, kt\u00f3ra u\u017cyczy\u0142a firmie znacznie wi\u0119ksz\u0105 cz\u0119\u015b\u0107 gruntu szacuje straty na 26 tys. &#8211; Odszkodowania nie dostali\u015bmy, a ziemia nie by\u0142a u\u017cytkowana. Przecie\u017c my z czego\u015b musimy \u017cy\u0107 &#8211; m\u00f3wi.<\/p>\n<p>Obie kobiety wspominaj\u0105 r\u00f3wnie\u017c o innych szkodach. &#8211; Firma niczego nie sprz\u0105tn\u0119\u0142a, le\u017c\u0105 pnie drzew, jakie\u015b ha\u0142dy ziemi &#8211; m\u00f3wi B. Ryba.<\/p>\n<p>&#8211; Firma brzydko si\u0119 zachowa\u0142a. Wybrali nam z pola dobr\u0105 ziemi\u0119. Zostawili tylko 10 cm gleby, \u017ceby \u0142adnie wygl\u0105da\u0142o, a pod spodem nasypali piach. Co mi tam uro\u015bnie? Pok\u0142\u00f3ci\u0142am si\u0119 z pracownikami firmy, troch\u0119 mi nanie\u015bli jakiej\u015b ziemi z powrotem, ale na pewno nie tyle, ile by\u0142o wcze\u015bniej &#8211; dodaje so\u0142tys.<br \/>\nDwa miesi\u0105ce na odpowied\u017a<\/p>\n<p>Po zako\u0144czeniu budowy polderu mieszka\u0144cy wys\u0142ali do Budimexu zapytanie o termin wyp\u0142aty odszkodowa\u0144. Po dw\u00f3ch miesi\u0105cach otrzymali odpowied\u017a.<\/p>\n<p>&#8211; Wys\u0142ali\u015bmy w czerwcu pismo, dopiero w sierpniu si\u0119 do nas kto\u015b odezwa\u0142 &#8211; oburza si\u0119 so\u0142tys. Do Osuszy przyjecha\u0142 pracownik ubezpieczyciela Ergo Hestia. Zebra\u0142 od rolnik\u00f3w dokumenty, spisa\u0142 protok\u00f3\u0142 i odjecha\u0142. Przez p\u00f3\u0142tora miesi\u0105ca nikt nie skontaktowa\u0142 si\u0119 z mieszka\u0144cami.<\/p>\n<p>&#8211; Nadal nie mamy pieni\u0119dzy na kontach. A my ich naprawd\u0119 potrzebujemy! To przykra sprawa &#8211; oburza si\u0119 so\u0142tys. &#8211; Wysy\u0142a\u0142am e-maile do &#8222;Hestii&#8221;, ale nie dosta\u0142am \u017cadnej konkretnej odpowiedzi.<\/p>\n<p>W ko\u0144cu dodzwonili\u015bmy si\u0119 tam i powiedziano nam, \u017ce nie otrzymamy naszych odszkodowa\u0144, bo &#8222;Budimex&#8221; nie wys\u0142a\u0142 im kompletu dokument\u00f3w. Nie wiemy teraz nic. Kiedy dostaniemy, ani ile.<\/p>\n<p><strong>Budimex karze czeka\u0107<\/strong><\/p>\n<p>Spraw\u0119 odszkodowa\u0144 I. P\u0142ugowska poruszy\u0142a nawet na wrze\u015bniowej sesji rady gminy. W\u0142odarz Julian Jok\u015b poradzi\u0142 cierpliwie czeka\u0107.- &#8222;Budimex&#8221; to bardzo ci\u0119\u017cki partner. Nieraz trzeba kilkakrotnie zwraca\u0107 im na co\u015b uwag\u0119 &#8211; stwierdzi\u0142.<\/p>\n<p>&#8211; My przekazali\u015bmy firmie wszystkie uwagi mieszka\u0144c\u00f3w. Jedyne, co mo\u017cemy zrobi\u0107, to ponowi\u0107 pro\u015bb\u0119 o odszkodowania. Przeka\u017c\u0119 to przedstawicielom firmy. Tymczasem rzecznik Budimexu Krzysztof Kozio\u0142 t\u0142umaczy, \u017ce przed zg\u0142oszeniem roszcze\u0144 do ubezpieczyciela firma musia\u0142a zweryfikowa\u0107 zasadno\u015b\u0107 wniosk\u00f3w mieszka\u0144c\u00f3w. I dlatego wszystko trwa ju\u017c kilka miesi\u0119cy &#8211; doda\u0142 naczelnik wydzia\u0142u inwestycji Andrzej Kaik.<\/p>\n<p>&#8211; W pierwszej po\u0142owie sierpnia ubezpieczyciel poprosi\u0142 nas o dodatkowe dokumenty dotycz\u0105ce roszcze\u0144. Z racji konieczno\u015bci ponownej weryfikacji naszego stanowiska pisma dostarczyli\u015bmy we wrze\u015bniu &#8211; t\u0142umaczy K. Kozio\u0142. &#8211; Za poniesione szkody mieszka\u0144cy otrzymaj\u0105 odszkodowania, ale o ich wysoko\u015bci i terminie wyp\u0142aty zdecyduje ubezpieczyciel.<\/p>\n<p>Agnieszka Marciniak<br \/>\nRzecz Krotoszy\u0144ska<\/p>\n","protected":false},"excerpt":{"rendered":"<p>Podczas budowy polderu zalewowego w Osuszy (gm. Krotoszyn) firma Budimex korzysta\u0142a z s\u0105siaduj\u0105cych p\u00f3l. Mieszka\u0144cy, kt\u00f3rzy u\u017cyczyli ziemie, do dzisiaj czekaj\u0105 na odszkodowania. Sze\u015b\u0107 lat temu pi\u0119ciu mieszka\u0144c\u00f3w Osuszy zgodzi\u0142o na wej\u015bcie ci\u0119\u017ckiego sprz\u0119tu na ich prywatne tereny, by umo\u017cliwi\u0107 gminie realizacj\u0119 ww. inwestycji. &#8211; Urz\u0105d stara\u0142 si\u0119 wtedy o dofinansowanie z Unii i potrzebowa\u0142 [&hellip;]<\/p>\n","protected":false},"author":2,"featured_media":0,"comment_status":"open","ping_status":"open","sticky":false,"template":"","format":"standard","meta":{"footnotes":""},"categories":[8],"tags":[12],"class_list":["post-1730","post","type-post","status-publish","format-standard","hentry","category-aktualnosci","tag-odszkodowanie"],"_links":{"self":[{"href":"https:\/\/www.odszkodowania.info.pl\/index.php?rest_route=\/wp\/v2\/posts\/1730","targetHints":{"allow":["GET"]}}],"collection":[{"href":"https:\/\/www.odszkodowania.info.pl\/index.php?rest_route=\/wp\/v2\/posts"}],"about":[{"href":"https:\/\/www.odszkodowania.info.pl\/index.php?rest_route=\/wp\/v2\/types\/post"}],"author":[{"embeddable":true,"href":"https:\/\/www.odszkodowania.info.pl\/index.php?rest_route=\/wp\/v2\/users\/2"}],"replies":[{"embeddable":true,"href":"https:\/\/www.odszkodowania.info.pl\/index.php?rest_route=%2Fwp%2Fv2%2Fcomments&post=1730"}],"version-history":[{"count":1,"href":"https:\/\/www.odszkodowania.info.pl\/index.php?rest_route=\/wp\/v2\/posts\/1730\/revisions"}],"predecessor-version":[{"id":1731,"href":"https:\/\/www.odszkodowania.info.pl\/index.php?rest_route=\/wp\/v2\/posts\/1730\/revisions\/1731"}],"wp:attachment":[{"href":"https:\/\/www.odszkodowania.info.pl\/index.php?rest_route=%2Fwp%2Fv2%2Fmedia&parent=1730"}],"wp:term":[{"taxonomy":"category","embeddable":true,"href":"https:\/\/www.odszkodowania.info.pl\/index.php?rest_route=%2Fwp%2Fv2%2Fcategories&post=1730"},{"taxonomy":"post_tag","embeddable":true,"href":"https:\/\/www.odszkodowania.info.pl\/index.php?rest_route=%2Fwp%2Fv2%2Ftags&post=1730"}],"curies":[{"name":"wp","href":"https:\/\/api.w.org\/{rel}","templated":true}]}}