{"id":1752,"date":"2012-10-25T07:36:00","date_gmt":"2012-10-25T06:36:00","guid":{"rendered":"http:\/\/www.odszkodowania.info.pl\/?p=1752"},"modified":"2012-10-25T07:36:00","modified_gmt":"2012-10-25T06:36:00","slug":"rekordowe-odszkodowanie-dla-policjanta-zwykli-obywatele-dostaja-grosze","status":"publish","type":"post","link":"https:\/\/www.odszkodowania.info.pl\/?p=1752","title":{"rendered":"Rekordowe odszkodowanie dla policjanta, zwykli obywatele dostaj\u0105 grosze &#8230;"},"content":{"rendered":"<p>Z 240 do 720 tys. z\u0142 (!) S\u0105d Apelacyjny podni\u00f3s\u0142 kwot\u0119 zado\u015b\u0107uczynienia nale\u017cn\u0105 by\u0142emu komendantowi wyszkowskiej policji Andrzejowi Szkopkowi za 2 lata nies\u0142usznie sp\u0119dzone w areszcie. S\u0105d uzna\u0142 tak\u017ce za niewyja\u015bniony zwi\u0105zek mi\u0119dzy zwolnieniem policjanta z pracy a jego zatrzymaniem, spraw\u0119 o kolejne odszkodowanie kieruj\u0105c do ponownego rozpatrzenia. &#8211; Jestem bardzo zadowolony, \u017ce w ko\u0144cu kto\u015b zrozumia\u0142 moj\u0105 krzywd\u0119 \u2013 m\u00f3wi Andrzej Szkopek w rozmowie z Nowym Wyszkowiakiem.<\/p>\n<p>By\u0142y komendant, obci\u0105\u017cony zeznaniami \u015bwiadka koronnego Wies\u0142awa P. ps. \u201eKoczis\u201d i oskar\u017cony o wsp\u00f3\u0142prac\u0119 z mafi\u0105, zosta\u0142 zatrzymany w 2004 r. Wyrok uniewinniaj\u0105cy zapad\u0142 w 2009 r. i mimo sprzeciwu prokuratury podtrzyma\u0142 go p\u00f3\u017aniej s\u0105d wy\u017cszej instancji.<\/p>\n<p>Andrzej Szkopek domaga\u0142 si\u0119 rekompensaty w wysoko\u015bci ponad 2 mln z\u0142, nie tylko za lata sp\u0119dzone w areszcie i krzywdy moralne, ale te\u017c utrat\u0119 pracy i z\u0142amanie kariery zawodowej. Pierwotnie s\u0105d przyzna\u0142 mu odszkodowanie w wys. 370 tys. z\u0142, wed\u0142ug by\u0142ego policjanta \u2013 za niskie, wed\u0142ug prokuratury \u2013 za wysokie. Po apelacji s\u0105d uzna\u0142, \u017ce by\u0142emu komendantowi nale\u017cy si\u0119 240 tys. z\u0142 (10 tys. z\u0142 za ka\u017cdy sp\u0119dzony w areszcie miesi\u0105c). Nie uwzgl\u0119dni\u0142 argumentu, \u017ce komendant mia\u0142 zosta\u0107 zmuszony do odej\u015bcia z pracy tu\u017c przed aresztowaniem.<\/p>\n<p>Odwo\u0142anie Andrzeja Szkopka S\u0105d Apelacyjny w Warszawie rozpatrzy\u0142 19 pa\u017adziernika. Kwot\u0119 zado\u015b\u0107uczynienia za 2 lata sp\u0119dzone w areszcie, doznane krzywdy i szkody moralne podni\u00f3s\u0142 do 720 tys. z\u0142. Uchyli\u0142 te\u017c wyrok w cz\u0119\u015bci dotycz\u0105cej odszkodowania przys\u0142uguj\u0105cego za szkody materialne, kieruj\u0105c j\u0105 do ponownego rozpatrzenia. Uzna\u0142, \u017ce brak zwi\u0105zku mi\u0119dzy zwolnieniem policjanta z pracy a zatrzymaniem wcale nie jest tak oczywisty, jak utrzymywa\u0142 s\u0105d ni\u017cszej instancji.<br \/>\n&#8211; Jestem bardzo zadowolony, \u017ce w ko\u0144cu kto\u015b zrozumia\u0142 moj\u0105 krzywd\u0119 \u2013 wyrok komentuje Andrzej Szkopek. &#8211; \u017ba\u0142uj\u0119 tylko, \u017ce zado\u015b\u0107uczynienie to koszt Skarbu Pa\u0144stwa, a nie tych, co na to zas\u0142u\u017cyli.<\/p>\n<p>By\u0142y komendant ma na my\u015bli osoby odpowiedzialne za jego oskar\u017cenie. Przypomnijmy, \u017ce zawiadomienie o mo\u017cliwo\u015bci pope\u0142nienia przest\u0119pstwa przez funkcjonariuszy publicznych i \u015bwiadka koronnego (przekroczenia uprawnie\u0144, nak\u0142aniania i sk\u0142adania fa\u0142szywych zezna\u0144) z\u0142o\u017cy\u0142 w prokuraturze jeszcze w 2010 r. Sprawa zosta\u0142a jednak umorzona, w kilku punktach &#8211;  wobec przedawnienia, a w kilku &#8211; wobec braku dostatecznych danych wskazuj\u0105cych na pope\u0142nienie przest\u0119pstwa.<\/p>\n<p>PAP<\/p>\n","protected":false},"excerpt":{"rendered":"<p>Z 240 do 720 tys. z\u0142 (!) S\u0105d Apelacyjny podni\u00f3s\u0142 kwot\u0119 zado\u015b\u0107uczynienia nale\u017cn\u0105 by\u0142emu komendantowi wyszkowskiej policji Andrzejowi Szkopkowi za 2 lata nies\u0142usznie sp\u0119dzone w areszcie. S\u0105d uzna\u0142 tak\u017ce za niewyja\u015bniony zwi\u0105zek mi\u0119dzy zwolnieniem policjanta z pracy a jego zatrzymaniem, spraw\u0119 o kolejne odszkodowanie kieruj\u0105c do ponownego rozpatrzenia. &#8211; Jestem bardzo zadowolony, \u017ce w ko\u0144cu [&hellip;]<\/p>\n","protected":false},"author":2,"featured_media":0,"comment_status":"open","ping_status":"open","sticky":false,"template":"","format":"standard","meta":{"footnotes":""},"categories":[8],"tags":[12,123,13],"class_list":["post-1752","post","type-post","status-publish","format-standard","hentry","category-aktualnosci","tag-odszkodowanie","tag-policja","tag-zadoscuczynienie"],"_links":{"self":[{"href":"https:\/\/www.odszkodowania.info.pl\/index.php?rest_route=\/wp\/v2\/posts\/1752","targetHints":{"allow":["GET"]}}],"collection":[{"href":"https:\/\/www.odszkodowania.info.pl\/index.php?rest_route=\/wp\/v2\/posts"}],"about":[{"href":"https:\/\/www.odszkodowania.info.pl\/index.php?rest_route=\/wp\/v2\/types\/post"}],"author":[{"embeddable":true,"href":"https:\/\/www.odszkodowania.info.pl\/index.php?rest_route=\/wp\/v2\/users\/2"}],"replies":[{"embeddable":true,"href":"https:\/\/www.odszkodowania.info.pl\/index.php?rest_route=%2Fwp%2Fv2%2Fcomments&post=1752"}],"version-history":[{"count":1,"href":"https:\/\/www.odszkodowania.info.pl\/index.php?rest_route=\/wp\/v2\/posts\/1752\/revisions"}],"predecessor-version":[{"id":1753,"href":"https:\/\/www.odszkodowania.info.pl\/index.php?rest_route=\/wp\/v2\/posts\/1752\/revisions\/1753"}],"wp:attachment":[{"href":"https:\/\/www.odszkodowania.info.pl\/index.php?rest_route=%2Fwp%2Fv2%2Fmedia&parent=1752"}],"wp:term":[{"taxonomy":"category","embeddable":true,"href":"https:\/\/www.odszkodowania.info.pl\/index.php?rest_route=%2Fwp%2Fv2%2Fcategories&post=1752"},{"taxonomy":"post_tag","embeddable":true,"href":"https:\/\/www.odszkodowania.info.pl\/index.php?rest_route=%2Fwp%2Fv2%2Ftags&post=1752"}],"curies":[{"name":"wp","href":"https:\/\/api.w.org\/{rel}","templated":true}]}}