{"id":1763,"date":"2012-11-08T20:32:16","date_gmt":"2012-11-08T19:32:16","guid":{"rendered":"http:\/\/www.odszkodowania.info.pl\/?p=1763"},"modified":"2012-11-08T20:32:16","modified_gmt":"2012-11-08T19:32:16","slug":"wygrali-od-panstwa-ponad-3-mln-wszystko-oddadza-na-kul","status":"publish","type":"post","link":"https:\/\/www.odszkodowania.info.pl\/?p=1763","title":{"rendered":"Wygrali od pa\u0144stwa ponad 3 mln. Wszystko oddadz\u0105 na KUL"},"content":{"rendered":"<p>Ponad trzy i p\u00f3\u0142 miliona z\u0142otych odszkodowania za bezprawnie odebran\u0105 kamienic\u0119. Takie pieni\u0105dze przyzna\u0142 S\u0105d Okr\u0119gowy w Lublinie Marii Raczy\u0144skiej, kt\u00f3rej m\u0105\u017c po wojnie straci\u0142 dom w centrum Lublina. Jak ustali\u0142o TOK FM, w testamencie ca\u0142e odszkodowanie zapisa\u0142 na rzecz Katolickiego Uniwersytetu Lubelskiego. Teraz \u017cona chce spe\u0142ni\u0107 jego ostatni\u0105 wol\u0119.<br \/>\nAleksander Raczy\u0144ski, ojciec Franciszka Raczy\u0144skiego, m\u0119\u017ca pani Marii, by\u0142 w\u0142a\u015bcicielem przedwojennej kamienicy przy ulicy Czystej w centrum Lublina (boczna ulicy Wieniawskiej). Tu\u017c po wojnie, w wyniku specjalnego nakazu, rodzina kamienic\u0119 straci\u0142a. &#8211; Gdy zacz\u0119\u0142a obowi\u0105zywa\u0107 ustawa o tak zwanych \u015bwiadczeniach rzeczowych obywateli na rzecz pa\u0144stwa, na jej podstawie zosta\u0142 wydany nakaz opuszczenia nieruchomo\u015bci &#8211; m\u00f3wi mecenas Iwona Koz\u0142owska, pe\u0142nomocnik Marii Raczy\u0144skiej. Co ciekawe, nakaz dotyczy\u0142 opuszczenia konkretnego mieszkania w kamienicy. &#8211; Ale de facto nakazano rodzinie opu\u015bci\u0107 ca\u0142y dwupi\u0119trowy budynek z kilkunastoma mieszkaniami &#8211; m\u00f3wi Koz\u0142owska.<\/p>\n<p>W\u0142a\u015bciciel prywatny, ale w papierach &#8222;skarb pa\u0144stwa&#8221;<\/p>\n<p>Czysta 3 zosta\u0142a przej\u0119ta przez wojsko (\u00f3wczesne Dow\u00f3dztwo Wojsk Wewn\u0119trznych i Bezpiecze\u0144stwa w Lublinie). Mija\u0142y lata, a Franciszek Raczy\u0144ski walczy\u0142 w urz\u0119dach o odzyskanie kamienicy, do dzi\u015b s\u0105 na to dokumenty. Ale budynku nikt zwr\u00f3ci\u0107 nie chcia\u0142, takie by\u0142y czasy, w og\u00f3le nie by\u0142o o tym mowy.<\/p>\n<p>Rok 1974 by\u0142 dla sprawy prze\u0142omowy. Mimo \u017ce nieruchomo\u015b\u0107 przy ul. Czystej mia\u0142a ksi\u0119g\u0119 wieczyst\u0105, urz\u0119dnicy bezprawnie za\u0142o\u017cyli drug\u0105, wpisuj\u0105c jako w\u0142a\u015bciciela skarb pa\u0144stwa. &#8211; W tamtych czasach mieszkali tutaj wojskowi i chodzi\u0142o prawdopodobnie o to, aby mieli w dyspozycji kamienic\u0119. Tymczasem, zgodnie z przepisami, zamykaj\u0105c star\u0105 ksi\u0119g\u0119 wieczyst\u0105, trzeba wpisy przenie\u015b\u0107 do nowej, a tu tego nie zrobiono. To bezprawno\u015b\u0107 dzia\u0142a\u0144 pa\u0144stwa &#8211; m\u00f3wi mecenas Koz\u0142owska.<\/p>\n<p>Co wi\u0119cej, po kilku latach skarb pa\u0144stwa, jakby nigdy nic, sprzeda\u0142 lokatorom kilka mieszka\u0144 przy Czystej. W majestacie prawa stali si\u0119 ich w\u0142a\u015bcicielami, mimo \u017ce kamienica wci\u0105\u017c nale\u017ca\u0142a do Raczy\u0144skich. Od tej pory rodzina nie mog\u0142a ju\u017c walczy\u0107 o odzyskanie nieruchomo\u015bci w ca\u0142o\u015bci, a jedynie o odszkodowanie za kamienic\u0119.<\/p>\n<p>Testament: wszystko dla KUL<\/p>\n<p>Po transformacji ustrojowej, w 1989 roku, rodzina liczy\u0142a, \u017ce co\u015b si\u0119 w ko\u0144cu zmieni. Ruszy\u0142y rozmowy z wojewod\u0105 i z gmin\u0105, trwa\u0142y kilka lat. Nie by\u0142o w\u0105tpliwo\u015bci, kto jest prawowitym w\u0142a\u015bcicielem domu. W 1996 roku zmar\u0142 Franciszek Raczy\u0144ski, a spraw\u0119 przej\u0119\u0142a jego \u017cona (jako spadkobierczyni). W 2007 roku prawie dosz\u0142o do ugody. Prawie, bo negocjacje ostatecznie zosta\u0142y zerwane przez wojewod\u0119. &#8211; To wszystko bardzo d\u0142ugo trwa\u0142o, bo zmienia\u0142y si\u0119 w\u0142adze, zmienia\u0142y si\u0119 uk\u0142ady polityczne. I w 2007 roku nowy wojewoda przys\u0142a\u0142 do nas pismo, aby\u015bmy wyst\u0105pili jednak na drog\u0119 post\u0119powania s\u0105dowego. I dlatego ta sprawa znalaz\u0142a si\u0119 w s\u0105dzie &#8211; wyja\u015bnia pe\u0142nomocnik rodziny Raczy\u0144skich.<\/p>\n<p>Franciszek Raczy\u0144ski zostawi\u0142 testament, a w nim kamienic\u0119 lub odszkodowanie po niej zapisa\u0142 Katolickiemu Uniwersytetowi Lubelskiemu. Rodzina nie by\u0142a zwi\u0105zana z KUL-em, ale ma\u0142\u017conkowie nie mieli dzieci, nie mieli te\u017c nikogo bliskiego, st\u0105d wola, by pieni\u0105dze trafi\u0142y na uczelni\u0119, na rzecz student\u00f3w i rozwoju nauki. &#8211; \u017bona pana Franciszka, chc\u0105c wykona\u0107 zapis testamentowy, prowadzi teraz wszystkie te sprawy. To oznacza, \u017ce je\u015bli uzyskamy pieni\u0105dze z odszkodowania, zostan\u0105 one przekazane na KUL, na dydaktyk\u0119 prowadzon\u0105 przez uczelni\u0119 &#8211; dodaje Koz\u0142owska.<\/p>\n<p>Walczyli o 4 miliony 600 tysi\u0119cy &#8211; s\u0105d zas\u0105dzi\u0142 milion mniej<\/p>\n<p>Kwota przyznanego odszkodowania jest wysoka, bo to a\u017c 3 miliony 720 tysi\u0119cy z\u0142otych. S\u0105d nie mia\u0142 \u017cadnych w\u0105tpliwo\u015bci. &#8222;Ani Aleksander Raczy\u0144ski, ani \u017caden z jego spadkobierc\u00f3w nie zostali pozbawieni prawa w\u0142asno\u015bci nieruchomo\u015bci na mocy decyzji organu administracyjnego lub orzeczenia s\u0105du &#8211; czytamy w uzasadnieniu. I dalej: &#8222;Za\u0142o\u017cenie ksi\u0119gi wieczystej i wpisanie Skarbu Pa\u0144stwa jako w\u0142a\u015bciciela nast\u0105pi\u0142o bez jakiejkolwiek podstawy prawnej&#8221;.<\/p>\n<p>Jednak przyznane odszkodowanie to o milion z\u0142otych mniej ni\u017c kwota, o kt\u00f3r\u0105 wyst\u0119powano. S\u0105d obni\u017cy\u0142 j\u0105 o tak zwan\u0105 warto\u015b\u0107 najmu. &#8211; Pani Raczy\u0144ska si\u0119 z wysoko\u015bci\u0105 odszkodowania nie zgadza, wyrok nie jest prawomocny, b\u0119dziemy wnosi\u0107 apelacj\u0119 &#8211; m\u00f3wi mecenas Koz\u0142owska.<\/p>\n<p>Pozwanym w tym procesie by\u0142 skarb pa\u0144stwa reprezentowany przez wojewod\u0119. Przed s\u0105dem, w imieniu wojewody, wyst\u0119powa\u0142a Prokuratoria Generalna. &#8211; Dostali\u015bmy z Prokuratorii kopi\u0119 wyroku, z jednoczesn\u0105 informacj\u0105, \u017ce w sprawie b\u0119dzie wnoszona apelacja &#8211; m\u00f3wi rzecznik wojewody lubelskiego Kamil Smerdel. Jak wyja\u015bnia, w sytuacji, gdy jest zas\u0105dzane wysokie odszkodowanie, pieni\u0105dze na ten cel s\u0105 wyp\u0142acane z bud\u017cetu pa\u0144stwa. &#8211; Jest specjalna rezerwa celowa bud\u017cetu pa\u0144stwa na sp\u0142at\u0119 zobowi\u0105za\u0144 wymagalnych. Taka rezerwa powstaje co roku &#8211; m\u00f3wi Smerdel. <\/p>\n<p>gazeta.pl<\/p>\n","protected":false},"excerpt":{"rendered":"<p>Ponad trzy i p\u00f3\u0142 miliona z\u0142otych odszkodowania za bezprawnie odebran\u0105 kamienic\u0119. Takie pieni\u0105dze przyzna\u0142 S\u0105d Okr\u0119gowy w Lublinie Marii Raczy\u0144skiej, kt\u00f3rej m\u0105\u017c po wojnie straci\u0142 dom w centrum Lublina. Jak ustali\u0142o TOK FM, w testamencie ca\u0142e odszkodowanie zapisa\u0142 na rzecz Katolickiego Uniwersytetu Lubelskiego. Teraz \u017cona chce spe\u0142ni\u0107 jego ostatni\u0105 wol\u0119. Aleksander Raczy\u0144ski, ojciec Franciszka Raczy\u0144skiego, [&hellip;]<\/p>\n","protected":false},"author":2,"featured_media":0,"comment_status":"open","ping_status":"open","sticky":false,"template":"","format":"standard","meta":{"footnotes":""},"categories":[8],"tags":[12],"class_list":["post-1763","post","type-post","status-publish","format-standard","hentry","category-aktualnosci","tag-odszkodowanie"],"_links":{"self":[{"href":"https:\/\/www.odszkodowania.info.pl\/index.php?rest_route=\/wp\/v2\/posts\/1763","targetHints":{"allow":["GET"]}}],"collection":[{"href":"https:\/\/www.odszkodowania.info.pl\/index.php?rest_route=\/wp\/v2\/posts"}],"about":[{"href":"https:\/\/www.odszkodowania.info.pl\/index.php?rest_route=\/wp\/v2\/types\/post"}],"author":[{"embeddable":true,"href":"https:\/\/www.odszkodowania.info.pl\/index.php?rest_route=\/wp\/v2\/users\/2"}],"replies":[{"embeddable":true,"href":"https:\/\/www.odszkodowania.info.pl\/index.php?rest_route=%2Fwp%2Fv2%2Fcomments&post=1763"}],"version-history":[{"count":1,"href":"https:\/\/www.odszkodowania.info.pl\/index.php?rest_route=\/wp\/v2\/posts\/1763\/revisions"}],"predecessor-version":[{"id":1764,"href":"https:\/\/www.odszkodowania.info.pl\/index.php?rest_route=\/wp\/v2\/posts\/1763\/revisions\/1764"}],"wp:attachment":[{"href":"https:\/\/www.odszkodowania.info.pl\/index.php?rest_route=%2Fwp%2Fv2%2Fmedia&parent=1763"}],"wp:term":[{"taxonomy":"category","embeddable":true,"href":"https:\/\/www.odszkodowania.info.pl\/index.php?rest_route=%2Fwp%2Fv2%2Fcategories&post=1763"},{"taxonomy":"post_tag","embeddable":true,"href":"https:\/\/www.odszkodowania.info.pl\/index.php?rest_route=%2Fwp%2Fv2%2Ftags&post=1763"}],"curies":[{"name":"wp","href":"https:\/\/api.w.org\/{rel}","templated":true}]}}