{"id":1790,"date":"2012-11-27T14:12:30","date_gmt":"2012-11-27T13:12:30","guid":{"rendered":"http:\/\/www.odszkodowania.info.pl\/?p=1790"},"modified":"2012-11-27T14:12:30","modified_gmt":"2012-11-27T13:12:30","slug":"burmistrz-zniszczyli-droge-niech-sprawca-wypadku-placi-z-oc","status":"publish","type":"post","link":"https:\/\/www.odszkodowania.info.pl\/?p=1790","title":{"rendered":"Burmistrz: Zniszczyli drog\u0119? Niech sprawca wypadku p\u0142aci z OC!"},"content":{"rendered":"<p>Zniszczone chodniki, po\u0142amany asfalt i dziury &#8211; tak wygl\u0105da dzi\u015b droga gminna w miejscowo\u015bci Bzury w gminie Szczuczyn. W kilka godzin zniszczy\u0142y j\u0105 tiry, gdy dwa tygodnie temu grajewscy policjanci skierowali tam ruch, po kolizji na krajowej &#8222;61\u201d mi\u0119dzy Grajewem i Szczuczynem.<\/p>\n<p>\u2013 Ten kto spowodowa\u0142 kolizj\u0119, powinien zap\u0142aci\u0107 za remont zniszczonej w wyniku objazdu drogi \u2013 uwa\u017ca Artur Kuczy\u0144ski, burmistrz Szczuczyna. \u2013 Ju\u017c z\u0142o\u017cy\u0142em stosowne dokumenty do firmy ubezpieczeniowej, w kt\u00f3rej kierowca mia\u0142 wykupione OC.<\/p>\n<p>Unikn\u0105\u0142 czo\u0142owego zderzenia<br \/>\n\u2013 Do kolizji dosz\u0142o w poniedzia\u0142ek, 5 listopada, gdy kieruj\u0105cy zespo\u0142em pojazd\u00f3w, tj. ci\u0105gnikiem siod\u0142owym marki volvo wraz z naczep\u0105 zacz\u0105\u0142 wyprzedza\u0107 w niedozwolonym miejscu \u2013 relacjonuje Ewa Jab\u0142o\u0144ska, oficer prasowy grajewskiej policji. \u2013 W trakcie wyprzedzania chcia\u0142 unikn\u0105\u0107 zderzenia czo\u0142owego z prawid\u0142owo jad\u0105cym z przeciwka samochodem osobowym i zjecha\u0142 do przydro\u017cnego rowu.<\/p>\n<p>W wyniku zdarzenia kieruj\u0105cy dozna\u0142 og\u00f3lnych pot\u0142ucze\u0144 cia\u0142a oraz z\u0142amania pierwszego kr\u0119gu l\u0119d\u017awiowego. Ci\u0119\u017car\u00f3wka na kilka godzin zablokowa\u0142a drog\u0119 w okolicach Szczuczyna.<\/p>\n<p>\u2013 Wyznaczyli\u015bmy objazd przez miejscowo\u015b\u0107 Bzury \u2013 dodaje Jab\u0142o\u0144ska. \u2013 Jest tam ograniczenie tona\u017cowe, 10 ton, ale jad\u0105c od strony Szczuczyna, z kierunku Grajewa, takiego ograniczenia nie ma. Mimo tego, \u017ce policjanci nie puszczali tam samochod\u00f3w ci\u0119\u017carowych, to i tak kierowcy dzi\u0119ki komunikacji CB ju\u017c wcze\u015bniej wybierali t\u0119 drog\u0119, by unikn\u0105\u0107 stania w korku.<br \/>\nUsuwanie skutk\u00f3w kolizji trwa\u0142o ok. sze\u015bciu godzin. Ten czas wystarczy\u0142 by zniszczy\u0107 nawierzchni\u0119 gminnej drogi i chodnik.<\/p>\n<p>\u2013 To w\u0105ska droga o szeroko\u015bci 3,5 m \u2013 informuje burmistrz.<br \/>\nW wsi jest szersza, ale i tak by ci\u0119\u017carowe auta mog\u0142y si\u0119 min\u0105\u0107, musia\u0142y wje\u017cd\u017ca\u0107 na chodniki, kt\u00f3re zosta\u0142y zniszczone.<\/p>\n<p>Czy uniknie p\u0142acenia<br \/>\n\u2013 Oszacowali\u015bmy straty na 56 tys. z\u0142 \u2013 podkre\u015bla burmistrz. \u2013 I nie chcemy za to p\u0142aci\u0107, bo droga zosta\u0142a zniszczona nie z naszej winy.<\/p>\n<p>Burmistrz ju\u017c skompletowa\u0142 niezb\u0119dn\u0105 dokumentacj\u0119 i skierowa\u0142 j\u0105 do firmy ubezpieczeniowej, w kt\u00f3rej kierowca &#8211; sprawca kolizji, mia\u0142 wykupione ubezpieczenie OC.<br \/>\n\u2013 Przyznam, \u017ce z tak\u0105 sytuacj\u0105 jeszcze nigdy si\u0119 nie spotka\u0142em \u2013 m\u00f3wi Jerzy Ma\u0142kowski z Towarzystwa Ubezpieczeniowego Gothear w Warszawie. \u2013 Ale nie widz\u0119 przeciwskaza\u0144 przed przyj\u0119ciem tego typu zg\u0142oszenia.<\/p>\n<p>Agent innej firmy przyzna\u0142, \u017ce skoro z ubezpieczenia komunikacyjnego OC pokrywa si\u0119 np. napraw\u0119 ogrodzenia, elewacji czy innych uszkodze\u0144 dom\u00f3w, w kt\u00f3re wje\u017cd\u017caj\u0105 auta, to i pokrycie koszt\u00f3w naprawy drogi mo\u017ce si\u0119 uda\u0107. Cho\u0107 ta sytuacja jest wyj\u0105tkowa, bo auto bezpo\u015brednio nie zniszczy\u0142o drogi w trakcie kolizji.<\/p>\n<p>\u2013 Stawiam na logik\u0119, bo to proste my\u015blenie podsun\u0119\u0142o mi takie rozwi\u0105zanie \u2013 m\u00f3wi Artur Kuczy\u0144ski. \u2013 Teraz pozostaje nam czeka\u0107 na odpowied\u017a firmy.<br \/>\nGdyby samorz\u0105d wywalczy\u0142 odszkodowanie, to bez w\u0105tpienia by\u0142aby to sprawa precedensowa nie tylko w skali regionu, ale te\u017c kraju.<\/p>\n","protected":false},"excerpt":{"rendered":"<p>Zniszczone chodniki, po\u0142amany asfalt i dziury &#8211; tak wygl\u0105da dzi\u015b droga gminna w miejscowo\u015bci Bzury w gminie Szczuczyn. W kilka godzin zniszczy\u0142y j\u0105 tiry, gdy dwa tygodnie temu grajewscy policjanci skierowali tam ruch, po kolizji na krajowej &#8222;61\u201d mi\u0119dzy Grajewem i Szczuczynem. \u2013 Ten kto spowodowa\u0142 kolizj\u0119, powinien zap\u0142aci\u0107 za remont zniszczonej w wyniku objazdu [&hellip;]<\/p>\n","protected":false},"author":2,"featured_media":0,"comment_status":"open","ping_status":"open","sticky":false,"template":"","format":"standard","meta":{"footnotes":""},"categories":[8],"tags":[12],"class_list":["post-1790","post","type-post","status-publish","format-standard","hentry","category-aktualnosci","tag-odszkodowanie"],"_links":{"self":[{"href":"https:\/\/www.odszkodowania.info.pl\/index.php?rest_route=\/wp\/v2\/posts\/1790","targetHints":{"allow":["GET"]}}],"collection":[{"href":"https:\/\/www.odszkodowania.info.pl\/index.php?rest_route=\/wp\/v2\/posts"}],"about":[{"href":"https:\/\/www.odszkodowania.info.pl\/index.php?rest_route=\/wp\/v2\/types\/post"}],"author":[{"embeddable":true,"href":"https:\/\/www.odszkodowania.info.pl\/index.php?rest_route=\/wp\/v2\/users\/2"}],"replies":[{"embeddable":true,"href":"https:\/\/www.odszkodowania.info.pl\/index.php?rest_route=%2Fwp%2Fv2%2Fcomments&post=1790"}],"version-history":[{"count":1,"href":"https:\/\/www.odszkodowania.info.pl\/index.php?rest_route=\/wp\/v2\/posts\/1790\/revisions"}],"predecessor-version":[{"id":1791,"href":"https:\/\/www.odszkodowania.info.pl\/index.php?rest_route=\/wp\/v2\/posts\/1790\/revisions\/1791"}],"wp:attachment":[{"href":"https:\/\/www.odszkodowania.info.pl\/index.php?rest_route=%2Fwp%2Fv2%2Fmedia&parent=1790"}],"wp:term":[{"taxonomy":"category","embeddable":true,"href":"https:\/\/www.odszkodowania.info.pl\/index.php?rest_route=%2Fwp%2Fv2%2Fcategories&post=1790"},{"taxonomy":"post_tag","embeddable":true,"href":"https:\/\/www.odszkodowania.info.pl\/index.php?rest_route=%2Fwp%2Fv2%2Ftags&post=1790"}],"curies":[{"name":"wp","href":"https:\/\/api.w.org\/{rel}","templated":true}]}}