{"id":1851,"date":"2013-01-12T10:49:26","date_gmt":"2013-01-12T09:49:26","guid":{"rendered":"http:\/\/www.odszkodowania.info.pl\/?p=1851"},"modified":"2013-01-12T10:49:26","modified_gmt":"2013-01-12T09:49:26","slug":"sad-przyznal-240-tys-zl-za-dwa-lata-wiezienia","status":"publish","type":"post","link":"https:\/\/www.odszkodowania.info.pl\/?p=1851","title":{"rendered":"S\u0105d przyzna\u0142 240 tys z\u0142 za dwa lata wi\u0119zienia &#8230;"},"content":{"rendered":"<p>240 tys. z\u0142 zado\u015b\u0107uczynienia i odszkodowania przyzna\u0142 w pi\u0105tek s\u0105d znanemu opozycjoni\u015bcie z PRL i by\u0142emu dzia\u0142aczowi NSZZ \u201eSolidarno\u015b\u0107\u201d Zbigniewowi Romaszewskiemu. W latach 80. by\u0142 on przez ponad dwa lata wi\u0119ziony za dzia\u0142alno\u015b\u0107 niepodleg\u0142o\u015bciow\u0105. S\u0105d Okr\u0119gowy w Warszawie przyzna\u0142 73-letniemu Romaszewskiemu od Skarbu Pa\u0144stwa 192 tys. z\u0142 zado\u015b\u0107uczynienia i 48 tys. z\u0142 odszkodowania. Uzasadni\u0142 to znacznym stopniem krzywdy, wyrz\u0105dzonej mu w wyniku wyroku 4,5 lat wi\u0119zienia, wydanego w 1983 r. przez s\u0105d wojskowy za zorganizowanie podziemnego Radia \u201eSolidarno\u015b\u0107\u201d.<\/p>\n<p>Romaszewski wnosi\u0142 o 85 tys. z\u0142 odszkodowania i \u201estosowne\u201d zado\u015b\u0107uczynienie. Prokurator by\u0142a przeciwna odszkodowaniu, wnosi\u0142a o 96 tys. z\u0142 zado\u015b\u0107uczynienia. Wyrok nie jest prawomocny. Prokurator powiedzia\u0142a, \u017ce b\u0119dzie si\u0119 zastanawia\u0107, czy apelowa\u0107. Romaszewski by\u0142 usatysfakcjonowany z wyroku.<\/p>\n<p>Zanim s\u0105d wyda\u0142 wyrok, zgodnie z procedur\u0105 pyta\u0142 Romaszewskiego o jego dochody przed aresztowaniem.<\/p>\n<p>Powiedzia\u0142 on, \u017ce by\u0142 pracownikiem Instytutu Fizyki PAN, gdzie w 1980 r. zrobi\u0142 doktorat. Podkre\u015bli\u0142, \u017ce w\u0142adze usi\u0142owa\u0142y nie dopu\u015bci\u0107, by \u2013 jak si\u0119 wyrazi\u0142 \u2013 \u201efigurant by\u0142 doktorantem\u201d. W PAN zarabia\u0142 ok. 5 tys. z\u0142 miesi\u0119cznie; udziela\u0142 te\u017c korepetycji z fizyki. Od czerwca 1981 r. wzi\u0105\u0142 bezp\u0142atny urlop z PAN i zosta\u0142 funkcyjnym pracownikiem prezydium zarz\u0105du Regionu Mazowsze NSZZ \u201eS\u201d, gdzie zarabia\u0142 11 tys. z\u0142 miesi\u0119cznie, co sko\u0144czy\u0142o si\u0119 z wprowadzeniem stanu wojennego.<\/p>\n<p>\u2013 Nie zosta\u0142em internowany, gdy\u017c ukrywa\u0142em si\u0119 od 12 grudnia 1981 r. a\u017c do chwili aresztowania \u2013 zezna\u0142. Doda\u0142, \u017ce utrzymywa\u0142 si\u0119 wtedy ze \u201ezrzutek\u201d, jakie robili jego koledzy z PAN, co \u201ewystarcza\u0142o na prze\u017cycie\u201d.<\/p>\n<p>W sierpniu 1982 r. zosta\u0142 aresztowany; by\u0142 s\u0105dzony w procesie tw\u00f3rc\u00f3w Radia \u201eSolidarno\u015b\u0107\u201d. Zosta\u0142 skazany w lutym 1983 r.; wyszed\u0142 na mocy amnestii w sierpniu 1984 r.; uniewinniono go w 1991 r. Zezna\u0142, \u017ce by\u0142 w wi\u0119zieniu szanta\u017cowany przez w\u0142adze, kt\u00f3re uzale\u017cnia\u0142y amnesti\u0119 dla wszystkich \u00f3wczesnych wi\u0119\u017ani\u00f3w politycznych od emigracji lub rezygnacji z dzia\u0142alno\u015bci przez kilku czo\u0142owych opozycjonist\u00f3w.<\/p>\n<p>W wi\u0119zieniu nasili\u0142y si\u0119 jego dolegliwo\u015bci zdrowotne, m.in. pogorszy\u0142 si\u0119 wzrok (musia\u0142 czyta\u0107 przy \u017car\u00f3wce o mocy 40 W). Doda\u0142, \u017ce mia\u0142 trudno\u015bci w widzeniach z rodzin\u0105 (\u017cona te\u017c by\u0142a aresztowana). Po zwolnieniu z wi\u0119zienia nie pozwolono mu wr\u00f3ci\u0107 do pracy w PAN; podj\u0105\u0142 gorzej p\u0142atn\u0105 prac\u0119 w Instytucie Fizyki Uniwersytetu Jagiello\u0144skiego.<\/p>\n<p>Nie dosta\u0142 te\u017c paszportu na wyjazd na stypendium do laboratorium laserowego w USA, co \u2013 jak powiedzia\u0142 \u2013 by\u0142o dla niego \u201egigantyczn\u0105 szans\u0105 na powr\u00f3t do zawodu\u201d. \u2013 Od tego czasu podj\u0105\u0142em dzia\u0142alno\u015b\u0107 polityczn\u0105, dzia\u0142a\u0142em w obronie represjonowanych w podziemnej \u201eS\u201d; byli\u015bmy obiektem dzia\u0142a\u0144 SB \u2013 o\u015bwiadczy\u0142 Romaszewski.<\/p>\n<p>Pe\u0142nomocnik Romaszewskiego mec. Antoni \u0141epkowski powiedzia\u0142 s\u0105dowi, \u017ce jest on \u201eikon\u0105 walki o prawa cz\u0142owieka\u201d jako tw\u00f3rca biura interwencji KSS KOR i NSZZ \u201eSolidarno\u015b\u0107\u201d. \u2013 Ws\u0142uchiwali\u015bmy si\u0119 wszyscy w Radio \u201eSolidarno\u015b\u0107\u201d, kt\u00f3re krzepi\u0142o nas w stanie wojennym \u2013 doda\u0142 adwokat.<\/p>\n<p>Przedstawicielka prokuratury nie mia\u0142a w\u0105tpliwo\u015bci co do zasadno\u015bci wniosku, bo Romaszewski sp\u0119dzi\u0142 24 miesi\u0105ce w wi\u0119zieniu i wnios\u0142a o przyznanie mu za to 96 tys. z\u0142 zado\u015b\u0107uczynienia. Zarazem wnios\u0142a o oddalenie jego wniosku o odszkodowanie wobec \u201ebraku szkody maj\u0105tkowej\u201d. Sam Romaszewski uzna\u0142, \u017ce tak\u0105 szkod\u0119 poni\u00f3s\u0142.<\/p>\n<p>W uzasadnieniu odszkodowania<\/p>\n<p>S\u0105d uzna\u0142, \u017ce Romaszewskiemu z powodu doznanych krzywd nale\u017cy si\u0119 wy\u017csze zado\u015b\u0107uczynienie ni\u017c zwykle przyznawane w takich sprawach. S\u0105d za ka\u017cdy miesi\u0105c wi\u0119zienia przyzna\u0142 mu 8 tys. z\u0142, cho\u0107 z regu\u0142y jest to od 3 do 5 tys. Jako powody s\u0119dzia Ewa Jethon wymienia\u0142a, opr\u00f3cz roz\u0142\u0105ki z rodzin\u0105, tak\u017ce siln\u0105 \u201epresj\u0119 psychiczn\u0105 ze strony w\u0142adz ws. amnestii\u201d.<\/p>\n<p>Uzasadniaj\u0105c przyznane odszkodowanie, s\u0119dzia powiedzia\u0142a, \u017ce sk\u0142ada si\u0119 na ni\u0105 wyliczona przez s\u0105d na podstawie \u015bredniej krajowej kwota, jak\u0105 Romaszewski m\u00f3g\u0142by zaoszcz\u0119dzi\u0107, gdyby go nie uwi\u0119ziono. S\u0105d uzna\u0142, \u017ce powinno to by\u0107 2 tys. z\u0142 za ka\u017cdy miesi\u0105c wi\u0119zienia. S\u0105d podkre\u015bli\u0142, \u017ce uniemo\u017cliwiono mu zar\u00f3wno powr\u00f3t do PAN, jak i wyjazd na stypendium do USA.<\/p>\n<p>Romaszewski w 1976 r. uczestniczy\u0142 w organizowanej przez Komitet Obrony Robotnik\u00f3w akcji pomocy represjonowanym. Od 1977 r. by\u0142 cz\u0142onkiem KSS KOR; z \u017con\u0105 Zofi\u0105 prowadzi\u0142 biuro interwencyjne, rejestruj\u0105ce przypadki \u0142amania praw cz\u0142owieka i nios\u0105ce pomoc ofiarom bezprawia. W stanie wojennym by\u0142 poszukiwany przez SB. Wsp\u00f3\u0142organizator podziemnego Radia \u201eSolidarno\u015b\u0107\u201d. Aresztowany w sierpniu 1982 r.<\/p>\n<p>W 1989 r. wybrany do Senatu z listy Komitetu Obywatelskiego przy Lechu Wa\u0142\u0119sie. By\u0142 te\u017c wybierany do Senatu w kolejnych wyborach: w 1991, 1993, 1997, 2001, 2005, 2007. Cz\u0142onek PiS. W 2011 r. prezydent Bronis\u0142aw Komorowski odznaczy\u0142 go Orderem Or\u0142a Bia\u0142ego.<\/p>\n<p>tvp.info<\/p>\n","protected":false},"excerpt":{"rendered":"<p>240 tys. z\u0142 zado\u015b\u0107uczynienia i odszkodowania przyzna\u0142 w pi\u0105tek s\u0105d znanemu opozycjoni\u015bcie z PRL i by\u0142emu dzia\u0142aczowi NSZZ \u201eSolidarno\u015b\u0107\u201d Zbigniewowi Romaszewskiemu. W latach 80. by\u0142 on przez ponad dwa lata wi\u0119ziony za dzia\u0142alno\u015b\u0107 niepodleg\u0142o\u015bciow\u0105. S\u0105d Okr\u0119gowy w Warszawie przyzna\u0142 73-letniemu Romaszewskiemu od Skarbu Pa\u0144stwa 192 tys. z\u0142 zado\u015b\u0107uczynienia i 48 tys. z\u0142 odszkodowania. Uzasadni\u0142 to [&hellip;]<\/p>\n","protected":false},"author":2,"featured_media":0,"comment_status":"open","ping_status":"open","sticky":false,"template":"","format":"standard","meta":{"footnotes":""},"categories":[8],"tags":[12,13],"class_list":["post-1851","post","type-post","status-publish","format-standard","hentry","category-aktualnosci","tag-odszkodowanie","tag-zadoscuczynienie"],"_links":{"self":[{"href":"https:\/\/www.odszkodowania.info.pl\/index.php?rest_route=\/wp\/v2\/posts\/1851","targetHints":{"allow":["GET"]}}],"collection":[{"href":"https:\/\/www.odszkodowania.info.pl\/index.php?rest_route=\/wp\/v2\/posts"}],"about":[{"href":"https:\/\/www.odszkodowania.info.pl\/index.php?rest_route=\/wp\/v2\/types\/post"}],"author":[{"embeddable":true,"href":"https:\/\/www.odszkodowania.info.pl\/index.php?rest_route=\/wp\/v2\/users\/2"}],"replies":[{"embeddable":true,"href":"https:\/\/www.odszkodowania.info.pl\/index.php?rest_route=%2Fwp%2Fv2%2Fcomments&post=1851"}],"version-history":[{"count":1,"href":"https:\/\/www.odszkodowania.info.pl\/index.php?rest_route=\/wp\/v2\/posts\/1851\/revisions"}],"predecessor-version":[{"id":1852,"href":"https:\/\/www.odszkodowania.info.pl\/index.php?rest_route=\/wp\/v2\/posts\/1851\/revisions\/1852"}],"wp:attachment":[{"href":"https:\/\/www.odszkodowania.info.pl\/index.php?rest_route=%2Fwp%2Fv2%2Fmedia&parent=1851"}],"wp:term":[{"taxonomy":"category","embeddable":true,"href":"https:\/\/www.odszkodowania.info.pl\/index.php?rest_route=%2Fwp%2Fv2%2Fcategories&post=1851"},{"taxonomy":"post_tag","embeddable":true,"href":"https:\/\/www.odszkodowania.info.pl\/index.php?rest_route=%2Fwp%2Fv2%2Ftags&post=1851"}],"curies":[{"name":"wp","href":"https:\/\/api.w.org\/{rel}","templated":true}]}}