{"id":1877,"date":"2013-01-22T22:06:21","date_gmt":"2013-01-22T21:06:21","guid":{"rendered":"http:\/\/www.odszkodowania.info.pl\/?p=1877"},"modified":"2013-01-22T22:06:21","modified_gmt":"2013-01-22T21:06:21","slug":"cba-bezprawnie-zatrzymalo-go-ws-weroniki-marczuk-teraz-zada-on-2-mln-odszkodowania","status":"publish","type":"post","link":"https:\/\/www.odszkodowania.info.pl\/?p=1877","title":{"rendered":"CBA bezprawnie zatrzyma\u0142o go ws. Weroniki Marczuk. Teraz \u017c\u0105da on 2 mln odszkodowania"},"content":{"rendered":"<p>2 mln z\u0142 &#8211; tyle od skarbu pa\u0144stwa \u017c\u0105da Bogus\u0142aw Seredy\u0144ski za bezpodstawne zatrzymanie go w 2009 r. przez CBA. \u015aledztwo w sprawie rzekomego przyj\u0119cia przez by\u0142ego prezesa Wydawnictwa Naukowo-Technicznych \u0142ap\u00f3wki umorzono z powodu braku dowod\u00f3w. S\u0105d Okr\u0119gowy w Warszawie kontynuowa\u0142 dzi\u015b proces z wniosku Seredy\u0144skiego, kt\u00f3ry \u017c\u0105da 1,5 mln z\u0142 zado\u015b\u0107uczynienia za doznan\u0105 krzywd\u0119 i ponad 500 tys. z\u0142 odszkodowania za straty moralne i materialne. Prokuratura przyznaje, \u017ce nale\u017c\u0105 mu si\u0119 pieni\u0105dze, ale nie w \u017c\u0105danej wysoko\u015bci.<\/p>\n<p><strong>Prywatyzacja Wydawnictw Naukowo-Technicznych<\/strong><\/p>\n<p>W 2009 r. Seredy\u0144ski, w\u00f3wczas prezes najwi\u0119kszego pa\u0144stwowego wydawnictwa, zosta\u0142 zatrzymany przez CBA wraz z radc\u0105 prawnym Weronik\u0105 Marczuk w sprawie przyjmowania rzekomych \u0142ap\u00f3wek za korzystne rozstrzygni\u0119cie prywatyzacji WNT. S\u0105d zwolni\u0142 ich z aresztu po wp\u0142aceniu kaucji.<\/p>\n<p>Pocz\u0105tkowo warszawska prokuratura postawi\u0142a obojgu zarzuty korupcyjne, ale w 2011 r. \u015bledztwo umorzono z braku znamion przest\u0119pstwa. Prokuratura uzna\u0142a, \u017ce brak by\u0142o wiarygodnego podejrzenia, \u017ce Seredy\u0144ski mo\u017ce chcie\u0107 wzi\u0105\u0107 \u0142ap\u00f3wk\u0119 (bez takiej pierwotnej informacji s\u0142u\u017cby nie mog\u0105 podj\u0105\u0107 prowokacji policyjnej). \u015aledczy kwestionowali te\u017c zeznania agent\u00f3w CBA.<\/p>\n<p><strong>&#8222;Mnie zadano \u015bmier\u0107 cywiln\u0105, WNT s\u0105 w likwidacji&#8221;<\/strong><\/p>\n<p>Wed\u0142ug Seredy\u0144skiego kilka razy odm\u00f3wi\u0142 on przyj\u0119cia pieni\u0119dzy od dw\u00f3ch udaj\u0105cych biznesmen\u00f3w agent\u00f3w CBA, w tym Tomasza Kaczmarka (dzi\u015b emeryta CBA i pos\u0142a PiS). W ko\u0144cu podrzucili mu &#8211; jak m\u00f3wi\u0142 dziennikarzom &#8211; 10 tys. euro po upojeniu go alkoholem w jego mieszkaniu. Po tym za\u017c\u0105da\u0142 od nich spisania umowy na tak\u0105, jak si\u0119 t\u0142umaczyli, po\u017cyczk\u0119. &#8211; Zgodzili si\u0119, ale zamiast nich przyby\u0142o do mnie CBA, by mnie zatrzyma\u0107 &#8211; doda\u0142. Podkre\u015bli\u0142, \u017ce tej fazy akcji CBA ju\u017c nie nagrywa\u0142o.<\/p>\n<p>Seredy\u0144ski, in\u017cynier fizyk, podkre\u015bla, \u017ce wskutek akcji CBA straci\u0142 prac\u0119. Doda\u0142, \u017ce minister skarbu odwo\u0142a\u0142 go z funkcji prezesa, zanim us\u0142ysza\u0142 zarzuty. Dzi\u015b pracuje tylko dorywczo i nie swym w zawodzie. &#8211; Nikt nie chce mnie zatrudni\u0107 &#8211; m\u00f3wi\u0142. &#8211; Mnie zadano \u015bmier\u0107 cywiln\u0105, a wydawnictwo jest w upad\u0142o\u015bci likwidacyjnej, bo po operacji CBA nie by\u0142o ju\u017c ch\u0119tnych na prywatyzacj\u0119 &#8211; doda\u0142.<\/p>\n<p><strong>Marczuk: Jego sytuacja \u017cyciowa jest tragiczna<\/strong><\/p>\n<p>Zeznaj\u0105ca we wtorek Marczuk powiedzia\u0142a s\u0105dowi, \u017ce dzi\u015b sytuacja \u017cyciowa Seredy\u0144skiego jest tragiczna. &#8211; On widzia\u0142 \u015bwietlan\u0105 przysz\u0142o\u015b\u0107 wydawnictwa &#8211; zezna\u0142a. \u015awiadek J\u00f3zef Godlewski z firmy zainteresowanej w 2009 r. prywatyzacj\u0105 WNT zezna\u0142, \u017ce pyta\u0142 wtedy Seredy\u0144skiego, czy b\u0119dzie chcia\u0142 pracowa\u0107 tam i po prywatyzacji, co ten potwierdzi\u0142.<\/p>\n<p>&#8211; Proponowa\u0142em mu 15 tys. z\u0142 i 10 proc. premii od zysku &#8211; doda\u0142 \u015bwiadek, wed\u0142ug kt\u00f3rego Seredy\u0144ski nie chcia\u0142 rozmawia\u0107 o zarobkach. &#8211; On zosta\u0142 zniszczony &#8211; doda\u0142 Godlewski. Z kolei \u015bwiadek Jerzy Jerszow, w 2009 r. pracownik resortu skarbu odpowiedzialny za prywatyzacj\u0119 WNP, zezna\u0142, \u017ce ocena pracy Seredy\u0144skiego by\u0142a bardzo dobra. Doda\u0142, \u017ce gdy dowiedzia\u0142 si\u0119 o jego zatrzymaniu, o\u015bwiadczy\u0142 wiceministrowi Krzysztofowi \u0141aszkiewiczowi, \u017ce to prowokacja wobec ministerstwa.<\/p>\n<p>Prokuratura podkre\u015bla, \u017ce trzeba zbada\u0107, gdzie we wrze\u015bniu 2009 r. Seredy\u0144ski by\u0142 przez kilka dni zatrzymany. Wiadomo, \u017ce zwolniono go z policyjnej izby zatrzyma\u0144 w Legionowie. &#8211; Warto to wyja\u015bni\u0107 &#8211; doda\u0142 adwokat Seredy\u0144skiego, mec. Wojciech Pi\u0142at. S\u0105d b\u0119dzie docieka\u0142, czemu &#8211; zgodnie z prawem &#8211; nie osadzono go w areszcie na Mokotowie.<\/p>\n<p><strong>&#8222;Wpie&#8230;my ci\u0119 do wydobywczej, to b\u0119dziesz \u015bpiewa\u0142 jak kanarek&#8221;<\/strong><\/p>\n<p>Seredy\u0144ski m\u00f3wi\u0142, \u017ce cela, w kt\u00f3rej przebywa\u0142, by\u0142a surrealistyczna. Na suficie by\u0142y pal\u0105ce si\u0119 non stop do\u015b\u0107 silne cztery reflektory, o\u015bwietlaj\u0105ce izb\u0119 na potrzeby kamery; jedzenie podawano mu przez szpar\u0119, a g\u00f3rne okienko zas\u0142oni\u0119te by\u0142o foli\u0105. Seredy\u0144ski doda\u0142, \u017ce gdy wioz\u0142o go tam CBA, us\u0142ysza\u0142: &#8222;Wpie&#8230;my ci\u0119 do wydobywczej, to po trzech dniach b\u0119dziesz \u015bpiewa\u0142 jak kanarek&#8221;.<\/p>\n<p>Spraw\u0119 odroczono do 19 kwietnia, kiedy bez medi\u00f3w b\u0119d\u0105 omawiane niejawne akta sprawy, po czym zapewne zapadnie wyrok. Od 2011 r. Prokuratura Okr\u0119gowa Warszawa-Praga prowadzi \u015bledztwo w sprawie nieprawid\u0142owo\u015bci CBA przy tej akcji. Seredy\u0144ski, kt\u00f3ry ma w nim status pokrzywdzonego, \u017c\u0105da \u015bcigania agent\u00f3w CBA i ich prze\u0142o\u017conych za przekroczenie uprawnie\u0144, pod\u017ceganie do przyj\u0119cia \u0142ap\u00f3wki i fa\u0142szowanie dowod\u00f3w. &#8211; Zgodnie z prawem CBA powinno by\u0142o zako\u0144czy\u0107 operacj\u0119 wobec mnie z chwil\u0105, gdy odm\u00f3wi\u0142em przyj\u0119cia pieni\u0119dzy od agent\u00f3w &#8211; doda\u0142. <\/p>\n<p>gazeta.pl<\/p>\n","protected":false},"excerpt":{"rendered":"<p>2 mln z\u0142 &#8211; tyle od skarbu pa\u0144stwa \u017c\u0105da Bogus\u0142aw Seredy\u0144ski za bezpodstawne zatrzymanie go w 2009 r. przez CBA. \u015aledztwo w sprawie rzekomego przyj\u0119cia przez by\u0142ego prezesa Wydawnictwa Naukowo-Technicznych \u0142ap\u00f3wki umorzono z powodu braku dowod\u00f3w. S\u0105d Okr\u0119gowy w Warszawie kontynuowa\u0142 dzi\u015b proces z wniosku Seredy\u0144skiego, kt\u00f3ry \u017c\u0105da 1,5 mln z\u0142 zado\u015b\u0107uczynienia za doznan\u0105 krzywd\u0119 [&hellip;]<\/p>\n","protected":false},"author":2,"featured_media":0,"comment_status":"open","ping_status":"open","sticky":false,"template":"","format":"standard","meta":{"footnotes":""},"categories":[8],"tags":[11,12,13],"class_list":["post-1877","post","type-post","status-publish","format-standard","hentry","category-aktualnosci","tag-marshal","tag-odszkodowanie","tag-zadoscuczynienie"],"_links":{"self":[{"href":"https:\/\/www.odszkodowania.info.pl\/index.php?rest_route=\/wp\/v2\/posts\/1877","targetHints":{"allow":["GET"]}}],"collection":[{"href":"https:\/\/www.odszkodowania.info.pl\/index.php?rest_route=\/wp\/v2\/posts"}],"about":[{"href":"https:\/\/www.odszkodowania.info.pl\/index.php?rest_route=\/wp\/v2\/types\/post"}],"author":[{"embeddable":true,"href":"https:\/\/www.odszkodowania.info.pl\/index.php?rest_route=\/wp\/v2\/users\/2"}],"replies":[{"embeddable":true,"href":"https:\/\/www.odszkodowania.info.pl\/index.php?rest_route=%2Fwp%2Fv2%2Fcomments&post=1877"}],"version-history":[{"count":1,"href":"https:\/\/www.odszkodowania.info.pl\/index.php?rest_route=\/wp\/v2\/posts\/1877\/revisions"}],"predecessor-version":[{"id":1878,"href":"https:\/\/www.odszkodowania.info.pl\/index.php?rest_route=\/wp\/v2\/posts\/1877\/revisions\/1878"}],"wp:attachment":[{"href":"https:\/\/www.odszkodowania.info.pl\/index.php?rest_route=%2Fwp%2Fv2%2Fmedia&parent=1877"}],"wp:term":[{"taxonomy":"category","embeddable":true,"href":"https:\/\/www.odszkodowania.info.pl\/index.php?rest_route=%2Fwp%2Fv2%2Fcategories&post=1877"},{"taxonomy":"post_tag","embeddable":true,"href":"https:\/\/www.odszkodowania.info.pl\/index.php?rest_route=%2Fwp%2Fv2%2Ftags&post=1877"}],"curies":[{"name":"wp","href":"https:\/\/api.w.org\/{rel}","templated":true}]}}