{"id":1905,"date":"2013-02-18T15:11:13","date_gmt":"2013-02-18T14:11:13","guid":{"rendered":"http:\/\/www.odszkodowania.info.pl\/?p=1905"},"modified":"2015-02-10T23:32:08","modified_gmt":"2015-02-10T22:32:08","slug":"czy-kpp-dzierzoniow-to-agencja-votum","status":"publish","type":"post","link":"https:\/\/www.odszkodowania.info.pl\/?p=1905","title":{"rendered":"Czy KPP Dzier\u017coni\u00f3w to agencja VOTUM?"},"content":{"rendered":"<p>Sprawa zacz\u0119\u0142a si\u0119 do\u015b\u0107 typowo. Poszkodowana w wypadku komunikacyjnym w czasie przes\u0142uchania na KPP w Dzier\u017coniowie dosta\u0142a propozycj\u0119 &#8230; Przes\u0142uchuj\u0105cy Policjant zaproponowa\u0142 Pani pomoc osoby, kt\u00f3ra \u201e<em>za\u0142atwi jej<\/em>\u201d odszkodowanie. Pani by\u0142a lekko zdziwiona tak\u0105 propozycj\u0105, ale poniewa\u017c spraw\u0105 wypadku ju\u017c si\u0119 kto\u015b zajmowa\u0142 po prostu odm\u00f3wi\u0142a i na tym sprawa mog\u0142aby si\u0119 sko\u0144czy\u0107. Poszkodowana jednak &#8211; zdumiona takim zachowaniem policjanta &#8211; postanowi\u0142a o fakcie oferowania \u201e<em>po\u015brednictwa<\/em>\u201d w za\u0142atwianiu sprawy poinformowa\u0107 oficjalnie.<\/p>\n<p><strong>Za chwil\u0119 jednak sprawa mia\u0142a si\u0119 okaza\u0107 du\u017co bardziej zdumiewaj\u0105ca. <\/strong><\/p>\n<p>Sygna\u0142y o \u201ewsp\u00f3\u0142pracy\u201d policjant\u00f3w i agent\u00f3w firmy VOTUM S.A. z Wroc\u0142awia nie by\u0142o trudno znale\u017a\u0107 w Internecie. Pytanie czy rzeczywi\u015bcie tak\u017ce z policjantami KPP w Dzier\u017coniowie? Kilka drobnych poszukiwa\u0144 na FB i szybko odkrywamy siatk\u0119 znajomych by\u0142ego policjanta <strong>Janusza Bukowskiego<\/strong>, kt\u00f3ry przedstawia si\u0119 na FB obecnie jako pracownik (?) MSWiA, a jednocze\u015bnie tak\u017ce agent VOTUM S.A. W\u015br\u00f3d tych\u017ce znajomych &#8211; zapewne aktualnych, skoro aktywowanych na FB w latach 2011, 2012 &#8211; jest wielu policjant\u00f3w KPP w Dzier\u017coniowie. W\u015br\u00f3d nich np. policjantka <strong>Monika R\u00f3\u017cycka<\/strong> z KPP w Dzier\u017coniowie, kt\u00f3ra jak si\u0119 okazuje jest chyba z grona tych bardzo dobrych znajomych.<\/p>\n<p>Ma\u0142a \u201e<em>prowokacja<\/em>\u201d dziennikarska pokazuje prawdziwy stosunek \u201e<em>do za\u0142atwiania<\/em>\u201d spraw odszkodowa\u0144. Dzwonimy do Pana <strong>Janusza Bukowskiego<\/strong> w sprawie pomocy w zwi\u0105zku z wypadkiem. Agent VOTUM S.A. jest bardzo zadowolony, chce pilnie si\u0119 spotka\u0107, daje rady \u2026 nie jest zdziwiony i\u017c polecony zosta\u0142 (rzekomo, bo to musimy przyzna\u0107 akurat tylko dziennikarski punkt zaczepienia do rozmowy) przez policjantk\u0119 <strong>Monik\u0119 R\u00f3\u017cyck\u0105<\/strong>. Stwierdza po prostu, \u017ce dobrze J\u0105 zna, a \u201e<em>Monika wie czym si\u0119 zajmuje<\/em>\u201d. Co wa\u017cniejsze, po chwili rozmowy agent VOTUM S.A. nie widzi problemu, aby w sprawie spotka\u0107 si\u0119 w budynku Komendy Powiatowej Policji w Dzier\u017coniowie w pokoju Pani <strong>Moniki R\u00f3\u017cyckiej<\/strong> i tam om\u00f3wi\u0107 spraw\u0119!!! Deklaruje, \u017ce <strong>Monika R\u00f3\u017cycka<\/strong> bez problemu zrobi nam kopi\u0119 niezb\u0119dnej dokumentacji w ramach \u201e<em>drobnej przys\u0142ugi<\/em>\u201d!!! Pan czuje si\u0119 pewnie i nie traktuje spotkania biznesowego w komendzie policji, jako czego\u015b absurdalnego, sprzecznego z etyk\u0105 czy cho\u0107by kreuj\u0105cego jaki\u015b szczeg\u00f3lny problem. Tak, jakby by\u0142o to miejsce za\u0142atwiania podobnych interesik\u00f3w tak po prostu &#8211; bezpiecznie, bez kontroli, bez zupe\u0142nego zainteresowania prze\u0142o\u017conych.<\/p>\n<p>Niestety mamy sygna\u0142y, \u017ce nie tylko ta jedna osoba tak traktuje KPP w Dzier\u017coniowie &#8211; d\u0142ugopisy i kalendarze firmy VOTUM S.A. z Wroc\u0142awia s\u0105 elementem wystroju nie jednego pokoju. Czy oznacza to, \u017ce w\u0142a\u015bciwie mo\u017cna by by\u0142o \u015bci\u0105gn\u0105\u0107 tablic\u0119 KPP w Dzier\u017coniowie i zast\u0105pi\u0107 j\u0105 czym\u015b, co jest bardziej zgodne z faktycznym procederem, jaki si\u0119 w tym budynku odbywa?<\/p>\n<p>Nagrania z rozm\u00f3w i spotka\u0144 zosta\u0142y przekazane przez nas organom \u015bcigania, kt\u00f3re spraw\u0105 si\u0119 ju\u017c zainteresowa\u0142y. Zostan\u0105 one upublicznione zaraz po ich opracowaniu.<\/p>\n<p style=\"text-align: center;\"><a href=\"http:\/\/www.odszkodowania.info.pl\/wp-content\/uploads\/bukowski_FB.jpg\"><img fetchpriority=\"high\" decoding=\"async\" class=\"aligncenter size-medium wp-image-1907\" alt=\"bukowski_FB\" src=\"http:\/\/www.odszkodowania.info.pl\/wp-content\/uploads\/bukowski_FB-300x210.jpg\" width=\"300\" height=\"210\" srcset=\"https:\/\/www.odszkodowania.info.pl\/wp-content\/uploads\/bukowski_FB-300x210.jpg 300w, https:\/\/www.odszkodowania.info.pl\/wp-content\/uploads\/bukowski_FB-1024x717.jpg 1024w, https:\/\/www.odszkodowania.info.pl\/wp-content\/uploads\/bukowski_FB.jpg 1059w\" sizes=\"(max-width: 300px) 100vw, 300px\" \/><\/a><\/p>\n","protected":false},"excerpt":{"rendered":"<p>Sprawa zacz\u0119\u0142a si\u0119 do\u015b\u0107 typowo. Poszkodowana w wypadku komunikacyjnym w czasie przes\u0142uchania na KPP w Dzier\u017coniowie dosta\u0142a propozycj\u0119 &#8230; Przes\u0142uchuj\u0105cy Policjant zaproponowa\u0142 Pani pomoc osoby, kt\u00f3ra \u201eza\u0142atwi jej\u201d odszkodowanie. Pani by\u0142a lekko zdziwiona tak\u0105 propozycj\u0105, ale poniewa\u017c spraw\u0105 wypadku ju\u017c si\u0119 kto\u015b zajmowa\u0142 po prostu odm\u00f3wi\u0142a i na tym sprawa mog\u0142aby si\u0119 sko\u0144czy\u0107. Poszkodowana jednak [&hellip;]<\/p>\n","protected":false},"author":2,"featured_media":0,"comment_status":"open","ping_status":"open","sticky":false,"template":"","format":"standard","meta":{"footnotes":""},"categories":[8,45],"tags":[123,74],"class_list":["post-1905","post","type-post","status-publish","format-standard","hentry","category-aktualnosci","category-artykul-glowny","tag-policja","tag-votum"],"_links":{"self":[{"href":"https:\/\/www.odszkodowania.info.pl\/index.php?rest_route=\/wp\/v2\/posts\/1905","targetHints":{"allow":["GET"]}}],"collection":[{"href":"https:\/\/www.odszkodowania.info.pl\/index.php?rest_route=\/wp\/v2\/posts"}],"about":[{"href":"https:\/\/www.odszkodowania.info.pl\/index.php?rest_route=\/wp\/v2\/types\/post"}],"author":[{"embeddable":true,"href":"https:\/\/www.odszkodowania.info.pl\/index.php?rest_route=\/wp\/v2\/users\/2"}],"replies":[{"embeddable":true,"href":"https:\/\/www.odszkodowania.info.pl\/index.php?rest_route=%2Fwp%2Fv2%2Fcomments&post=1905"}],"version-history":[{"count":4,"href":"https:\/\/www.odszkodowania.info.pl\/index.php?rest_route=\/wp\/v2\/posts\/1905\/revisions"}],"predecessor-version":[{"id":1910,"href":"https:\/\/www.odszkodowania.info.pl\/index.php?rest_route=\/wp\/v2\/posts\/1905\/revisions\/1910"}],"wp:attachment":[{"href":"https:\/\/www.odszkodowania.info.pl\/index.php?rest_route=%2Fwp%2Fv2%2Fmedia&parent=1905"}],"wp:term":[{"taxonomy":"category","embeddable":true,"href":"https:\/\/www.odszkodowania.info.pl\/index.php?rest_route=%2Fwp%2Fv2%2Fcategories&post=1905"},{"taxonomy":"post_tag","embeddable":true,"href":"https:\/\/www.odszkodowania.info.pl\/index.php?rest_route=%2Fwp%2Fv2%2Ftags&post=1905"}],"curies":[{"name":"wp","href":"https:\/\/api.w.org\/{rel}","templated":true}]}}