{"id":1911,"date":"2013-02-18T15:44:44","date_gmt":"2013-02-18T14:44:44","guid":{"rendered":"http:\/\/www.odszkodowania.info.pl\/?p=1911"},"modified":"2013-02-18T15:44:44","modified_gmt":"2013-02-18T14:44:44","slug":"15-roku-siedzial-w-areszcie-student-walczy-o-odszkodowanie-chce-pol-miliona-zlotych","status":"publish","type":"post","link":"https:\/\/www.odszkodowania.info.pl\/?p=1911","title":{"rendered":"1,5 roku siedzia\u0142 w areszcie. Student walczy o odszkodowanie. Chce p\u00f3\u0142 miliona z\u0142otych"},"content":{"rendered":"<p>Pozna\u0144ski student chce p\u00f3\u0142 miliona z\u0142otych odszkodowania za nies\u0142uszny, jego zdaniem, areszt. Mateusz N. za kratkami sp\u0119dzi\u0142 1,5 roku po tym, jak napadni\u0119ty przez grup\u0119 podpitych m\u0119\u017cczyzn, broni\u0105c si\u0119, \u015bmiertelnie ugodzi\u0142 no\u017cem jednego z agresor\u00f3w. W ubieg\u0142ym roku prawomocnym wyrokiem zosta\u0142 oczyszczony z zarzutu zab\u00f3jstwa.<\/p>\n<p>Do napa\u015bci dosz\u0142o w sierpniu 2009 roku. Mateusz przed jednym ze sklep\u00f3w czeka\u0142 na przyjaciela, gdy zaczepi\u0142a go grupa podpitych m\u0119\u017cczyzn. Jeden z nich, najbardziej agresywny, rzuci\u0142 si\u0119 na 18-latka, bo ten gra\u0142 na gitarze i nie zamierza\u0142 przesta\u0107, czego domaga\u0142 si\u0119 pijany m\u0119\u017cczyzna. Najpierw obrzuci\u0142 Mateusza wyzwiskami, p\u00f3\u017aniej zacz\u0105\u0142 go bi\u0107. Ch\u0142opak pocz\u0105tkowo pr\u00f3bowa\u0142 unika\u0107 cios\u00f3w napastnika, ale po kilku mocnych uderzeniach, widz\u0105c, \u017ce nie poradzi sobie z silniejszym m\u0119\u017cczyzn\u0105, wyci\u0105gn\u0105\u0142 z kieszeni n\u00f3\u017c. My\u015bla\u0142, \u017ce zniech\u0119ci w ten spos\u00f3b go do walki, ale tak si\u0119 nie sta\u0142o. Mateusz, broni\u0105c si\u0119, \u015bmiertelnie ugodzi\u0142 napastnika no\u017cem. Kilka godzin p\u00f3\u017aniej zosta\u0142 zabrany z domu przez policj\u0119. I trafi\u0142 do aresztu.<\/p>\n<p><strong>To by\u0142a obrona konieczna<\/strong><\/p>\n<p>Mecenas Cezary Rajski, pe\u0142nomocnik ch\u0142opaka, nie mia\u0142 w\u0105tpliwo\u015bci, \u017ce Mateusz dzia\u0142a\u0142 w obronie koniecznej. &#8211; On mia\u0142 prawo w taki spos\u00f3b si\u0119 broni\u0107, bo przecie\u017c zosta\u0142 napadni\u0119ty. To by\u0142 bezpo\u015bredni i bezprawny atak, kt\u00f3ry godzi\u0142 w jego zdrowie, a mo\u017ce w jego \u017cycie, st\u0105d Mateusz mia\u0142 prawo u\u017cy\u0107 nawet tak niebezpiecznego narz\u0119dzia, jakim jest n\u00f3\u017c &#8211; argumentuje.<\/p>\n<p>Zupe\u0142nie inaczej oceni\u0142 to prokurator, uznaj\u0105c, \u017ce ch\u0142opak wyci\u0105gaj\u0105c n\u00f3\u017c, dzia\u0142a\u0142 z jednoznacznym zamiarem odebrania \u017cycia napastnikowi. I 18-latek us\u0142ysza\u0142 zarzut zab\u00f3jstwa, szybko trafi\u0142 do aresztu, z kt\u00f3rego wyszed\u0142 dopiero po 1,5 roku.<\/p>\n<p><strong>Ka\u017cdy zrobi\u0142by to samo<\/strong><\/p>\n<p>Adwokat Cezary Rajski zwraca uwag\u0119, \u017ce sytuacja, w kt\u00f3rej znalaz\u0142 si\u0119 18-latek, by\u0142a zupe\u0142nie przypadkowa, a na jego miejscu m\u00f3g\u0142 znale\u017a\u0107 si\u0119 ka\u017cdy z nas. &#8211; Mateusz by\u0142 sam, otoczony przez grup\u0119 agresywnych, pijanych m\u0119\u017cczyzn, bez szans na ucieczk\u0119. Z napastnikiem, kt\u00f3ry dodatkowo by\u0142 pod wp\u0142ywem narkotyk\u00f3w (wykaza\u0142a to p\u00f3\u017aniej sekcja zw\u0142ok) nie zna\u0142 si\u0119. To, \u017ce dosz\u0142o mi\u0119dzy nimi do starcia, by\u0142o efektem okoliczno\u015bci absolutnie niezawinionych przez Mateusza &#8211; uwa\u017ca prawnik.<\/p>\n<p>Licealista ju\u017c kiedy\u015b zosta\u0142 napadni\u0119ty wieczorem, ale wtedy wyszed\u0142 z opresji bez szwanku. Od tego wydarzenia nosi\u0142 przy sobie w\u0142a\u015bnie n\u00f3\u017c, z kt\u00f3rym czu\u0142 si\u0119 bezpieczniej.<\/p>\n<p><strong>Areszt przed\u0142u\u017cany i przed\u0142u\u017cany<\/strong><\/p>\n<p>Ch\u0142opak nigdy wcze\u015bniej nie by\u0142 karany. Cieszy\u0142 si\u0119 dobr\u0105 opini\u0105 w\u015br\u00f3d s\u0105siad\u00f3w i nauczycieli, w szkole by\u0142 lubiany przez koleg\u00f3w, bardzo dobrze si\u0119 uczy\u0142. S\u0105d nie pozwoli\u0142 mu jednak odpowiada\u0107 w procesie z wolnej stopy, mimo \u017ce mia\u0142 nieposzlakowan\u0105 opini\u0119. S\u0105d zdecydowa\u0142, \u017ce 18-latek do og\u0142oszenia wyroku musi pozosta\u0107 w areszcie, kt\u00f3ry zreszt\u0105 wielokrotnie mu przed\u0142u\u017ca\u0142.<\/p>\n<p><strong>Surowy wyrok. A potem<\/strong><\/p>\n<p>W pa\u017adzierniku 2010 roku s\u0105d pierwszej instancji uzna\u0142 Mateusza winnym zab\u00f3jstwa i skaza\u0142 na 8 lat wi\u0119zienia. Pe\u0142nomocnik 18-latka nie podda\u0142 si\u0119 i z\u0142o\u017cy\u0142 apelacj\u0119 od niekorzystnego wyroku. Uzna\u0142, \u017ce dowody zebrane przez \u015bledczych zosta\u0142y przez s\u0105d niew\u0142a\u015bciwie ocenione.<\/p>\n<p>W styczniu 2011 roku niekorzystny dla Mateusza wyrok zosta\u0142 uchylony, a sprawa przekazana do ponownego rozpatrzenia. Rok p\u00f3\u017aniej, w styczniu 2012, S\u0105d Okr\u0119gowy w Poznaniu uniewinni\u0142 Mateusza od zarzutu zab\u00f3jstwa, uznaj\u0105c, \u017ce licealista, u\u017cywaj\u0105c no\u017ca, dzia\u0142a\u0142 w obronie koniecznej. Kilka miesi\u0119cy p\u00f3\u017aniej wyrok utrzyma\u0142 w mocy s\u0105d apelacyjny. &#8211; To stanowi dla pana Mateusza podstaw\u0119, by stara\u0107 si\u0119 o odszkodowanie i zado\u015b\u0107uczynienie za tymczasowe aresztowanie, kt\u00f3re jego zdaniem by\u0142o nies\u0142uszne t\u0142umaczy TOK FM s\u0119dzia Jarema Sawi\u0144ski. I dodaje: &#8211; Pan Mateusz w sytuacji, w jakiej si\u0119 znalaz\u0142, obron\u0119 konieczn\u0105 zastosowa\u0142 w spos\u00f3b prawid\u0142owy i s\u0142uszny.<\/p>\n<p><strong>Bolesne wej\u015bcie w doros\u0142o\u015b\u0107<\/strong><\/p>\n<p>Mateusz w areszcie sp\u0119dzi\u0142 ponad 1,5 roku, pobyt w celi fatalnie odbi\u0142 si\u0119 na \u017cyciu i zdrowiu w\u00f3wczas 18-letniego ch\u0142opaka. Dlatego nie chce o tym rozmawia\u0107. &#8211; To by\u0142 najgorszy czas w jego \u017cyciu. Nagle zosta\u0142 wyrwany z naturalnego \u015brodowiska, w jakim \u017cy\u0142. Odizolowany od rodziny, przyjaci\u00f3\u0142, r\u00f3wie\u015bnik\u00f3w za\u0142ama\u0142 si\u0119 psychicznie. Poza tym pobyt w areszcie skutkowa\u0142 przerwaniem edukacji, a p\u00f3\u017aniej napi\u0119tnowaniem spo\u0142ecznym &#8211; opowiada jego obro\u0144ca Cezary Rajski.<\/p>\n<p>Za kratkami Mateusz nabawi\u0142 si\u0119 depresji i stan\u00f3w l\u0119kowych. Po wyj\u015bciu z aresztu leczy\u0142 si\u0119 psychiatrycznie, co potwierdzaj\u0105 opinie bieg\u0142ych lekarzy. &#8211; Za\u015bwiadczaj\u0105, \u017ce ta sytuacja mia\u0142a istotny wp\u0142yw na pogorszenie si\u0119 jego zdrowia psychicznego i rozwoju emocjonalnego.<\/p>\n<p><strong>P\u00f3\u0142 miliona<\/strong><\/p>\n<p>Przypadek Mateusza nie jest odosobniony, podkre\u015bla s\u0119dzia Jarema Sawi\u0144ski. Bo &#8211; niestety &#8211; ci\u0105gle zdarzaj\u0105 si\u0119 sytuacje, w kt\u00f3rych cz\u0142owiek nies\u0142usznie trafia do aresztu. &#8211; Wtedy takie odszkodowania s\u0105 przez s\u0105dy przyznawane &#8211; m\u00f3wi rzecznik S\u0105du Okr\u0119gowego w Poznaniu. Dlatego Mateusz &#8211; dzi\u015b ju\u017c student jednej z pozna\u0144skich uczelni &#8211; walczy o odszkodowanie.<\/p>\n<p>Za ka\u017cdy dzie\u0144 sp\u0119dzony za kratkami domaga si\u0119 tysi\u0105ca z\u0142otych. \u0141\u0105cznie daje to kwot\u0119 prawie p\u00f3\u0142 miliona z\u0142otych, kt\u00f3rej chcia\u0142by od skarbu pa\u0144stwa za nies\u0142uszny jego zdaniem areszt. &#8211; Mamy wiele mocnych dowod\u00f3w na to, jakim pi\u0119tnem p\u00f3\u0142toraroczny areszt odbi\u0142 i odbije si\u0119 na ca\u0142ym \u017cyciu tego m\u0142odego cz\u0142owieka. My\u015bl\u0119, \u017ce s\u0105d wyci\u0105gnie z tych dowod\u00f3w odpowiednie wnioski &#8211; podkre\u015bla mecenas Cezary Rajski. &#8211; A o nies\u0142uszno\u015bci aresztu jednoznacznie \u015bwiadczy fakt oczyszczenia Mateusza z zarzut\u00f3w i uniewinnia.<\/p>\n<p>S\u0119dzia Jarema Sawi\u0144ski dodaje, \u017ce dotychczasowa linia orzecznicza S\u0105du Najwy\u017cszego pokazuje, \u017ce takie roszczenia nie s\u0105 bezpodstawne.<\/p>\n<p>Przed podj\u0119ciem decyzji w sprawie odszkodowania i zado\u015b\u0107uczynienia s\u0105d okr\u0119gowy przes\u0142ucha bieg\u0142ych lekarzy, kt\u00f3rzy wydali opini\u0119 o stanie zdrowia Mateusza. <\/p>\n<p>gazeta.pl<\/p>\n","protected":false},"excerpt":{"rendered":"<p>Pozna\u0144ski student chce p\u00f3\u0142 miliona z\u0142otych odszkodowania za nies\u0142uszny, jego zdaniem, areszt. Mateusz N. za kratkami sp\u0119dzi\u0142 1,5 roku po tym, jak napadni\u0119ty przez grup\u0119 podpitych m\u0119\u017cczyzn, broni\u0105c si\u0119, \u015bmiertelnie ugodzi\u0142 no\u017cem jednego z agresor\u00f3w. W ubieg\u0142ym roku prawomocnym wyrokiem zosta\u0142 oczyszczony z zarzutu zab\u00f3jstwa. Do napa\u015bci dosz\u0142o w sierpniu 2009 roku. Mateusz przed jednym [&hellip;]<\/p>\n","protected":false},"author":2,"featured_media":0,"comment_status":"open","ping_status":"open","sticky":false,"template":"","format":"standard","meta":{"footnotes":""},"categories":[8],"tags":[12,123],"class_list":["post-1911","post","type-post","status-publish","format-standard","hentry","category-aktualnosci","tag-odszkodowanie","tag-policja"],"_links":{"self":[{"href":"https:\/\/www.odszkodowania.info.pl\/index.php?rest_route=\/wp\/v2\/posts\/1911","targetHints":{"allow":["GET"]}}],"collection":[{"href":"https:\/\/www.odszkodowania.info.pl\/index.php?rest_route=\/wp\/v2\/posts"}],"about":[{"href":"https:\/\/www.odszkodowania.info.pl\/index.php?rest_route=\/wp\/v2\/types\/post"}],"author":[{"embeddable":true,"href":"https:\/\/www.odszkodowania.info.pl\/index.php?rest_route=\/wp\/v2\/users\/2"}],"replies":[{"embeddable":true,"href":"https:\/\/www.odszkodowania.info.pl\/index.php?rest_route=%2Fwp%2Fv2%2Fcomments&post=1911"}],"version-history":[{"count":1,"href":"https:\/\/www.odszkodowania.info.pl\/index.php?rest_route=\/wp\/v2\/posts\/1911\/revisions"}],"predecessor-version":[{"id":1912,"href":"https:\/\/www.odszkodowania.info.pl\/index.php?rest_route=\/wp\/v2\/posts\/1911\/revisions\/1912"}],"wp:attachment":[{"href":"https:\/\/www.odszkodowania.info.pl\/index.php?rest_route=%2Fwp%2Fv2%2Fmedia&parent=1911"}],"wp:term":[{"taxonomy":"category","embeddable":true,"href":"https:\/\/www.odszkodowania.info.pl\/index.php?rest_route=%2Fwp%2Fv2%2Fcategories&post=1911"},{"taxonomy":"post_tag","embeddable":true,"href":"https:\/\/www.odszkodowania.info.pl\/index.php?rest_route=%2Fwp%2Fv2%2Ftags&post=1911"}],"curies":[{"name":"wp","href":"https:\/\/api.w.org\/{rel}","templated":true}]}}