{"id":1913,"date":"2013-02-19T09:18:39","date_gmt":"2013-02-19T08:18:39","guid":{"rendered":"http:\/\/www.odszkodowania.info.pl\/?p=1913"},"modified":"2013-02-19T09:18:39","modified_gmt":"2013-02-19T08:18:39","slug":"poszkodowani-przez-iii-rzesze-mobilizuja-sie-chca-odszkodowan","status":"publish","type":"post","link":"https:\/\/www.odszkodowania.info.pl\/?p=1913","title":{"rendered":"Poszkodowani przez III Rzesz\u0119 mobilizuj\u0105 si\u0119 &#8211; chc\u0105 odszkodowa\u0144"},"content":{"rendered":"<p>O zado\u015b\u0107uczynienie od pa\u0144stwa niemieckiego za wyp\u0119dzenie w czasie II wojny do Generalnego Gubernatorstwa zamierza walczy\u0107 Wsp\u00f3lnota Polak\u00f3w Wyp\u0119dzonych i Poszkodowanych przez Niemc\u00f3w w latach 1939-1945. Poszkodowani przez III Rzesz\u0119 mobilizuj\u0105 si\u0119. O zado\u015b\u0107uczynienie od pa\u0144stwa niemieckiego za wyp\u0119dzenie w czasie II wojny do Generalnego Gubernatorstwa zamierza walczy\u0107 Wsp\u00f3lnota Polak\u00f3w Wyp\u0119dzonych i Poszkodowanych przez Niemc\u00f3w w latach 1939-1945.<\/p>\n<p>Do sali przy ko\u015bciele Bo\u017cego Cia\u0142a przysz\u0142o w poniedzia\u0142ek ok. 200 poznaniak\u00f3w w wieku 50-90 lat. Wszystkich przyci\u0105gn\u0119\u0142o spotkanie, zorganizowane przez stowarzyszenie Wsp\u00f3lnota Polak\u00f3w Wyp\u0119dzonych i Poszkodowanych przez Niemc\u00f3w w latach 1939-1945, reklamowane jako pocz\u0105tek walki o niemieckie odszkodowanie. Na spotkanie z adwokatem Maciejem Obr\u0119bskim z Kancelarii Celichowskiego przyszli zar\u00f3wno ci, kt\u00f3rych Niemcy wyp\u0119dzili z dom\u00f3w w latach 1939-1941, jak i ich dzieci.<\/p>\n<p>Historycy szacuj\u0105, \u017ce w czasie ostatniej wojny Niemcy wywie\u017ali z Wielkopolski do GG ponad 600 tys. Polak\u00f3w. Niemal wszyscy stracili nie tylko dorobek \u017cycia, ale cz\u0119sto r\u00f3wnie\u017c bliskich, kt\u00f3rzy zostali zamordowani lub zmarli w trakcie brutalnie prowadzonych wyw\u00f3zek. \u017baden z poszkodowanych nie uzyska\u0142 odszkodowania czy zado\u015b\u0107uczynienia.<\/p>\n<p>Mecenas Obr\u0119bski da\u0142 zebranym tylko niewielk\u0105 nadziej\u0119. &#8211; To s\u0105 sprawy trudne i poziom szans nale\u017cy sobie okre\u015bli\u0107 niezbyt wysoko &#8211; studzi\u0142 emocje. &#8211; Wiele wniosk\u00f3w przed polskimi s\u0105dami zako\u0144czy\u0142o si\u0119 niepowodzeniem. S\u0105d Najwy\u017cszy uwa\u017ca bowiem, \u017ce nie mo\u017cna pozwa\u0107 innego pa\u0144stwa przed s\u0105d w\u0142asnego pa\u0144stwa. Niemcy mo\u017cna pozwa\u0107 tylko przed s\u0105dem niemieckim &#8211; t\u0142umaczy\u0142. Zaznaczy\u0142 jednak, \u017ce coraz cz\u0119\u015bciej w zasadzie tzw. immunitetu pa\u0144stwa pojawiaj\u0105 si\u0119 wyj\u0105tki. I doda\u0142, \u017ce sprawy wyp\u0119dzonych maj\u0105 charakter zbrodni wojennych, a stanowiska s\u0119dzi\u00f3w Europejskiego Trybuna\u0142u Praw Cz\u0142owieka bywaj\u0105 rozbie\u017cne. W tym mecenas Obr\u0119bski upatruje szansy ewentualnych wniosk\u00f3w poznaniak\u00f3w.<\/p>\n<p>&#8211; Poniewa\u017c sprawy o zado\u015b\u0107uczynienie mog\u0105 si\u0119 toczy\u0107 tylko indywidualnie, plan jest taki: najpierw z\u0142o\u017cymy pozew indywidualny w s\u0105dzie polskim, kt\u00f3ry zako\u0144czy si\u0119 prawdopodobnie uznaniem si\u0119 s\u0105du za niew\u0142a\u015bciwy w tej sprawie &#8211; m\u00f3wi\u0142 Obr\u0119bski. &#8211; T\u0119 drog\u0119 trzeba jednak przej\u015b\u0107, aby m\u00f3c zaskar\u017cy\u0107 decyzj\u0119 s\u0105du do Europejskiego Trybuna\u0142u. To sprawa z\u0142o\u017cona, nigdy nie wiadomo, jak si\u0119 zako\u0144czy.<\/p>\n<p>Zdaniem adwokata, sprawa przed Trybuna\u0142em mo\u017ce potrwa\u0107 2-3 lata. Poszkodowani przez III Rzesz\u0119 pytali go, gdzie mog\u0105 znale\u017a\u0107 dokumenty po\u015bwiadczaj\u0105ce wywiezienie. I czy domaga\u0107 si\u0119 tak\u017ce odszkodowania z tytu\u0142u utraty bliskich. &#8211; To zrobimy w drugiej kolejno\u015bci. Najpierw ograniczmy si\u0119 do sprawy o zado\u015b\u0107uczynienie. Jak si\u0119 uda, powstanie precedens, kt\u00f3ry pomo\u017ce nam w innych sprawach &#8211; proponowa\u0142 mecenas.<\/p>\n<p>gazeta.pl<\/p>\n","protected":false},"excerpt":{"rendered":"<p>O zado\u015b\u0107uczynienie od pa\u0144stwa niemieckiego za wyp\u0119dzenie w czasie II wojny do Generalnego Gubernatorstwa zamierza walczy\u0107 Wsp\u00f3lnota Polak\u00f3w Wyp\u0119dzonych i Poszkodowanych przez Niemc\u00f3w w latach 1939-1945. Poszkodowani przez III Rzesz\u0119 mobilizuj\u0105 si\u0119. O zado\u015b\u0107uczynienie od pa\u0144stwa niemieckiego za wyp\u0119dzenie w czasie II wojny do Generalnego Gubernatorstwa zamierza walczy\u0107 Wsp\u00f3lnota Polak\u00f3w Wyp\u0119dzonych i Poszkodowanych przez Niemc\u00f3w [&hellip;]<\/p>\n","protected":false},"author":2,"featured_media":0,"comment_status":"open","ping_status":"open","sticky":false,"template":"","format":"standard","meta":{"footnotes":""},"categories":[8],"tags":[12,13],"class_list":["post-1913","post","type-post","status-publish","format-standard","hentry","category-aktualnosci","tag-odszkodowanie","tag-zadoscuczynienie"],"_links":{"self":[{"href":"https:\/\/www.odszkodowania.info.pl\/index.php?rest_route=\/wp\/v2\/posts\/1913","targetHints":{"allow":["GET"]}}],"collection":[{"href":"https:\/\/www.odszkodowania.info.pl\/index.php?rest_route=\/wp\/v2\/posts"}],"about":[{"href":"https:\/\/www.odszkodowania.info.pl\/index.php?rest_route=\/wp\/v2\/types\/post"}],"author":[{"embeddable":true,"href":"https:\/\/www.odszkodowania.info.pl\/index.php?rest_route=\/wp\/v2\/users\/2"}],"replies":[{"embeddable":true,"href":"https:\/\/www.odszkodowania.info.pl\/index.php?rest_route=%2Fwp%2Fv2%2Fcomments&post=1913"}],"version-history":[{"count":1,"href":"https:\/\/www.odszkodowania.info.pl\/index.php?rest_route=\/wp\/v2\/posts\/1913\/revisions"}],"predecessor-version":[{"id":1914,"href":"https:\/\/www.odszkodowania.info.pl\/index.php?rest_route=\/wp\/v2\/posts\/1913\/revisions\/1914"}],"wp:attachment":[{"href":"https:\/\/www.odszkodowania.info.pl\/index.php?rest_route=%2Fwp%2Fv2%2Fmedia&parent=1913"}],"wp:term":[{"taxonomy":"category","embeddable":true,"href":"https:\/\/www.odszkodowania.info.pl\/index.php?rest_route=%2Fwp%2Fv2%2Fcategories&post=1913"},{"taxonomy":"post_tag","embeddable":true,"href":"https:\/\/www.odszkodowania.info.pl\/index.php?rest_route=%2Fwp%2Fv2%2Ftags&post=1913"}],"curies":[{"name":"wp","href":"https:\/\/api.w.org\/{rel}","templated":true}]}}