{"id":1924,"date":"2013-02-21T19:15:27","date_gmt":"2013-02-21T18:15:27","guid":{"rendered":"http:\/\/www.odszkodowania.info.pl\/?p=1924"},"modified":"2013-02-21T19:15:27","modified_gmt":"2013-02-21T18:15:27","slug":"samobojstwo-kierowcy-wypadkiem-przy-pracy","status":"publish","type":"post","link":"https:\/\/www.odszkodowania.info.pl\/?p=1924","title":{"rendered":"Samob\u00f3jstwo kierowcy wypadkiem przy pracy"},"content":{"rendered":"<p>To by\u0142 wypadek przy pracy &#8211; orzek\u0142 s\u0105d odwo\u0142awczy w sprawie samob\u00f3jstwa jednego z kierowc\u00f3w bia\u0142ostockiego PKS-u. Na takiej decyzji s\u0105du zale\u017ca\u0142o wdowie po kierowcy. Dopiero teraz kobieta, b\u0119dzie mog\u0142a ubiega\u0107 si\u0119 o rent\u0119 rodzinn\u0105 czy zasi\u0142ek z ZUS-u.<\/p>\n<p>Przed S\u0105dem Okr\u0119gowym w Bia\u0142ymstoku zapad\u0142 prawomocny wyrok dotycz\u0105cy tragedii, jaka rozegra\u0142a si\u0119 podczas strajku w bia\u0142ostockim PKS-ie.<\/p>\n<p>Jak informuje rzecznik s\u0105du okr\u0119gowego Przemys\u0142aw Wasilewski, od wyroku odwo\u0142a\u0142 si\u0119 pe\u0142nomocnik wdowy po tym, jak we wrze\u015bniu ubieg\u0142ego roku pow\u00f3dztwo kobiety oddali\u0142 S\u0105d Rejonowy w Bia\u0142ymstoku.<\/p>\n<p>W trakcie procesu pe\u0142nomocnik wdowy przekonywa\u0142, \u017ce samob\u00f3jstwo nie wynika\u0142o z k\u0142opot\u00f3w prywatnych, mog\u0142o by\u0107 zwi\u0105zane z napi\u0119ciem w zwi\u0105zku z trudn\u0105 sytuacj\u0105 w pracy. Sprawa rozegra\u0142a si\u0119 za drzwiami zamkni\u0119tymi, o co wnosi\u0142y obydwie strony.<\/p>\n<p>Jesieni\u0105 2011 roku po dyscyplinarnym zwolnieniu dw\u00f3ch kierowc\u00f3w, w bia\u0142ostockim PKS-ie wybuch\u0142 strajk. Protestuj\u0105cy domagali si\u0119 odwo\u0142ania kierownictwa sp\u00f3\u0142ki oraz przywr\u00f3cenia do pracy os\u00f3b zwolnionych, a tak\u017ce niekarania protestuj\u0105cych. W 12. dniu protestu wczesnym rankiem w jednym z autobus\u00f3w odnaleziono cia\u0142o 53-letniego kierowcy, kt\u00f3ry by\u0142 cz\u0142onkiem zarz\u0105du Rady Zak\u0142adowej Zwi\u0105zku Zawodowego Kierowc\u00f3w. (og\/kjs)<\/p>\n<p>Radio Bia\u0142ystok<\/p>\n","protected":false},"excerpt":{"rendered":"<p>To by\u0142 wypadek przy pracy &#8211; orzek\u0142 s\u0105d odwo\u0142awczy w sprawie samob\u00f3jstwa jednego z kierowc\u00f3w bia\u0142ostockiego PKS-u. Na takiej decyzji s\u0105du zale\u017ca\u0142o wdowie po kierowcy. Dopiero teraz kobieta, b\u0119dzie mog\u0142a ubiega\u0107 si\u0119 o rent\u0119 rodzinn\u0105 czy zasi\u0142ek z ZUS-u. Przed S\u0105dem Okr\u0119gowym w Bia\u0142ymstoku zapad\u0142 prawomocny wyrok dotycz\u0105cy tragedii, jaka rozegra\u0142a si\u0119 podczas strajku w [&hellip;]<\/p>\n","protected":false},"author":2,"featured_media":0,"comment_status":"open","ping_status":"open","sticky":false,"template":"","format":"standard","meta":{"footnotes":""},"categories":[8],"tags":[12,87,13],"class_list":["post-1924","post","type-post","status-publish","format-standard","hentry","category-aktualnosci","tag-odszkodowanie","tag-wypadek-przy-pracy","tag-zadoscuczynienie"],"_links":{"self":[{"href":"https:\/\/www.odszkodowania.info.pl\/index.php?rest_route=\/wp\/v2\/posts\/1924","targetHints":{"allow":["GET"]}}],"collection":[{"href":"https:\/\/www.odszkodowania.info.pl\/index.php?rest_route=\/wp\/v2\/posts"}],"about":[{"href":"https:\/\/www.odszkodowania.info.pl\/index.php?rest_route=\/wp\/v2\/types\/post"}],"author":[{"embeddable":true,"href":"https:\/\/www.odszkodowania.info.pl\/index.php?rest_route=\/wp\/v2\/users\/2"}],"replies":[{"embeddable":true,"href":"https:\/\/www.odszkodowania.info.pl\/index.php?rest_route=%2Fwp%2Fv2%2Fcomments&post=1924"}],"version-history":[{"count":0,"href":"https:\/\/www.odszkodowania.info.pl\/index.php?rest_route=\/wp\/v2\/posts\/1924\/revisions"}],"wp:attachment":[{"href":"https:\/\/www.odszkodowania.info.pl\/index.php?rest_route=%2Fwp%2Fv2%2Fmedia&parent=1924"}],"wp:term":[{"taxonomy":"category","embeddable":true,"href":"https:\/\/www.odszkodowania.info.pl\/index.php?rest_route=%2Fwp%2Fv2%2Fcategories&post=1924"},{"taxonomy":"post_tag","embeddable":true,"href":"https:\/\/www.odszkodowania.info.pl\/index.php?rest_route=%2Fwp%2Fv2%2Ftags&post=1924"}],"curies":[{"name":"wp","href":"https:\/\/api.w.org\/{rel}","templated":true}]}}