{"id":1946,"date":"2013-03-22T16:03:49","date_gmt":"2013-03-22T15:03:49","guid":{"rendered":"http:\/\/www.odszkodowania.info.pl\/?p=1946"},"modified":"2013-03-22T16:03:49","modified_gmt":"2013-03-22T15:03:49","slug":"policjant-z-legnicy-pozywa-panstwo-domaga-sie-ponad-400-tys-zl","status":"publish","type":"post","link":"https:\/\/www.odszkodowania.info.pl\/?p=1946","title":{"rendered":"Policjant z Legnicy pozywa pa\u0144stwo. Domaga si\u0119 ponad 400 tys. z\u0142"},"content":{"rendered":"<p>Tomasz Klein, policjant z Legnicy z\u0142o\u017cy\u0142 w pi\u0105tek do wroc\u0142awskiego S\u0105du Okr\u0119gowego wniosek o odszkodowanie i zado\u015b\u0107uczynienie za tymczasowe aresztowanie. Legniczanin trafi\u0142 za kratki na blisko dwa miesi\u0105ce, po tym jak policyjny informator i przest\u0119pca zarazem, oskar\u017cy\u0142 go o wzi\u0119cie dw\u00f3ch \u0142ap\u00f3wek. Dopiero po czterech latach oczyszczono go z zarzut\u00f3w.<\/p>\n<p>&#8211; To dopiero pierwszy z trzech proces\u00f3w, kt\u00f3re zamierzam wytoczy\u0107 w najbli\u017cszym czasie. Skoro \u017cyjemy w pa\u0144stwie prawa, domagajmy si\u0119 jego egzekwowania. Ja walczy\u0142em o sprawiedliwo\u015b\u0107 naprawd\u0119 d\u0142ugo, co odbi\u0142o si\u0119 na mnie i moich bliskich &#8211; m\u00f3wi Tomasz Klein.<\/p>\n<p>Walka Tomasza Kleina przed s\u0105dami o dobre imi\u0119 i sprawiedliwo\u015b\u0107 trwa\u0142a ponad cztery lata. W mi\u0119dzyczasie policjant by\u0142 pod ochron\u0105. Gro\u017cono \u015bmierci\u0105 jemu i jego rodzinie.<\/p>\n<p>Ostatecznie w pa\u017adzierniku ubieg\u0142ego roku zosta\u0142 prawomocnie oczyszczony ze stawianych mu zarzut\u00f3w.<\/p>\n<p>W ramach zado\u015b\u0107uczynienia, policjant domaga si\u0119 od skarbu pa\u0144stwa ponad 400 tysi\u0119cy z\u0142otych.<br \/>\n&#8211; Nie ma takich pieni\u0119dzy, kt\u00f3re mog\u0142yby zrekompensowa\u0107 to co policjant prze\u017cywa za kratkami, tym bardziej, gdy wie, \u017ce jest niewinny &#8211; t\u0142umaczy Tomasz Klein.<br \/>\nKlein zosta\u0142 oskar\u017cony o to, \u017ce w 2006 roku wzi\u0105\u0142 \u0142ap\u00f3wk\u0119 od pospolitego przest\u0119pcy i policyjnego informatora. Mia\u0142 za to pom\u00f3c w zatuszowaniu sprawy kradzie\u017cy szyn.<\/p>\n<p>Kwota, na jak\u0105 rzekomo skusi\u0142 si\u0119 legnicki policjant, to trzy tysi\u0105ce dwie\u015bcie z\u0142otych. Zeznanie tej tre\u015bci z ust wspomnianego informatora us\u0142yszeli funkcjonariusze Agencji Bezpiecze\u0144stwa Wewn\u0119trznego, kt\u00f3rzy natychmiast rozpocz\u0119li \u015bledztwo.<br \/>\nPo raz pierwszy na \u0142awie oskar\u017conych Klein zasiad\u0142 w 2008 roku. Po dw\u00f3ch latach zosta\u0142 uznany za winnego i skazany na 1,5 roku wi\u0119zienia. Po kolejnych dziesi\u0119ciu miesi\u0105cach wyrok zosta\u0142 uchylony, a sprawa wr\u00f3ci\u0142a na wokand\u0119.<br \/>\nW ubieg\u0142ym roku pan Tomasz m\u00f3g\u0142 ostatecznie \u015bwi\u0119towa\u0107 wygran\u0105. W pa\u017adzierniku zosta\u0142 uniewinniony.<\/p>\n<p>O sprawiedliwo\u015b\u0107 walczy wci\u0105\u017c drugi z oskar\u017conych w tej sprawie, Jaros\u0142aw Jarmu\u0142owicz. M\u0119\u017cczyzna, kolega po fachu, mia\u0142 rzekomo pomaga\u0107 Kleinowi w tuszowaniu niewygodnych spraw.<\/p>\n<p>We wroc\u0142awskim S\u0105dzie Apelacyjnym toczy si\u0119 post\u0119powanie, kt\u00f3rego efektem ma by\u0107 decyzja, czy ze wzgl\u0119du na nowe okoliczno\u015bci, nie rozpatrze\u0107 tej sprawy na nowo. Wcze\u015bniej Jarmu\u0142owicz us\u0142ysza\u0142 wyrok roku wi\u0119zienia w zawieszeniu. <\/p>\n<p>gazetawroclawska.pl<\/p>\n","protected":false},"excerpt":{"rendered":"<p>Tomasz Klein, policjant z Legnicy z\u0142o\u017cy\u0142 w pi\u0105tek do wroc\u0142awskiego S\u0105du Okr\u0119gowego wniosek o odszkodowanie i zado\u015b\u0107uczynienie za tymczasowe aresztowanie. Legniczanin trafi\u0142 za kratki na blisko dwa miesi\u0105ce, po tym jak policyjny informator i przest\u0119pca zarazem, oskar\u017cy\u0142 go o wzi\u0119cie dw\u00f3ch \u0142ap\u00f3wek. Dopiero po czterech latach oczyszczono go z zarzut\u00f3w. &#8211; To dopiero pierwszy z [&hellip;]<\/p>\n","protected":false},"author":2,"featured_media":0,"comment_status":"open","ping_status":"open","sticky":false,"template":"","format":"standard","meta":{"footnotes":""},"categories":[8],"tags":[11,12,13],"class_list":["post-1946","post","type-post","status-publish","format-standard","hentry","category-aktualnosci","tag-marshal","tag-odszkodowanie","tag-zadoscuczynienie"],"_links":{"self":[{"href":"https:\/\/www.odszkodowania.info.pl\/index.php?rest_route=\/wp\/v2\/posts\/1946","targetHints":{"allow":["GET"]}}],"collection":[{"href":"https:\/\/www.odszkodowania.info.pl\/index.php?rest_route=\/wp\/v2\/posts"}],"about":[{"href":"https:\/\/www.odszkodowania.info.pl\/index.php?rest_route=\/wp\/v2\/types\/post"}],"author":[{"embeddable":true,"href":"https:\/\/www.odszkodowania.info.pl\/index.php?rest_route=\/wp\/v2\/users\/2"}],"replies":[{"embeddable":true,"href":"https:\/\/www.odszkodowania.info.pl\/index.php?rest_route=%2Fwp%2Fv2%2Fcomments&post=1946"}],"version-history":[{"count":1,"href":"https:\/\/www.odszkodowania.info.pl\/index.php?rest_route=\/wp\/v2\/posts\/1946\/revisions"}],"predecessor-version":[{"id":1947,"href":"https:\/\/www.odszkodowania.info.pl\/index.php?rest_route=\/wp\/v2\/posts\/1946\/revisions\/1947"}],"wp:attachment":[{"href":"https:\/\/www.odszkodowania.info.pl\/index.php?rest_route=%2Fwp%2Fv2%2Fmedia&parent=1946"}],"wp:term":[{"taxonomy":"category","embeddable":true,"href":"https:\/\/www.odszkodowania.info.pl\/index.php?rest_route=%2Fwp%2Fv2%2Fcategories&post=1946"},{"taxonomy":"post_tag","embeddable":true,"href":"https:\/\/www.odszkodowania.info.pl\/index.php?rest_route=%2Fwp%2Fv2%2Ftags&post=1946"}],"curies":[{"name":"wp","href":"https:\/\/api.w.org\/{rel}","templated":true}]}}