{"id":1998,"date":"2013-04-21T18:27:11","date_gmt":"2013-04-21T17:27:11","guid":{"rendered":"http:\/\/www.odszkodowania.info.pl\/?p=1998"},"modified":"2013-04-21T18:27:11","modified_gmt":"2013-04-21T17:27:11","slug":"453-tys-zl-dla-mieszkanca-szczawna-zdroju-za-bezpodstawne-zatrzymanie-przez-cba","status":"publish","type":"post","link":"https:\/\/www.odszkodowania.info.pl\/?p=1998","title":{"rendered":"453 tys. z\u0142 dla mieszka\u0144ca Szczawna-Zdroju za bezpodstawne zatrzymanie przez CBA"},"content":{"rendered":"<p>453 tys. z\u0142 odszkodowania i zado\u015b\u0107uczynienia ma zap\u0142aci\u0107 Skarb Pa\u0144stwa b. prezesowi Wydawnictw Naukowo-Technicznych Bogus\u0142awowi Seredy\u0144skiemu, mieszka\u0144cowi Szczawna-Zdroju, za bezpodstawne zatrzymanie go w 2009 r. przez CBA &#8211; orzek\u0142 w pi\u0105tek S\u0105d Okr\u0119gowy w Warszawie. To jedno z najwi\u0119kszych w Polsce zas\u0105dzonych odszkodowa\u0144 za bezprawne zatrzymanie przez organa \u015bcigania. Seredy\u0144ski \u017c\u0105da\u0142 przed s\u0105dem 1,5 mln z\u0142 zado\u015b\u0107uczynienia za doznan\u0105 krzywd\u0119 i ponad 500 tys. z\u0142 odszkodowania za straty moralne i materialne. Prokuratura przyznawa\u0142a, \u017ce nale\u017c\u0105 mu si\u0119 pieni\u0105dze, ale nie w \u017c\u0105danej wysoko\u015bci &#8211; m\u00f3wiono o 10 tys. z\u0142 odszkodowania i 4 tys. z\u0142 zado\u015b\u0107uczynienia.<\/p>\n<p>W pi\u0105tek s\u0105d uzna\u0142, \u017ce aresztowanie Seredy\u0144skiego by\u0142o nies\u0142uszne i nale\u017cy mu si\u0119 403 tys. z\u0142 odszkodowania za poniesione szkody materialne i 50 tys. z\u0142 za straty moralne.<\/p>\n<p>&#8211; Przed aresztowaniem wnioskodawca mia\u0142 do\u015b\u0107 wysoki status spo\u0142eczny. Po aresztowaniu jego \u017cycie uleg\u0142o drastycznemu za\u0142amaniu zar\u00f3wno w sferze zawodowej, jak i osobistej &#8211; powiedzia\u0142 s\u0119dzia Piotr G\u0105ciarek, uzasadniaj\u0105c decyzj\u0119.<\/p>\n<p>Doda\u0142, \u017ce zatrzymanie przez funkcjonariuszy CBA dotar\u0142o za po\u015brednictwem medi\u00f3w do szerokiego kr\u0119gu os\u00f3b, co skaza\u0142o Seredy\u0144skiego na infami\u0119, czyli utrat\u0119 dobrego imienia. &#8211; Czy konieczna by\u0142a ta ca\u0142a medialna otoczka? &#8211; pyta\u0142 s\u0119dzia. Doda\u0142, \u017ce m\u0119\u017cczyzna zosta\u0142 &#8222;bardzo powa\u017cnie pokrzywdzony&#8221; i &#8222;medialnie rozegrany przez organa pa\u0144stwa&#8221;.<\/p>\n<p>&#8211; S\u0105d oceni\u0142, \u017ce w tej sprawie istnieje bezpo\u015bredni zwi\u0105zek mi\u0119dzy zatrzymaniem m\u0119\u017cczyzny a zwolnieniem go z pracy. &#8222;Tutaj nast\u0105pi\u0142a istotna utrata maj\u0105tkowa &#8211; powiedzia\u0142 s\u0119dzia.<\/p>\n<p>Odnosz\u0105c si\u0119 do wysoko\u015bci zado\u015b\u0107uczynienia, s\u0119dzia podkre\u015bli\u0142, \u017ce nie ma szczeg\u00f3\u0142owych przepis\u00f3w, kt\u00f3re reguluj\u0105 te kwestie. Wed\u0142ug s\u0105du kwota 50 tys. z\u0142 i tak w pe\u0142ni nie usunie strat moralnych Seredy\u0144skiego.<\/p>\n<p>Po og\u0142oszeniu wyroku powiedzia\u0142 on PAP, \u017ce kwota zado\u015b\u0107uczynienia jest rozczarowuj\u0105ca. &#8211; Jest kategoria strat moralnych, osobistych, utraty pozycji zawodowej, dobrego imienia. S\u0105d wydaj\u0105c taki wyrok raczej kierowa\u0142 si\u0119 por\u00f3wnaniem tej kwoty do kwot zas\u0105dzonych w innych sprawach. Od lat s\u0105 one skandalicznie nisko wyceniane przez s\u0105dy &#8211; powiedzia\u0142 Seredy\u0144ski.<\/p>\n<p>Jego pe\u0142nomocnik mec. Wojciech Pi\u0142at powiedzia\u0142 PAP, \u017ce s\u0105d bardzo precyzyjnie uchwyci\u0142 istotne elementy tej sprawy. &#8211; Prokuratura chcia\u0142a ograniczy\u0107 te negatywne doznania mojego klienta do sze\u015bciu dni, kt\u00f3re sp\u0119dzi\u0142 w odosobnieniu, a nie o to chodzi\u0142o w tej sprawie. Tak naprawd\u0119 te sze\u015b\u0107 dni zrujnowa\u0142o ca\u0142e jego \u017cycie &#8211; powiedzia\u0142 Pi\u0142at.<\/p>\n<p>Mecenas zwr\u00f3ci\u0142 tak\u017ce uwag\u0119 na wyd\u017awi\u0119k medialny sprawy zwi\u0105zany z zatrzymaniem jego klienta przez CBA. &#8211; Ta medialno\u015b\u0107, co s\u0105d zauwa\u017cy\u0142, by\u0142a w jaki\u015b spos\u00f3b podsycana przez organa \u015bcigania. Nale\u017cy si\u0119 zastanowi\u0107, czy tutaj nie dosz\u0142o by\u0107 mo\u017ce do jakiego\u015b przekroczenia uprawnie\u0144 &#8211; powiedzia\u0142 Pi\u0142at. Wyrok jest nieprawomocny. Strony nie wykluczaj\u0105 apelacji.<\/p>\n<p>W 2009 r. Seredy\u0144ski, w\u00f3wczas prezes najwi\u0119kszego pa\u0144stwowego wydawnictwa, zosta\u0142 zatrzymany przez CBA wraz z radc\u0105 prawnym Weronik\u0105 Marczuk w sprawie przyjmowania rzekomych \u0142ap\u00f3wek za &#8222;korzystne rozstrzygni\u0119cie&#8221; prywatyzacji WNT. S\u0105d zwolni\u0142 ich z aresztu po wp\u0142aceniu kaucji.<\/p>\n<p>Pocz\u0105tkowo warszawska prokuratura postawi\u0142a obojgu zarzuty korupcyjne, ale w 2011 r. \u015bledztwo umorzono z braku znamion przest\u0119pstwa. Prokuratura uzna\u0142a, \u017ce brak by\u0142o wiarygodnego podejrzenia, \u017ce Seredy\u0144ski mo\u017ce chcie\u0107 wzi\u0105\u0107 \u0142ap\u00f3wk\u0119 (bez takiej pierwotnej informacji s\u0142u\u017cby nie mog\u0105 podj\u0105\u0107 &#8222;prowokacji policyjnej&#8221;). \u015aledczy kwestionowali te\u017c zeznania agent\u00f3w CBA.<\/p>\n<p>Wed\u0142ug Seredy\u0144skiego kilka razy odm\u00f3wi\u0142 on przyj\u0119cia pieni\u0119dzy od dw\u00f3ch udaj\u0105cych biznesmen\u00f3w agent\u00f3w CBA, w tym Tomasza Kaczmarka (dzi\u015b emeryta CBA i pos\u0142a PiS). W ko\u0144cu podrzucili mu &#8211; jak m\u00f3wi\u0142 dziennikarzom &#8211; 10 tys. euro po upojeniu go alkoholem w jego mieszkaniu. Po tym za\u017c\u0105da\u0142 od nich spisania umowy na tak\u0105 &#8211; jak si\u0119 t\u0142umaczyli &#8211; &#8222;po\u017cyczk\u0119&#8221;. &#8211; Zgodzili si\u0119, ale zamiast nich przyby\u0142o do mnie CBA, by mnie zatrzyma\u0107 &#8211; doda\u0142. Podkre\u015bli\u0142, \u017ce tej fazy akcji CBA ju\u017c nie nagrywa\u0142o.<\/p>\n<p>Od 2011 r. Prokuratura Okr\u0119gowa Warszawa-Praga prowadzi \u015bledztwo w sprawie nieprawid\u0142owo\u015bci CBA przy tej akcji. Seredy\u0144ski &#8211; kt\u00f3ry ma w nim status pokrzywdzonego &#8211; \u017c\u0105da \u015bcigania agent\u00f3w CBA i ich prze\u0142o\u017conych za przekroczenie uprawnie\u0144, pod\u017ceganie do przyj\u0119cia &#8222;\u0142ap\u00f3wki&#8221; i fa\u0142szowanie dowod\u00f3w.<\/p>\n<p>W styczniu 2013 r. Prokuratura Okr\u0119gowa w Warszawie &#8211; po wywiadzie Seredy\u0144skiego dla jednej z telewizji &#8211; wszcz\u0119\u0142a z urz\u0119du post\u0119powanie sprawdzaj\u0105ce w sprawie domniemanego przekroczenia uprawnie\u0144 i niedope\u0142nienia obowi\u0105zk\u00f3w przez funkcjonariuszy CBA.<\/p>\n<p>Seredy\u0144ski m\u00f3wi\u0142, \u017ce cela, w kt\u00f3rej przebywa\u0142, by\u0142a &#8222;surrealistyczna&#8221;. Na suficie non stop pali\u0142y si\u0119 &#8222;do\u015b\u0107 silne cztery reflektory&#8221;, o\u015bwietlaj\u0105ce izb\u0119 na potrzeby kamery; jedzenie podawano mu przez szpar\u0119, a g\u00f3rne okienko zas\u0142oni\u0119te by\u0142o foli\u0105. Seredy\u0144ski doda\u0142, \u017ce gdy wioz\u0142o go tam CBA, us\u0142ysza\u0142: &#8211; Wp&#8230;y ci\u0119 do &#8222;wydobywczej&#8221;, to po trzech dniach b\u0119dziesz \u015bpiewa\u0142 jak kanarek.<\/p>\n<p>W marcu prokuratura odm\u00f3wi\u0142a wszcz\u0119cia \u015bledztwa w tej sprawie. Uzna\u0142a bowiem, \u017ce CBA nie z\u0142ama\u0142o prawa, umieszczaj\u0105c w 2009 r. Seredy\u0144skiego w policyjnej izbie zatrzyma\u0144, a nie w areszcie. <\/p>\n<p>Gazeta Wroc\u0142awska<\/p>\n","protected":false},"excerpt":{"rendered":"<p>453 tys. z\u0142 odszkodowania i zado\u015b\u0107uczynienia ma zap\u0142aci\u0107 Skarb Pa\u0144stwa b. prezesowi Wydawnictw Naukowo-Technicznych Bogus\u0142awowi Seredy\u0144skiemu, mieszka\u0144cowi Szczawna-Zdroju, za bezpodstawne zatrzymanie go w 2009 r. przez CBA &#8211; orzek\u0142 w pi\u0105tek S\u0105d Okr\u0119gowy w Warszawie. To jedno z najwi\u0119kszych w Polsce zas\u0105dzonych odszkodowa\u0144 za bezprawne zatrzymanie przez organa \u015bcigania. Seredy\u0144ski \u017c\u0105da\u0142 przed s\u0105dem 1,5 mln [&hellip;]<\/p>\n","protected":false},"author":2,"featured_media":0,"comment_status":"open","ping_status":"open","sticky":false,"template":"","format":"standard","meta":{"footnotes":""},"categories":[8],"tags":[12,13],"class_list":["post-1998","post","type-post","status-publish","format-standard","hentry","category-aktualnosci","tag-odszkodowanie","tag-zadoscuczynienie"],"_links":{"self":[{"href":"https:\/\/www.odszkodowania.info.pl\/index.php?rest_route=\/wp\/v2\/posts\/1998","targetHints":{"allow":["GET"]}}],"collection":[{"href":"https:\/\/www.odszkodowania.info.pl\/index.php?rest_route=\/wp\/v2\/posts"}],"about":[{"href":"https:\/\/www.odszkodowania.info.pl\/index.php?rest_route=\/wp\/v2\/types\/post"}],"author":[{"embeddable":true,"href":"https:\/\/www.odszkodowania.info.pl\/index.php?rest_route=\/wp\/v2\/users\/2"}],"replies":[{"embeddable":true,"href":"https:\/\/www.odszkodowania.info.pl\/index.php?rest_route=%2Fwp%2Fv2%2Fcomments&post=1998"}],"version-history":[{"count":1,"href":"https:\/\/www.odszkodowania.info.pl\/index.php?rest_route=\/wp\/v2\/posts\/1998\/revisions"}],"predecessor-version":[{"id":1999,"href":"https:\/\/www.odszkodowania.info.pl\/index.php?rest_route=\/wp\/v2\/posts\/1998\/revisions\/1999"}],"wp:attachment":[{"href":"https:\/\/www.odszkodowania.info.pl\/index.php?rest_route=%2Fwp%2Fv2%2Fmedia&parent=1998"}],"wp:term":[{"taxonomy":"category","embeddable":true,"href":"https:\/\/www.odszkodowania.info.pl\/index.php?rest_route=%2Fwp%2Fv2%2Fcategories&post=1998"},{"taxonomy":"post_tag","embeddable":true,"href":"https:\/\/www.odszkodowania.info.pl\/index.php?rest_route=%2Fwp%2Fv2%2Ftags&post=1998"}],"curies":[{"name":"wp","href":"https:\/\/api.w.org\/{rel}","templated":true}]}}