{"id":2011,"date":"2013-05-05T21:23:18","date_gmt":"2013-05-05T20:23:18","guid":{"rendered":"http:\/\/www.odszkodowania.info.pl\/?p=2011"},"modified":"2013-05-05T21:23:18","modified_gmt":"2013-05-05T20:23:18","slug":"pobity-mikolaj-podal-gimnazjum-do-sadu-i-wygral-bo-szkola-nie-dopilnowala-ucznia-ktory-zadal-cios","status":"publish","type":"post","link":"https:\/\/www.odszkodowania.info.pl\/?p=2011","title":{"rendered":"Pobity Miko\u0142aj poda\u0142 gimnazjum do s\u0105du. I wygra\u0142. Bo szko\u0142a nie dopilnowa\u0142a ucznia, kt\u00f3ry zada\u0142 cios"},"content":{"rendered":"<p>Ch\u0142opak z innej klasy rzuca do Miko\u0142aja rasistowski tekst. &#8211; Dosz\u0142o do wymiany zda\u0144, przepychanek&#8230; Nagle dosta\u0142em w twarz &#8211; opowiada ucze\u0144. Szko\u0142a zostaje uznana za winn\u0105, bo powinna sprawowa\u0107 nadz\u00f3r nad ch\u0142opakiem, kt\u00f3ry zada\u0142 cios. S\u0105d zas\u0105dza zado\u015b\u0107uczynienie i odszkodowanie &#8211; z odsetkami ponad 18 tys. z\u0142. Czy historia Miko\u0142aja mo\u017ce zach\u0119ci\u0107 do podobnych pozw\u00f3w innych uczni\u00f3w? Miko\u0142aj jest w pierwszej klasie gimnazjum. \u015awietnie si\u0119 uczy, odnosi sukcesy sportowe. Najbardziej lubi siatk\u00f3wk\u0119. Janusz P\u0119cherz, prezydent Kalisza, przyznaje mu specjalne stypendium za wzorow\u0105 postaw\u0119. W li\u015bcie radzi Miko\u0142ajowi, by polega\u0142 na s\u0142owach i naukach Jana Paw\u0142a II. Pisze do Miko\u0142aja: &#8222;Jestem przekonany, \u017ce i w przysz\u0142o\u015bci &#8211; ufny w pot\u0119g\u0119 nauki i wiedzy &#8211; b\u0119dziesz mno\u017cy\u0142 swoje sukcesy&#8221;.<\/p>\n<p>Dwa lata p\u00f3\u017aniej Miko\u0142aj traci ufno\u015b\u0107 i wiar\u0119. &#8211; Teraz ucz\u0119 si\u0119 do pierwszej w \u017cyciu sesji na studiach, ale wtedy marzy\u0142em, by ju\u017c nigdy nie i\u015b\u0107 do szko\u0142y &#8211; opowiada 20-latek, dzi\u015b student Uniwersytetu Ekonomicznego we Wroc\u0142awiu.<\/p>\n<p>Szczup\u0142y i wysoki, z g\u0119stymi czarnymi brwiami, ciemn\u0105 cer\u0105 &#8211; po ojcu pochodz\u0105cym z jednego z kraj\u00f3w arabskich. Miko\u0142aj go nie zna, ale od pewnego czasu nie mo\u017ce przesta\u0107 o nim my\u015ble\u0107 &#8211; odk\u0105d poszed\u0142 do gimnazjum, na szkolnych korytarzach przypominali mu o ojcu inni. Niewybrednie &#8211; krzycz\u0105c &#8222;Brudas&#8221;, &#8222;Murzyn&#8221;.<\/p>\n<p>W\u0142a\u015bnie tak by\u0142o 17 marca 2009 r. w czasie przerwy \u015bniadaniowej. &#8211; Nadal to widz\u0119 jak zwolnion\u0105 scen\u0119 w filmie &#8211; m\u00f3wi Miko\u0142aj.<\/p>\n<p>Scena rozgrywa si\u0119 w Gimnazjum nr 9. To moloch na wielkim blokowisku, nazywanym kaliskim Manhattanem. Na kwiatku, czyli w miejscu, gdzie zbiegaj\u0105 si\u0119 korytarze, Bart\u0142omiej, ch\u0142opak z innej klasy, rzuca do Miko\u0142aja rasistowski tekst. &#8211; Dosz\u0142o do wymiany zda\u0144, przepychanek&#8230; Nagle dosta\u0142em w twarz.<\/p>\n<p><strong>Ledwo pi\u0142em zup\u0119 przez s\u0142omk\u0119<\/strong><\/p>\n<p>W szpitalu lekarze stwierdzaj\u0105 z\u0142amanie \u017cuchwy w dw\u00f3ch miejscach. Leczenie jest bolesne i d\u0142ugie. Ch\u0142opak opowiada jednak, \u017ce prawdziwe piek\u0142o zacz\u0119\u0142o si\u0119 po powrocie do szko\u0142y: &#8211; M\u00f3wili, \u017ce kabluj\u0119 na koleg\u0119 i niszcz\u0119 szko\u0142\u0119. Odsun\u0119li si\u0119 ode mnie nauczyciele i koledzy. W klasie pytali: &#8222;Jak mo\u017cesz to robi\u0107 Bartkowi?&#8221;. A przecie\u017c to on mnie uderzy\u0142! Ledwo pi\u0142em zup\u0119 przez s\u0142omk\u0119, w\u0142a\u015bciwie nie mog\u0142em m\u00f3wi\u0107, nawet nie mia\u0142em jak im tego wyja\u015bni\u0107. Kr\u00f3tko przed zako\u0144czeniem szko\u0142y matka przenosi Miko\u0142aja do innego gimnazjum. &#8211; Ale nie mog\u0142em zapomnie\u0107. Wci\u0105\u017c mia\u0142em k\u0142opoty z wyra\u017anym m\u00f3wieniem, a star\u0105 szko\u0142\u0119&#8230; widzia\u0142em z balkonu &#8211; m\u00f3wi Miko\u0142aj. I pokazuje, co z tego balkonu wida\u0107. Przestaje trenowa\u0107 ukochan\u0105 siatk\u00f3wk\u0119, zapisuje si\u0119 na boks. \u017beby &#8222;wyrzuci\u0107 z siebie z\u0142\u0105 energi\u0119&#8221;.<\/p>\n<p>W sprawie karnej &#8211; wszcz\u0119tej przez prokuratur\u0119 z urz\u0119du &#8211; s\u0105d uzna\u0142 ju\u017c w 2009 r., \u017ce Bart\u0142omiej, kt\u00f3ry pobi\u0142 Miko\u0142aja, jest winny i skaza\u0142 go na trzy miesi\u0105ce pozbawienia wolno\u015bci w zawieszeniu (ch\u0142opak powtarza\u0142 klas\u0119, gdy zapad\u0142 wyrok, mia\u0142 17 lat i odpowiada\u0142 jak doros\u0142y).<\/p>\n<p>Drug\u0105 spraw\u0119 Miko\u0142aj sam wytoczy\u0142 gimnazjum. &#8211; Szko\u0142a nie zapewni\u0142a mu bezpiecze\u0144stwa, a za to pe\u0142n\u0105 odpowiedzialno\u015b\u0107 ponosi dyrektor &#8211; t\u0142umaczy \u015awi\u0119tos\u0142aw Fortuna, adwokat Miko\u0142aja.<\/p>\n<p>&#8211; To precedensowa historia &#8211; m\u00f3wi dzi\u015b Miros\u0142aw Wr\u00f3blewski z Biura Rzecznika Praw Obywatelskich. &#8211; Cz\u0119sto trafiaj\u0105 do nas skargi uczni\u00f3w, i to zar\u00f3wno tych pokrzywdzonych, jak i tych, kt\u00f3rzy byli potencjalnymi agresorami. Badamy ka\u017cd\u0105 tak\u0105 spraw\u0119 w porozumieniu z lokalnymi urz\u0119dnikami m.in. z kuratori\u00f3w o\u015bwiaty. Ale nigdy wcze\u015bniej nie s\u0142ysza\u0142em o takiej historii przed s\u0105dem cywilnym &#8211; podkre\u015bla.<\/p>\n<p><strong>Nauczyciele mdlej\u0105<\/strong><\/p>\n<p>W gimnazjum Miko\u0142aja nie maj\u0105 sobie nic do zarzucenia. Nauczycielka pe\u0142ni\u0105ca dy\u017cur podczas feralnej przerwy zeznaje, \u017ce na korytarzu, gdzie dosz\u0142o do b\u00f3jki, pojawi\u0142a si\u0119 po trzech, mo\u017ce czterech minutach od dzwonka. W czasie przes\u0142uchania mdleje.<\/p>\n<p>&#8211; Dziwi si\u0119 pani? &#8211; pyta Ma\u0142gorzata Jackowska, dyrektorka szko\u0142y. &#8211; Moi nauczyciele bardzo prze\u017cywali te oskar\u017cenia. Pracuj\u0119 w szkole ponad 30 lat i nigdy co\u015b takiego mi si\u0119 nie przytrafi\u0142o.<\/p>\n<p>W czasie procesu dyrektorka przekonuje, \u017ce to Miko\u0142aj spowodowa\u0142 ca\u0142e zaj\u015bcie. &#8211; Podszed\u0142 do tego drugiego ch\u0142opaka, uderzy\u0142 go w twarz, a tamten mu odda\u0142 &#8211; m\u00f3wi &#8222;Gazecie&#8221; Jackowska. I pyta: &#8211; Czy jak ucze\u0144 si\u0119 przewr\u00f3ci na boisku albo kogo\u015b niechc\u0105cy popchnie i co\u015b mu si\u0119 stanie, to szko\u0142a powinna p\u0142aci\u0107 odszkodowanie? <\/p>\n<p>Miesi\u0105c po maturze, ponad trzy lata od rozpocz\u0119cia procesu, s\u0105d pierwszej instancji uznaje, \u017ce gimnazjum nie ponosi winy. <\/p>\n<p>Na s\u0105dowym korytarzu Miko\u0142aj i jego dziewczyna p\u0142acz\u0105 z bezsilno\u015bci.<\/p>\n<p><strong>Szczere, m\u0142odzie\u0144cze wyznania<\/strong><\/p>\n<p>Ch\u0142opak odwo\u0142uje si\u0119 od niekorzystnej decyzji, a S\u0105d Okr\u0119gowy w Kaliszu w grudniu 2012 roku przyznaje mu racj\u0119. Zas\u0105dza zado\u015b\u0107uczynienie i odszkodowanie &#8211; z odsetkami ponad 18 tys. z\u0142. Szko\u0142a zostaje uznana za winn\u0105, bo powinna sprawowa\u0107 nadz\u00f3r nad ch\u0142opakiem, kt\u00f3ry zada\u0142 cios. &#8211; To odszkodowanie za krzywd\u0119, b\u00f3l i cierpienie oraz zwrot koszt\u00f3w leczenia &#8211; wylicza adwokat.<\/p>\n<p>Obro\u0144com szko\u0142y nie pomaga nawet kontrowersyjny dow\u00f3d, kt\u00f3ry ma \u015bwiadczy\u0107 na korzy\u015b\u0107 gimnazjum. To fragment szkolnego wypracowania &#8211; autocharakterystyki napisanej wiele tygodni przed zdarzeniem na korytarzu. Miko\u0142aj napisa\u0142: &#8222;Jestem osob\u0105 nerwow\u0105, porywcz\u0105&#8221;. Teraz ma to przekona\u0107 s\u0105d, \u017ce w\u0142a\u015bnie Miko\u0142aj sprowokowa\u0142 b\u00f3jk\u0119. Ale z tego samego wypracowania dowiadujemy si\u0119 te\u017c, \u017ce nastolatek panikuje, gdy ma rozwi\u0105za\u0107 przy tablicy zadanie z matematyki, i czasem m\u00f3wi za szybko.<\/p>\n<p>&#8211; Nikt si\u0119 wcze\u015bniej nie zainteresowa\u0142, dlaczego Miko\u0142aja kto\u015b wyprowadza z r\u00f3wnowagi, \u017ce dzieje si\u0119 z nim z\u0142ego &#8211; oburza si\u0119 Joanna, matka Miko\u0142aja, kt\u00f3ra r\u00f3wnie\u017c jest nauczycielk\u0105. &#8211; Nikt nie zapyta\u0142 o rasistowskie docinki. O tym wypracowaniu przypomnieli sobie dopiero wtedy, jak sami mieli k\u0142opoty, i postanowili je wykorzysta\u0107 przeciw synowi.<\/p>\n<p><strong>Gdzie by\u0142 Stru\u015b P\u0119dziwiatr<\/strong><\/p>\n<p>&#8211; Po drugim wyroku odetchn\u0105\u0142em. Zale\u017ca\u0142o mi, \u017ceby pokaza\u0107 innym, \u017ce trzeba walczy\u0107 &#8211; m\u00f3wi Miko\u0142aj. &#8211; Wyjecha\u0142em na studia, skupi\u0142em si\u0119 na nauce. Staram si\u0119 w\u0142a\u015bnie o stypendium naukowe. Nie s\u0142ysz\u0119 za sob\u0105 wyzwisk. Ale ta sprawa, niestety, si\u0119 nie sko\u0144czy\u0142a. W lokalnych mediach opublikowano artyku\u0142, w kt\u00f3rym jestem przedstawiony jako ten z\u0142y. W dodatku we wszystko wmieszano moich krewnych. Dla dziennikarki prawomocny wyrok niewiele znaczy\u0142. Ewa B\u0105kowska, redaktorka pisma &#8222;7 Dni Kalisza&#8221;, pisze m.in., \u017ce zdarzeniu na szkolnym korytarzu m\u00f3g\u0142 zapobiec &#8222;chyba tylko Stru\u015b P\u0119dziwiatr&#8221;, anonimowi nauczyciele ubolewaj\u0105, \u017ce to &#8222;Bartkowi zafundowano taki start w doros\u0142e \u017cycie&#8221; (m\u00f3wi\u0105, \u017ce nie by\u0142o z nim problem\u00f3w wychowawczych, tylko edukacyjne), a Miko\u0142aja, kt\u00f3ry by\u0142 z innego rejonu, przyj\u0119to do szko\u0142y tylko na pro\u015bb\u0119 babci, emerytowanej nauczycielki. Dyrektorka szko\u0142y reakcje krewnych ch\u0142opaka nazywa &#8222;nienawi\u015bci\u0105&#8221; i przypuszcza, \u017ce mog\u0105 bra\u0107 si\u0119 z tego, \u017ce nie da\u0142a jego ojczymowi wuefi\u015bcie pracy. &#8222;Przedstawi\u0142am dwa widzenia jednej sprawy: s\u0119dzi\u00f3w i bohater\u00f3w artyku\u0142u, kt\u00f3ry powsta\u0142 na pro\u015bb\u0119 Miko\u0142aja&#8221; &#8211; broni formy tekstu B\u0105kowska w e-mailu do &#8222;Gazety&#8221;. Czy historia Miko\u0142aja mo\u017ce zach\u0119ci\u0107 do podobnych pozw\u00f3w innych uczni\u00f3w? Mec. Fortuna: &#8211; Pewne jest, \u017ce szko\u0142y, znaj\u0105c fina\u0142 tej smutnej historii, powinny mie\u0107 odt\u0105d podpisane umowy ubezpieczeniowe od odpowiedzialno\u015bci cywilnej, takie jak podpisuj\u0105 cho\u0107by zarz\u0105dy dr\u00f3g miejskich. &#8211; Jeszcze nie podj\u0119li\u015bmy konkretnych decyzji, ale zaplanowali\u015bmy zebranie z dyrektorami szk\u00f3\u0142, by om\u00f3wi\u0107 t\u0119 histori\u0119 i kwestie bezpiecze\u0144stwa &#8211; m\u00f3wi Mariusz Witczak, naczelnik wydzia\u0142u o\u015bwiaty w Kaliszu. &#8211; Sprawa jest dla nas przykra. Dziewi\u0105tka to jedna z najlepszych szk\u00f3\u0142 pod wzgl\u0119dem bezpiecze\u0144stwa.<\/p>\n<p>gazeta.pl<\/p>\n","protected":false},"excerpt":{"rendered":"<p>Ch\u0142opak z innej klasy rzuca do Miko\u0142aja rasistowski tekst. &#8211; Dosz\u0142o do wymiany zda\u0144, przepychanek&#8230; Nagle dosta\u0142em w twarz &#8211; opowiada ucze\u0144. Szko\u0142a zostaje uznana za winn\u0105, bo powinna sprawowa\u0107 nadz\u00f3r nad ch\u0142opakiem, kt\u00f3ry zada\u0142 cios. S\u0105d zas\u0105dza zado\u015b\u0107uczynienie i odszkodowanie &#8211; z odsetkami ponad 18 tys. z\u0142. Czy historia Miko\u0142aja mo\u017ce zach\u0119ci\u0107 do podobnych [&hellip;]<\/p>\n","protected":false},"author":2,"featured_media":0,"comment_status":"open","ping_status":"open","sticky":false,"template":"","format":"standard","meta":{"footnotes":""},"categories":[8],"tags":[11,12,13],"class_list":["post-2011","post","type-post","status-publish","format-standard","hentry","category-aktualnosci","tag-marshal","tag-odszkodowanie","tag-zadoscuczynienie"],"_links":{"self":[{"href":"https:\/\/www.odszkodowania.info.pl\/index.php?rest_route=\/wp\/v2\/posts\/2011","targetHints":{"allow":["GET"]}}],"collection":[{"href":"https:\/\/www.odszkodowania.info.pl\/index.php?rest_route=\/wp\/v2\/posts"}],"about":[{"href":"https:\/\/www.odszkodowania.info.pl\/index.php?rest_route=\/wp\/v2\/types\/post"}],"author":[{"embeddable":true,"href":"https:\/\/www.odszkodowania.info.pl\/index.php?rest_route=\/wp\/v2\/users\/2"}],"replies":[{"embeddable":true,"href":"https:\/\/www.odszkodowania.info.pl\/index.php?rest_route=%2Fwp%2Fv2%2Fcomments&post=2011"}],"version-history":[{"count":1,"href":"https:\/\/www.odszkodowania.info.pl\/index.php?rest_route=\/wp\/v2\/posts\/2011\/revisions"}],"predecessor-version":[{"id":2012,"href":"https:\/\/www.odszkodowania.info.pl\/index.php?rest_route=\/wp\/v2\/posts\/2011\/revisions\/2012"}],"wp:attachment":[{"href":"https:\/\/www.odszkodowania.info.pl\/index.php?rest_route=%2Fwp%2Fv2%2Fmedia&parent=2011"}],"wp:term":[{"taxonomy":"category","embeddable":true,"href":"https:\/\/www.odszkodowania.info.pl\/index.php?rest_route=%2Fwp%2Fv2%2Fcategories&post=2011"},{"taxonomy":"post_tag","embeddable":true,"href":"https:\/\/www.odszkodowania.info.pl\/index.php?rest_route=%2Fwp%2Fv2%2Ftags&post=2011"}],"curies":[{"name":"wp","href":"https:\/\/api.w.org\/{rel}","templated":true}]}}