{"id":2013,"date":"2013-05-07T13:33:31","date_gmt":"2013-05-07T12:33:31","guid":{"rendered":"http:\/\/www.odszkodowania.info.pl\/?p=2013"},"modified":"2013-05-07T13:33:31","modified_gmt":"2013-05-07T12:33:31","slug":"christina-wymaga-specjalistycznej-opieki-a-proces-moze-trwac-latami-zadamy-6-mln-od-szpitala","status":"publish","type":"post","link":"https:\/\/www.odszkodowania.info.pl\/?p=2013","title":{"rendered":"&#8222;Christina wymaga specjalistycznej opieki, a proces mo\u017ce trwa\u0107 latami. \u017b\u0105damy 6 mln od szpitala&#8221;"},"content":{"rendered":"<p>Dzi\u015b przed S\u0105dem Okr\u0119gowym w Gda\u0144sku odby\u0142a si\u0119 pierwsza rozprawa ws. Christiny Hedlund. Prawnicy Szwedki, kt\u00f3ra trzy lata temu przesz\u0142a w Pomorskim Centrum Traumatologii w Gda\u0144sku nieudan\u0105 operacj\u0119 powi\u0119kszenia piersi, domagaj\u0105 si\u0119 przed s\u0105dem od tej plac\u00f3wki ok. sze\u015bciu milion\u00f3w z\u0142otych odszkodowania i zado\u015b\u0107uczynienia. Pochodz\u0105ca z Malmoe Christina Hedlund po nieudanej operacji zapad\u0142a w \u015bpi\u0105czk\u0119 i do dzi\u015b znajduje si\u0119 w stanie wegetatywnym. W \u017c\u0105danej kwocie mie\u015bci si\u0119 te\u017c zas\u0105dzenie renty dla niej oraz pokrycie wydatk\u00f3w zwi\u0105zanych z opiek\u0105 zdrowotn\u0105. Pierwsza rozprawa w tej sprawie odby\u0142a si\u0119 we wtorek przed S\u0105dem Okr\u0119gowym w Gda\u0144sku. Na pierwszym etapie procesu pe\u0142nomocnicy Hedlund chc\u0105 zabezpieczenia pow\u00f3dztwa.<\/p>\n<p><strong>\u015arodki na czas post\u0119powania s\u0105dowego<\/strong><\/p>\n<p>&#8222;Z uwagi na ogrom materia\u0142u dowodowego ten proces mo\u017ce trwa\u0107 wiele lat. Tymczasem Christina wymaga ca\u0142y czas specjalistycznej opieki i rehabilitacji, co wi\u0105\u017ce si\u0119 z comiesi\u0119cznymi kosztami, i chodzi o to, \u017ceby na czas trwania post\u0119powania s\u0105dowego mia\u0142a te \u015brodki zapewnione&#8221; &#8211; wyja\u015bni\u0142a dziennikarzom radca prawny Krystyna Urba\u0144ska, reprezentuj\u0105ca poszkodowan\u0105 Szwedk\u0119.<\/p>\n<p>Kwota oszacowana przez pe\u0142nomocnika na pokrycie miesi\u0119cznych wydatk\u00f3w zwi\u0105zanych z opiek\u0105 nad pacjentk\u0105 wynosi 36 tysi\u0119cy koron szwedzkich (18 tys. z\u0142), z czego Hedlund ze swojej renty pokrywa 7 tysi\u0119cy koron (3,5 tys. z\u0142).<\/p>\n<p>Urba\u0144ska poinformowa\u0142a, \u017ce strona powodowa b\u0119dzie wnosi\u0107 o przes\u0142uchanie ponad 20 \u015bwiadk\u00f3w. B\u0119d\u0105 w\u015br\u00f3d nich personel medyczny Pomorskiego Centrum Traumatologii, rodzina Szwedki oraz jej b. narzeczony. &#8222;Trzeba r\u00f3wnie\u017c sporz\u0105dzi\u0107 szereg opinii specjalistycznych &#8211; tu b\u0119dzie potrzebne powo\u0142anie bieg\u0142ych&#8221; &#8211; doda\u0142a pe\u0142nomocnik Hedlund.<\/p>\n<p><strong>Szwedzki modelowy system<\/strong><\/p>\n<p>Pomorskie Centrum Traumatologii nie zgadza si\u0119 na pokrycie przed rozpocz\u0119ciem procesu cywilnego koszt\u00f3w opieki medycznej Szwedki. Reprezentuj\u0105ca w s\u0105dzie gda\u0144ski szpital radca prawny Sylwia Kacprzak argumentowa\u0142a, \u017ce takie \u017c\u0105danie nie spe\u0142nia wymaga\u0144 formalnych. &#8222;Szwecja ma modelowy system w Europie w kwestii opieki nad osobami niepe\u0142nosprawnymi&#8221; &#8211; podkre\u015bli\u0142a pe\u0142nomocnik PCT.<\/p>\n<p>W listopadzie 2010 r. szwedzkie media poinformowa\u0142y o przeprowadzonej w sierpniu tamtego roku w Pomorskim Centrum Traumatologii w Gda\u0144sku operacji, po kt\u00f3rej 31-letnia w\u00f3wczas Szwedka zapad\u0142a w \u015bpi\u0105czk\u0119. W reporta\u017cu narzeczony, kt\u00f3ry towarzyszy\u0142 pacjentce w Polsce, m\u00f3wi\u0142, \u017ce dopiero po sze\u015bciu godzinach od operacji kobieta, kt\u00f3ra nie mog\u0142a si\u0119 obudzi\u0107, zosta\u0142a przeniesiona na oddzia\u0142 ratunkowy. Kontrola wojewody pomorskiego wykaza\u0142a, \u017ce PCT nie mia\u0142a uprawnie\u0144 do przeprowadzania tego typu operacji plastycznych, w latach 2008-2010 dosz\u0142o tam do 78 nielegalnych zabieg\u00f3w.<\/p>\n<p>Trzy tygodnie temu Prokuratura Okr\u0119gowa w Gda\u0144sku postawi\u0142a zarzuty spowodowania ci\u0119\u017ckiego uszczerbku na zdrowiu dw\u00f3m piel\u0119gniarkom oraz lekarce anestezjolog, kt\u00f3re zajmowa\u0142y si\u0119 pacjentk\u0105 ze Szwecji w 2010 r. <\/p>\n<p>gazeta.pl<\/p>\n","protected":false},"excerpt":{"rendered":"<p>Dzi\u015b przed S\u0105dem Okr\u0119gowym w Gda\u0144sku odby\u0142a si\u0119 pierwsza rozprawa ws. Christiny Hedlund. Prawnicy Szwedki, kt\u00f3ra trzy lata temu przesz\u0142a w Pomorskim Centrum Traumatologii w Gda\u0144sku nieudan\u0105 operacj\u0119 powi\u0119kszenia piersi, domagaj\u0105 si\u0119 przed s\u0105dem od tej plac\u00f3wki ok. sze\u015bciu milion\u00f3w z\u0142otych odszkodowania i zado\u015b\u0107uczynienia. Pochodz\u0105ca z Malmoe Christina Hedlund po nieudanej operacji zapad\u0142a w \u015bpi\u0105czk\u0119 [&hellip;]<\/p>\n","protected":false},"author":2,"featured_media":0,"comment_status":"open","ping_status":"open","sticky":false,"template":"","format":"standard","meta":{"footnotes":""},"categories":[8],"tags":[11,12,13],"class_list":["post-2013","post","type-post","status-publish","format-standard","hentry","category-aktualnosci","tag-marshal","tag-odszkodowanie","tag-zadoscuczynienie"],"_links":{"self":[{"href":"https:\/\/www.odszkodowania.info.pl\/index.php?rest_route=\/wp\/v2\/posts\/2013","targetHints":{"allow":["GET"]}}],"collection":[{"href":"https:\/\/www.odszkodowania.info.pl\/index.php?rest_route=\/wp\/v2\/posts"}],"about":[{"href":"https:\/\/www.odszkodowania.info.pl\/index.php?rest_route=\/wp\/v2\/types\/post"}],"author":[{"embeddable":true,"href":"https:\/\/www.odszkodowania.info.pl\/index.php?rest_route=\/wp\/v2\/users\/2"}],"replies":[{"embeddable":true,"href":"https:\/\/www.odszkodowania.info.pl\/index.php?rest_route=%2Fwp%2Fv2%2Fcomments&post=2013"}],"version-history":[{"count":1,"href":"https:\/\/www.odszkodowania.info.pl\/index.php?rest_route=\/wp\/v2\/posts\/2013\/revisions"}],"predecessor-version":[{"id":2014,"href":"https:\/\/www.odszkodowania.info.pl\/index.php?rest_route=\/wp\/v2\/posts\/2013\/revisions\/2014"}],"wp:attachment":[{"href":"https:\/\/www.odszkodowania.info.pl\/index.php?rest_route=%2Fwp%2Fv2%2Fmedia&parent=2013"}],"wp:term":[{"taxonomy":"category","embeddable":true,"href":"https:\/\/www.odszkodowania.info.pl\/index.php?rest_route=%2Fwp%2Fv2%2Fcategories&post=2013"},{"taxonomy":"post_tag","embeddable":true,"href":"https:\/\/www.odszkodowania.info.pl\/index.php?rest_route=%2Fwp%2Fv2%2Ftags&post=2013"}],"curies":[{"name":"wp","href":"https:\/\/api.w.org\/{rel}","templated":true}]}}