{"id":2021,"date":"2013-05-21T14:38:50","date_gmt":"2013-05-21T13:38:50","guid":{"rendered":"http:\/\/www.odszkodowania.info.pl\/?p=2021"},"modified":"2013-05-21T14:38:50","modified_gmt":"2013-05-21T13:38:50","slug":"takiego-wyroku-nie-bylo-milion-dla-bankowca-za-areszt","status":"publish","type":"post","link":"https:\/\/www.odszkodowania.info.pl\/?p=2021","title":{"rendered":"Takiego wyroku nie by\u0142o. Milion dla bankowca za areszt"},"content":{"rendered":"<p>Dzi\u015b przed po\u0142udniem s\u0105d w Lublinie prawomocnie przyzna\u0142 ponad milion z\u0142otych rekompensaty za nies\u0142uszny areszt Witoldowi Oleksiukowi, by\u0142emu kierownikowi z Banku Gospodarki \u017bywno\u015bciowej. M\u0119\u017cczyzna w oczekiwaniu na uniewinnienie od zarzut\u00f3w korupcyjnych sp\u0119dzi\u0142 dwa lata w celi. Nikt przed nim nie dosta\u0142 tak wysokiej kwoty<br \/>\n&#8211; Pogodzi\u0142em si\u0119 ju\u017c z tym wyrokiem. Czy powinien dosta\u0107 wi\u0119cej? Nie b\u0119d\u0119 tego komentowa\u0142 &#8211; powiedzia\u0142 &#8222;Gazecie&#8221; Witold Oleksiuk, chwil\u0119 po wyroku s\u0105du, kt\u00f3ry przyzna\u0142 mu ponad milion z\u0142otych rekompensaty.<\/p>\n<p>&#8211; W kontek\u015bcie tego, co przeszed\u0142 m\u00f3j klient, mo\u017cna powiedzie\u0107, \u017ce przyznana kwota mie\u015bci si\u0119 w rozs\u0105dnych granicach &#8211; doda\u0142 mecenas Pawe\u0142 Mirski.<\/p>\n<p><strong>Kiedy\u015b lokalny autorytet<\/strong><\/p>\n<p>63-letni Oleksiuk \u017cyje z wcze\u015bniejszej emerytury i uprawy ziemi na wsi niedaleko Parczewa. Dwie dekady temu zak\u0142ada\u0142 fili\u0119 BG\u017b w Parczewie. By\u0142 jej kierownikiem i jednym z autorytet\u00f3w lokalnej spo\u0142eczno\u015bci.<\/p>\n<p>Dziewi\u0119\u0107 lat temu na oczach klient\u00f3w i koleg\u00f3w z pracy policjanci zatrzymali Oleksiuka, a w Lublinie prokurator postawi\u0142 mu zarzuty za korupcj\u0119. S\u0105d aresztowa\u0142 kierownika banku, a potem d\u0142ugo nie zgadza\u0142 si\u0119 na to, by odpowiada\u0142 z wolnej stopy. Nic nie dawa\u0142y listy w obronie bankowca przesy\u0142ane przez s\u0105siad\u00f3w i klient\u00f3w BG\u017b.<\/p>\n<p>Prokuratura Okr\u0119gowa w Lublinie oskar\u017cy\u0142a Oleksiuka o wzi\u0119cie 16 \u0142ap\u00f3wek (od 600 z\u0142 do 6 tys.) za przyznawanie kredyt\u00f3w lub odraczanie ich sp\u0142aty. Za kratami aresztu tymczasowego sp\u0119dzi\u0142 prawie dwa lata. W ko\u0144cu s\u0105d pozwoli\u0142 mu wyj\u015b\u0107 do domu i tam czeka\u0107 na wyrok.<\/p>\n<p>Pierwsze orzeczenie to trzy lata bezwzgl\u0119dnego wi\u0119zienia dla Oleskiuka. Kara nie utrzyma\u0142a si\u0119 w mocy. Drugi proces m\u0119\u017cczyzny te\u017c zako\u0144czy\u0142 si\u0119 skazaniem, ale r\u00f3wnie\u017c nie ostatecznym. Fina\u0142 trzeciego procesu by\u0142 diametralnie inny: by\u0142ego ju\u017c bankowca prawomocne i ca\u0142kowicie uniewinniono.<\/p>\n<p><strong>Bez pieni\u0119dzy i emerytury, za to pal\u0105ce spojrzenia<\/strong><\/p>\n<p>&#8211; Po wyj\u015bciu z aresztu zosta\u0142em bez grosza. Nie mia\u0142em jeszcze prawa do emerytury. Sprzeda\u0142em cz\u0119\u015b\u0107 gospodarstwa, \u017ceby mie\u0107 za co \u017cy\u0107 &#8211; wspomina\u0142 w rozmowie z &#8222;Gazet\u0105&#8221;.<\/p>\n<p>Dwa lata temu pozwa\u0142 pa\u0144stwo za nies\u0142uszne aresztowanie. Domaga\u0142 si\u0119 dw\u00f3ch milion\u00f3w z\u0142otych zado\u015b\u0107uczynienia (za odniesione krzywdy) i prawie 350 tys. z\u0142 odszkodowania (za utracone zarobki).<\/p>\n<p>Przed s\u0105dem opowiada\u0142, \u017ce czu\u0142 na sobie pal\u0105ce spojrzenia mieszka\u0144c\u00f3w Parczewa i wsi, w kt\u00f3rej ma dom. &#8211; By\u0142em w sklepie i kto\u015b mi poradzi\u0142, abym kupi\u0142 towary z g\u00f3rnej p\u00f3\u0142ki. Wtedy so\u0142tys powiedzia\u0142: &#8222;Tyle nabra\u0142e\u015b \u0142ap\u00f3wek i ci\u0119 nie sta\u0107?&#8221;. To mia\u0142 by\u0107 chyba \u017cart, ale takie sytuacje mi si\u0119 zdarzaj\u0105 &#8211; zeznawa\u0142.<\/p>\n<p>&#8211; Pierwszy raz zobaczy\u0142am ojca po trzech miesi\u0105cach od aresztowania. Nie wierzy\u0142am, \u017ce cz\u0142owiek mo\u017ce tak si\u0119 zmieni\u0107. Schud\u0142 30 kg. Zestarza\u0142 si\u0119 co najmniej 15 lat. Garnitur, w kt\u00f3rym go aresztowali, dos\u0142ownie na nim wisia\u0142 &#8211; m\u00f3wi\u0142a c\u00f3rka Oleksiuka, a jego syn dodawa\u0142: &#8211; Ojciec straci\u0142 ca\u0142\u0105 rado\u015b\u0107 \u017cycia.<\/p>\n<p><strong>Nie chodzi\u0142 na spacery, widzia\u0142 samob\u00f3jc\u00f3w<\/strong><\/p>\n<p>Nic dziwnego, bo Oleksiuk siedzia\u0142 w celach z kryminalistami. Nie m\u00f3g\u0142 korzysta\u0107 z prysznica, gdy myli si\u0119 tam &#8222;grypsuj\u0105cy&#8221;. Ze strachu przez dwa miesi\u0105ce nie wychodzi\u0142 na spacery. Na w\u0142asne oczy widzia\u0142 dwie pr\u00f3by samob\u00f3jcze (kto\u015b podci\u0105\u0142 sobie \u017cy\u0142y, inny skoczy\u0142 na g\u0142\u00f3wk\u0119 z \u0142\u00f3\u017cka). Mimo prze\u017cytego za\u0142amania uniemo\u017cliwiano mu kontakt z psychologiem.<\/p>\n<p>W lutym S\u0105d Okr\u0119gowy w Lublinie przyzna\u0142 Oleksiukowi lekko ponad milion z\u0142otych rekompensaty, w tym 960 tys. z\u0142 za krzywdy doznane w celi.<\/p>\n<p><strong>S\u0105dy daj\u0105 coraz wi\u0119cej<\/strong><\/p>\n<p>Od tego wyroku odwo\u0142a\u0142 si\u0119 mecenas Mirski. Punktowa\u0142, \u017ce aresztowanie zrujnowa\u0142o \u017cycie Oleksiuka i odpowiednim zado\u015b\u0107uczynieniem by\u0142yby dwa miliony z\u0142otych. Wnosi\u0142 te\u017c o przyznanie cztery razy wy\u017cszego odszkodowania. &#8211; Orzecznictwo s\u0105d\u00f3w idzie w dobrym kierunku, bo zas\u0105dzane kwoty zado\u015b\u0107uczynienia s\u0105 coraz wy\u017csze i odzwierciedlaj\u0105 rozmiar cierpie\u0144 doznawanych przez niew\u0105tpliwie nies\u0142usznie aresztowanych &#8211; t\u0142umaczy\u0142 nam skal\u0119 roszcze\u0144 adwokat.<\/p>\n<p>We wtorek spraw\u0105 zaj\u0105\u0142 si\u0119 S\u0105d Apelacyjny w Lublinie. Prokurator chcia\u0142 oddalenia apelacji w ca\u0142o\u015bci. Lubelski s\u0105d nie zmieni\u0142 kwoty zado\u015b\u0107uczynienia, ale nieznacznie, o prawie 40 tys. z\u0142otych podni\u00f3s\u0142 wysoko\u015b\u0107 odszkodowania. &#8211; S\u0105d odwo\u0142awczy dostrzeg\u0142 zwi\u0105zek przyczynowo-skutkowy mi\u0119dzy utrat\u0105 przez mojego klienta nagrody jubileuszowej, a tak\u017ce brakiem mo\u017cliwo\u015bci zdobycia przez niego pracy po wyj\u015bciu z aresztu &#8211; relacjonuje mec. Mirski.<\/p>\n<p>Orzeczenie jest prawomocne. &#8222;Gazeta&#8221; zapyta\u0142a kilku prawnik\u00f3w czy przypominaj\u0105 sobie, aby w podobnej sprawie ktokolwiek dosta\u0142 milionow\u0105 rekompensat\u0119. Us\u0142yszeli\u015bmy, \u017ce to pierwszy taki wyrok. <\/p>\n<p>gazeta.pl<\/p>\n","protected":false},"excerpt":{"rendered":"<p>Dzi\u015b przed po\u0142udniem s\u0105d w Lublinie prawomocnie przyzna\u0142 ponad milion z\u0142otych rekompensaty za nies\u0142uszny areszt Witoldowi Oleksiukowi, by\u0142emu kierownikowi z Banku Gospodarki \u017bywno\u015bciowej. M\u0119\u017cczyzna w oczekiwaniu na uniewinnienie od zarzut\u00f3w korupcyjnych sp\u0119dzi\u0142 dwa lata w celi. Nikt przed nim nie dosta\u0142 tak wysokiej kwoty &#8211; Pogodzi\u0142em si\u0119 ju\u017c z tym wyrokiem. Czy powinien dosta\u0107 wi\u0119cej? [&hellip;]<\/p>\n","protected":false},"author":2,"featured_media":0,"comment_status":"open","ping_status":"open","sticky":false,"template":"","format":"standard","meta":{"footnotes":""},"categories":[8],"tags":[11,12,13],"class_list":["post-2021","post","type-post","status-publish","format-standard","hentry","category-aktualnosci","tag-marshal","tag-odszkodowanie","tag-zadoscuczynienie"],"_links":{"self":[{"href":"https:\/\/www.odszkodowania.info.pl\/index.php?rest_route=\/wp\/v2\/posts\/2021","targetHints":{"allow":["GET"]}}],"collection":[{"href":"https:\/\/www.odszkodowania.info.pl\/index.php?rest_route=\/wp\/v2\/posts"}],"about":[{"href":"https:\/\/www.odszkodowania.info.pl\/index.php?rest_route=\/wp\/v2\/types\/post"}],"author":[{"embeddable":true,"href":"https:\/\/www.odszkodowania.info.pl\/index.php?rest_route=\/wp\/v2\/users\/2"}],"replies":[{"embeddable":true,"href":"https:\/\/www.odszkodowania.info.pl\/index.php?rest_route=%2Fwp%2Fv2%2Fcomments&post=2021"}],"version-history":[{"count":1,"href":"https:\/\/www.odszkodowania.info.pl\/index.php?rest_route=\/wp\/v2\/posts\/2021\/revisions"}],"predecessor-version":[{"id":2022,"href":"https:\/\/www.odszkodowania.info.pl\/index.php?rest_route=\/wp\/v2\/posts\/2021\/revisions\/2022"}],"wp:attachment":[{"href":"https:\/\/www.odszkodowania.info.pl\/index.php?rest_route=%2Fwp%2Fv2%2Fmedia&parent=2021"}],"wp:term":[{"taxonomy":"category","embeddable":true,"href":"https:\/\/www.odszkodowania.info.pl\/index.php?rest_route=%2Fwp%2Fv2%2Fcategories&post=2021"},{"taxonomy":"post_tag","embeddable":true,"href":"https:\/\/www.odszkodowania.info.pl\/index.php?rest_route=%2Fwp%2Fv2%2Ftags&post=2021"}],"curies":[{"name":"wp","href":"https:\/\/api.w.org\/{rel}","templated":true}]}}