{"id":2026,"date":"2013-06-03T20:55:22","date_gmt":"2013-06-03T19:55:22","guid":{"rendered":"http:\/\/www.odszkodowania.info.pl\/?p=2026"},"modified":"2013-06-03T20:55:22","modified_gmt":"2013-06-03T19:55:22","slug":"weterani-chca-odszkodowan-od-armii","status":"publish","type":"post","link":"https:\/\/www.odszkodowania.info.pl\/?p=2026","title":{"rendered":"Weterani chc\u0105 odszkodowa\u0144 od armii"},"content":{"rendered":"<p>Wnioskuj\u0105 o prawie trzy miliony z\u0142otych od osoby. Dokumenty w tej sprawie do resortu obrony z\u0142o\u017cy\u0142o pi\u0119ciu \u017co\u0142nierzy rannych w czasie misji w Afganistanie.<\/p>\n<p>Trzech z nich reprezentuje mecenas Sylwester Nowakowski. Prawnik wcze\u015bniej prowadzi\u0142 przed s\u0105dami sprawy rodzin poleg\u0142ych w katastrofie samolotu CASA, a potem bliskich \u017co\u0142nierzy, kt\u00f3rzy zgin\u0119li na zagranicznych misjach.<\/p>\n<p>Wszyscy dostali od MON zado\u015b\u0107uczyneinia i odszkodowania. Mecenas Nowakowski powiedzia\u0142 Informacyjnej Agencji Radiowej, \u017ce w przypadku rannych weteran\u00f3w prawo powinno zadzia\u0142a\u0107 podobnie. <\/p>\n<p>Weterani reprezentowani przez mecenasa Nowakowskiego domagaj\u0105 si\u0119 wyp\u0142aty zado\u015b\u0107uczynienia, odszkodowania oraz renty specjalnej. Wszyscy doznali powa\u017cnych obra\u017ce\u0144 w czasie afga\u0144skiej misji. Do normalnego \u017cycia po leczeniu ju\u017c nie wr\u00f3cili i nie wr\u00f3c\u0105 &#8211; m\u00f3wi Nowakowski.<\/p>\n<p>Ministerstwo obrony na razie niewiele m\u00f3wi w tej sprawie. Robert Rochowicz z departamentu prasowo-informacyjnego potwierdza jedynie, \u017ce wnioski od pi\u0119ciu weteran\u00f3w wp\u0142yn\u0119\u0142y.<\/p>\n<p>Jeden z weteran\u00f3w, reprezentowanych przez mecenasa Sylwestra Nowakowskiego, to 36-letni starszy plutonowy Mariusz Saczek. Zosta\u0142 ranny &#8211; z sz\u00f3stk\u0105 innych \u017co\u0142nierzy &#8211; w Afganistanie w 2010 roku.<\/p>\n<p>Pod Rosomakiem wybucha\u0142a wtedy mina-pu\u0142apka. Saczek dozna\u0142 z\u0142amania kr\u0119gos\u0142upa w trzech miejscach i uszkodzenia rdzenia kr\u0119gowego. Do tego uszkodzony s\u0142uch, w\u0105troba i \u015bledziona. W szpitalu sp\u0119dzi\u0142 dwa lata. Ma niedow\u0142ad n\u00f3g, je\u017adzi na w\u00f3zku inwalidzkim.<\/p>\n<p>Starszy plutonowy Mariusz Saczek dosta\u0142 ju\u017c z MON i od ubezpieczyciela odszkodowanie oraz zapomog\u0119. Jednak jego zdaniem resort nie opiekuje si\u0119 nim tak, jak trzeba. Na w\u00f3zek czeka\u0142 wiele miesi\u0119cy, a za cz\u0119\u015b\u0107 turnus\u00f3w rehabilitacyjnych musia\u0142 p\u0142aci\u0107 z w\u0142asnej kieszeni. Od MON domaga si\u0119 miliona z\u0142otych zado\u015b\u0107uczynienia, niemal dw\u00f3ch odszkodowania oraz renty.<\/p>\n<p>money.pl<\/p>\n","protected":false},"excerpt":{"rendered":"<p>Wnioskuj\u0105 o prawie trzy miliony z\u0142otych od osoby. Dokumenty w tej sprawie do resortu obrony z\u0142o\u017cy\u0142o pi\u0119ciu \u017co\u0142nierzy rannych w czasie misji w Afganistanie. Trzech z nich reprezentuje mecenas Sylwester Nowakowski. Prawnik wcze\u015bniej prowadzi\u0142 przed s\u0105dami sprawy rodzin poleg\u0142ych w katastrofie samolotu CASA, a potem bliskich \u017co\u0142nierzy, kt\u00f3rzy zgin\u0119li na zagranicznych misjach. Wszyscy dostali od [&hellip;]<\/p>\n","protected":false},"author":2,"featured_media":0,"comment_status":"open","ping_status":"open","sticky":false,"template":"","format":"standard","meta":{"footnotes":""},"categories":[8],"tags":[12,13],"class_list":["post-2026","post","type-post","status-publish","format-standard","hentry","category-aktualnosci","tag-odszkodowanie","tag-zadoscuczynienie"],"_links":{"self":[{"href":"https:\/\/www.odszkodowania.info.pl\/index.php?rest_route=\/wp\/v2\/posts\/2026","targetHints":{"allow":["GET"]}}],"collection":[{"href":"https:\/\/www.odszkodowania.info.pl\/index.php?rest_route=\/wp\/v2\/posts"}],"about":[{"href":"https:\/\/www.odszkodowania.info.pl\/index.php?rest_route=\/wp\/v2\/types\/post"}],"author":[{"embeddable":true,"href":"https:\/\/www.odszkodowania.info.pl\/index.php?rest_route=\/wp\/v2\/users\/2"}],"replies":[{"embeddable":true,"href":"https:\/\/www.odszkodowania.info.pl\/index.php?rest_route=%2Fwp%2Fv2%2Fcomments&post=2026"}],"version-history":[{"count":1,"href":"https:\/\/www.odszkodowania.info.pl\/index.php?rest_route=\/wp\/v2\/posts\/2026\/revisions"}],"predecessor-version":[{"id":2027,"href":"https:\/\/www.odszkodowania.info.pl\/index.php?rest_route=\/wp\/v2\/posts\/2026\/revisions\/2027"}],"wp:attachment":[{"href":"https:\/\/www.odszkodowania.info.pl\/index.php?rest_route=%2Fwp%2Fv2%2Fmedia&parent=2026"}],"wp:term":[{"taxonomy":"category","embeddable":true,"href":"https:\/\/www.odszkodowania.info.pl\/index.php?rest_route=%2Fwp%2Fv2%2Fcategories&post=2026"},{"taxonomy":"post_tag","embeddable":true,"href":"https:\/\/www.odszkodowania.info.pl\/index.php?rest_route=%2Fwp%2Fv2%2Ftags&post=2026"}],"curies":[{"name":"wp","href":"https:\/\/api.w.org\/{rel}","templated":true}]}}