{"id":2084,"date":"2013-07-30T09:45:08","date_gmt":"2013-07-30T08:45:08","guid":{"rendered":"http:\/\/www.odszkodowania.info.pl\/?p=2084"},"modified":"2013-07-30T09:53:12","modified_gmt":"2013-07-30T08:53:12","slug":"co-czuje-malenka-julia-mecenas-szpitala-pewnie-nic","status":"publish","type":"post","link":"https:\/\/www.odszkodowania.info.pl\/?p=2084","title":{"rendered":"Co czuje male\u0144ka Julia? Mecenas szpitala: Pewnie nic"},"content":{"rendered":"<p>Pa\u0144stwo Bonkowie domagaj\u0105 si\u0119 od szpitala ginekologiczno-po\u0142o\u017cniczego w Opolu dw\u00f3ch milion\u00f3w z\u0142otych zado\u015b\u0107uczynienia dla kilkumiesi\u0119cznej Julii. M.in. za stres i cierpienia, kt\u00f3rych dozna\u0142a i kt\u00f3rych dozna w przysz\u0142o\u015bci. Adwokat szpitala na to: nie ma podstaw, by przypuszcza\u0107, \u017ce dziewczynka w og\u00f3le co\u015b czuje<br \/>\n&#8222;W pierwszej kolejno\u015bci nale\u017cy zada\u0107 pytanie czy w obliczu tak du\u017cego niedotlenienia, jakiego dozna\u0142a pow\u00f3dka [Julia Bonk &#8211; przyp. red.] w og\u00f3le jest mo\u017cliwe odczuwanie jakiegokolwiek cierpienia fizycznego czy psychicznego. Podnie\u015b\u0107 bowiem nale\u017cy, i\u017c w chwili obecnej m\u00f3zg pow\u00f3dki nie pracuje (&#8230;). Skoro zatem m\u00f3zg pow\u00f3dki nie pracuje, to nie ma pewno\u015bci, czy pow\u00f3dka cokolwiek odczuwa, a je\u015bli odczuwa, to jakiego rodzaju s\u0105 to odczucia&#8221; &#8211; napisa\u0142 w odpowiedzi na pozew Bonk\u00f3w pe\u0142nomocnik szpitala mec. Jakub Muszy\u0144ski.<\/p>\n<p>Przekonuje s\u0105d, \u017ce skoro m\u00f3zg dziewczynki jest uszkodzony, to trudno m\u00f3wi\u0107 o odczuwaniu przez ni\u0105 emocji oraz cierpienia, dlatego te\u017c nale\u017cy przeprowadzi\u0107 badania, kt\u00f3re maj\u0105 wykaza\u0107, czy w og\u00f3le Julia potrafi odczuwa\u0107 i co mo\u017ce czu\u0107.<\/p>\n<p><strong>Matka Julii: Brak s\u0142\u00f3w<\/strong><\/p>\n<p>&#8211; Najpierw doprowadzili dziecko do takiego stanu, a teraz odpowiadaj\u0105, \u017ce skoro nic nie czuje, to nic si\u0119 nie sta\u0142o. Nie mam s\u0142\u00f3w, by to skomentowa\u0107 &#8211; wyzna\u0142a &#8222;Gazecie&#8221; Barbara Bonk.<\/p>\n<p>Jest pewna, \u017ce jej c\u00f3reczka czuje i reaguje. &#8211; Na przyk\u0142ad w niedziel\u0119 przyszed\u0142 nowy piel\u0119gniarz, kt\u00f3ry musia\u0142 j\u0105 pozna\u0107, by m\u00f3c z ni\u0105 zosta\u0107 na czas, gdy my b\u0119dziemy na rozprawie. Gdy Julia us\u0142ysza\u0142a obcy dla niej g\u0142os, zareagowa\u0142a inaczej ni\u017c na osoby, kt\u00f3re zna. \u015awietnie wiedzia\u0142a, \u017ce jest to kto\u015b nowy &#8211; opowiada.<\/p>\n<p>Na pismo obro\u0144cy szpitala ostro zareagowali prawnicy Bonk\u00f3w. Mec. Bart\u0142omiej Janyga i mec. Jakub Nawraca\u0142a w odpowiedzi napisali:<\/p>\n<p>&#8222;Do chwili obecnej wobec Julii nie zosta\u0142 stwierdzony zgon, wobec czego pow\u00f3dka nadal jest osob\u0105 fizyczn\u0105 &#8211; czyli podmiotem praw przys\u0142uguj\u0105cych. Pow\u00f3dka w \u017cadnym razie nie znajduje si\u0119 w stanie \u015bmierci m\u00f3zgowej. Dywagacje pozwanego [czyli szpitala &#8211; przyp. red.] odno\u015bnie prawdopodobie\u0144stwa nieodczuwania przez dziewczynk\u0119 b\u00f3lu nie mog\u0105 przys\u0142ania\u0107 obiektywnie ocenianej niewyobra\u017calnej krzywdy, jak\u0105 jej wyrz\u0105dzono. Nale\u017cy przy tym zwr\u00f3ci\u0107 uwag\u0119 na wysoce niestosown\u0105 postaw\u0119 pozwanego, kt\u00f3ry po wyrz\u0105dzeniu krzywdy nie pr\u00f3buje okaza\u0107 nawet odrobiny wsp\u00f3\u0142czucia czy skruchy. Taka postawa, jednoznacznie wskazuje na to, \u017ce pomimo i\u017c pozwany jest plac\u00f3wk\u0105 s\u0142u\u017cby zdrowia, to traktuje pacjent\u00f3w przedmiotowo, nie pr\u00f3buj\u0105c w \u017cadnym aspekcie naprawia\u0107 pope\u0142nionych przez siebie b\u0142\u0119d\u00f3w&#8221;.<\/p>\n<p><strong>Nikt nie b\u0119dzie si\u0119 targowa\u0142?<\/strong><\/p>\n<p>Bonkowie opr\u00f3cz dw\u00f3ch milion\u00f3w z\u0142otych zado\u015b\u0107uczynienia domagaj\u0105 si\u0119 r\u00f3wnie\u017c 200 tys. z\u0142 odszkodowania za straty poniesione na leczenie dziewczynki, cho\u0107 te jeszcze nie s\u0105 do ko\u0144ca oszacowane. Niemniej rodzice dziecka zaznaczaj\u0105, \u017ce rehabilitacja jest bardzo kosztowana (oko\u0142o 150 z\u0142 za godzin\u0119) i \u017ce chcieliby m\u00f3c leczy\u0107 Juli\u0119 za granic\u0105.<\/p>\n<p>Domagaj\u0105 si\u0119 r\u00f3wnie\u017c ustalenia comiesi\u0119cznej renty w wysoko\u015bci 10 tys. z\u0142, by zabezpieczy\u0107 potrzeby dziecka. Zaznaczaj\u0105 r\u00f3wnie\u017c, \u017ce jej stan oznacza, \u017ce przynajmniej jedno z rodzic\u00f3w b\u0119dzie musia\u0142o zrezygnowa\u0107 z pracy, by m\u00f3c si\u0119 c\u00f3rk\u0105 zaj\u0105\u0107, bo wymaga nieustannej opieki.<\/p>\n<p>Szpital domaga si\u0119 oddalenia pozwu. &#8211; Nie negujemy stanu dziecka. W tej chwili jednak nie mamy pewno\u015bci, \u017ce to przebieg porodu doprowadzi\u0142 do takiego niedotlenienia dziecka, dlatego te\u017c z\u0142o\u017cyli\u015bmy wniosek o powo\u0142anie bieg\u0142ego genetyka. Wa\u017cne jest dla nas, by ustali\u0107 co naprawd\u0119 si\u0119 sta\u0142o, ale r\u00f3wnie\u017c zale\u017cy nam na dobru dziecka &#8211; przekonuje mec. Muszy\u0144ski.<\/p>\n<p>Doda\u0142, \u017ce by\u0107 mo\u017ce szpital podejmie z rodzicami dziewczynki rozmowy co do ugodowego zako\u0144czenia post\u0119powania.<\/p>\n<p>&#8211; Nikt nie b\u0119dzie si\u0119 targowa\u0142 &#8211; zapewnia\u0142 i zaznacza\u0142, \u017ce wa\u017cne jest, by post\u0119powanie wewn\u0119trzne szpitala, karne i to przed s\u0105dem cywilnym da\u0142y jasn\u0105 odpowied\u017a na to, kto lub co przyczyni\u0142o si\u0119 do pogorszenia si\u0119 stanu zdrowia dziecka.<\/p>\n<p><strong>Cesarka by\u0142a oczywista?<\/strong><\/p>\n<p>Przypomnijmy, \u017ce bli\u017aniaczki Barbary i Bart\u0142omieja (br\u0105zowy medalista igrzysk w Londynie w ponoszeniu ci\u0119\u017car\u00f3w) Bonk\u00f3w urodzi\u0142y si\u0119 20 listopada ub.r. na porod\u00f3wce przy ul. Reymonta w Opolu. Lekarze odm\u00f3wili przeprowadzenia cesarskiego ci\u0119cia, cho\u0107 Barbara Bonk o nie prosi\u0142a. Najpierw na \u015bwiat przysz\u0142a Maja. Dziewczynka jest zdrowa. Jej siostra Julia urodzi\u0142a si\u0119 dopiero po 45 minutach po przyj\u015bciu na \u015bwiat Mai. Dozna\u0142a ci\u0119\u017ckiego niedotlenienia m\u00f3zgu.<\/p>\n<p>Wczoraj, podczas pierwszego dnia procesu, przed s\u0105dem zeznawali g\u0142\u00f3wnie lekarze, kt\u00f3rych s\u0105d, a tak\u017ce adwokaci obu stron pytali o to, dlaczego zdecydowano, by por\u00f3d odby\u0142 si\u0119 si\u0142ami natury, a nie przez ci\u0119cie cesarskie.<\/p>\n<p>Lekarz prowadz\u0105cy ci\u0105\u017c\u0119 Marek Tomala przyzna\u0142, \u017ce dla niego cesarka by\u0142a &#8222;oczywist\u0105 oczywisto\u015bci\u0105&#8221;. Jednak w dokumentacji dotycz\u0105cej Barbary Bonk nie poczyni\u0142 \u017cadnej adnotacji na ten temat, dlatego te\u017c pe\u0142nomocnik szpitala w odpowiedzi na pozew sugeruje, \u017ce w ten spos\u00f3b m\u00f3g\u0142 si\u0119 przyczyni\u0107 do tragedii.<\/p>\n<p>Jednym z najwa\u017cniejszych \u015bwiadk\u00f3w by\u0142a dr Hanna \u017bwirska-Lembrych, kt\u00f3ra by\u0142a lekarzem nadzoruj\u0105cym por\u00f3d. Ta jednak na najwa\u017cniejsze pytania (o badania USG, decyzj\u0119 o braku cesarki itd.) odm\u00f3wi\u0142a odpowiedzi ze wzgl\u0119du na prowadzone przez prokuratur\u0119 \u015bledztwo w sprawie fatalnego porodu.<\/p>\n<p>&#8211; By\u0107 mo\u017ce to, co powiem, b\u0119dzie mnie obci\u0105\u017ca\u0107, dlatego mam prawo odm\u00f3wi\u0107 odpowiedzi &#8211; m\u00f3wi\u0142a przed s\u0105dem.<\/p>\n<p>Prokuratura prowadzi post\u0119powanie, kt\u00f3re ma za zadanie wyja\u015bni\u0107, czy lekarze prowadz\u0105cy por\u00f3d przyczynili si\u0119 do pogorszenia zdrowia dziecka. Post\u0119powanie jest na razie zawieszone, bowiem \u015bledczy czekaj\u0105 na opini\u0119 bieg\u0142ych.<\/p>\n<p>Na wczorajszej rozprawie nie stawi\u0142 si\u0119 Bronis\u0142aw \u0141abiak, \u00f3wczesny ordynator oddzia\u0142u patologii ci\u0105\u017cy w opolskim szpitalu ginekologiczno-po\u0142o\u017cniczym, kt\u00f3ry odm\u00f3wi\u0142 Bonkom cesarskiego ci\u0119cia. Sw\u0105 nieobecno\u015b\u0107 usprawiedliwi\u0142 z\u0142ym stanem zdrowia.<\/p>\n<p>Stawi\u0142 si\u0119 natomiast dr Wojciech Guzikowski, wojew\u00f3dzki konsultant w dziedzinie ginekologii i po\u0142o\u017cnictwa oraz przewodnicz\u0105cy sze\u015bcioosobowej komisji powo\u0142anej przez szpital tu\u017c po porodzie.<\/p>\n<p>&#8211; My\u015bl\u0119, \u017ce trzeba by\u0142o zastosowa\u0107 cesarskie ci\u0119cie. Ci\u0105\u017ca bli\u017aniacza to ci\u0105\u017ca wysokiego ryzyka, poza tym by\u0142 to 34. tydzie\u0144, wi\u0119c by\u0142a ona niedonoszona &#8211; m\u00f3wi\u0142.<\/p>\n<p>Jego zastrze\u017cenia budzi\u0142o r\u00f3wnie\u017c badanie KTG przeprowadzone przed porodem drugiego dziecka, czyli w\u0142a\u015bnie chorej dzi\u015b Julii.<\/p>\n<p>&#8211; Badanie by\u0142o niepe\u0142ne, nale\u017ca\u0142o si\u0119 do niego przy\u0142o\u017cy\u0107, bo cz\u0119\u015b\u0107 zapis\u00f3w wskazywa\u0142a na patologiczn\u0105 sytuacj\u0119 i zwolnienie akcji serca dziecka &#8211; zeznawa\u0142.<\/p>\n<p><strong>Walczymy dla niej<\/strong><\/p>\n<p>Po ca\u0142ym dniu sp\u0119dzonym w s\u0105dzie Bart\u0142omiej Bonk komentowa\u0142: &#8211; To by\u0142 dla nas bardzo trudny dzie\u0144, ale nieunikniony. Jeste\u015bmy tu dla c\u00f3rki, walczymy dla niej po to, by za dwa-trzy lata nie powiedzie\u0107, \u017ce ju\u017c nas nie sta\u0107 na leczenie naszego dziecka. Walczymy wi\u0119c dla Julii tak jak ona walczy o zdrowie dla siebie i dla nas.<\/p>\n<p>Na pytanie, co w pierwszym dniu procesu by\u0142o dla niego najtrudniejsze, odpowiedzia\u0142, \u017ce zeznania dr \u017bwirskiej-Lembrych, kt\u00f3ra by\u0142a lekarzem nadzoruj\u0105cym.<\/p>\n<p>&#8211; Nic nie powiedzia\u0142a, ca\u0142y czas zas\u0142ania\u0142a si\u0119 \u015bledztwem prowadzonym w prokuraturze. Na szcz\u0119\u015bcie dr Guzikowski powiedzia\u0142, jak to wszystko naprawd\u0119 wygl\u0105da\u0142o.<\/p>\n<p>gazeta.pl<\/p>\n","protected":false},"excerpt":{"rendered":"<p>Pa\u0144stwo Bonkowie domagaj\u0105 si\u0119 od szpitala ginekologiczno-po\u0142o\u017cniczego w Opolu dw\u00f3ch milion\u00f3w z\u0142otych zado\u015b\u0107uczynienia dla kilkumiesi\u0119cznej Julii. M.in. za stres i cierpienia, kt\u00f3rych dozna\u0142a i kt\u00f3rych dozna w przysz\u0142o\u015bci. Adwokat szpitala na to: nie ma podstaw, by przypuszcza\u0107, \u017ce dziewczynka w og\u00f3le co\u015b czuje &#8222;W pierwszej kolejno\u015bci nale\u017cy zada\u0107 pytanie czy w obliczu tak du\u017cego niedotlenienia, [&hellip;]<\/p>\n","protected":false},"author":2,"featured_media":0,"comment_status":"open","ping_status":"open","sticky":false,"template":"","format":"standard","meta":{"footnotes":""},"categories":[8],"tags":[120,12,13],"class_list":["post-2084","post","type-post","status-publish","format-standard","hentry","category-aktualnosci","tag-blad-medyczny","tag-odszkodowanie","tag-zadoscuczynienie"],"_links":{"self":[{"href":"https:\/\/www.odszkodowania.info.pl\/index.php?rest_route=\/wp\/v2\/posts\/2084","targetHints":{"allow":["GET"]}}],"collection":[{"href":"https:\/\/www.odszkodowania.info.pl\/index.php?rest_route=\/wp\/v2\/posts"}],"about":[{"href":"https:\/\/www.odszkodowania.info.pl\/index.php?rest_route=\/wp\/v2\/types\/post"}],"author":[{"embeddable":true,"href":"https:\/\/www.odszkodowania.info.pl\/index.php?rest_route=\/wp\/v2\/users\/2"}],"replies":[{"embeddable":true,"href":"https:\/\/www.odszkodowania.info.pl\/index.php?rest_route=%2Fwp%2Fv2%2Fcomments&post=2084"}],"version-history":[{"count":2,"href":"https:\/\/www.odszkodowania.info.pl\/index.php?rest_route=\/wp\/v2\/posts\/2084\/revisions"}],"predecessor-version":[{"id":2086,"href":"https:\/\/www.odszkodowania.info.pl\/index.php?rest_route=\/wp\/v2\/posts\/2084\/revisions\/2086"}],"wp:attachment":[{"href":"https:\/\/www.odszkodowania.info.pl\/index.php?rest_route=%2Fwp%2Fv2%2Fmedia&parent=2084"}],"wp:term":[{"taxonomy":"category","embeddable":true,"href":"https:\/\/www.odszkodowania.info.pl\/index.php?rest_route=%2Fwp%2Fv2%2Fcategories&post=2084"},{"taxonomy":"post_tag","embeddable":true,"href":"https:\/\/www.odszkodowania.info.pl\/index.php?rest_route=%2Fwp%2Fv2%2Ftags&post=2084"}],"curies":[{"name":"wp","href":"https:\/\/api.w.org\/{rel}","templated":true}]}}