{"id":2113,"date":"2013-09-11T10:49:46","date_gmt":"2013-09-11T09:49:46","guid":{"rendered":"http:\/\/www.odszkodowania.info.pl\/?p=2113"},"modified":"2013-09-11T10:49:46","modified_gmt":"2013-09-11T09:49:46","slug":"obronca-boguckiego-chce-9-mln-zl-zadoscuczynienia-dosc-kompromitacji-pora-na-rozliczenia","status":"publish","type":"post","link":"https:\/\/www.odszkodowania.info.pl\/?p=2113","title":{"rendered":"Obro\u0144ca Boguckiego chce 9 mln z\u0142 zado\u015b\u0107uczynienia. &#8222;Do\u015b\u0107 kompromitacji, pora na rozliczenia&#8221;"},"content":{"rendered":"<p>9 mln z\u0142 b\u0119dzie domaga\u0107 si\u0119 obro\u0144ca Ryszarda Boguckiego za jego bezpodstawne aresztowanie. Zapowiedzia\u0142 te\u017c dzia\u0142ania zmierzaj\u0105ce do wznowienia procesu ws. zab\u00f3jstwa &#8222;Pershinga&#8221; i powo\u0142ania komisji \u015bledczej ws. zab\u00f3jstwa Marka Papa\u0142y. &#8222;Wysoko\u015b\u0107 podyktowana jest skal\u0105 nieprawid\u0142owo\u015bci, jakich dopu\u015bci\u0142y si\u0119 organa \u015bcigania i zwi\u0105zanych z tym krzywd wyrz\u0105dzonych Ryszardowi Boguckiemu&#8221; &#8211; napisa\u0142a komunikacie adw. Marta Smo\u0142ka.<\/p>\n<p>&#8222;Do\u015b\u0107 kompromitacji, pora na rozliczenia i wyci\u0105gni\u0119cie wniosk\u00f3w. Dlatego te\u017c b\u0119dziemy domaga\u0107 si\u0119 powo\u0142ania Sejmowej Komisji \u015aledczej o charakterze eksperckim do zbadania nieprawid\u0142owo\u015bci w funkcjonowaniu organ\u00f3w \u015bcigania i wymiaru sprawiedliwo\u015bci w sprawie zab\u00f3jstwa Marka Papa\u0142y&#8221; &#8211; doda\u0142a.<\/p>\n<p>Wed\u0142ug adwokat Boguckiego 15 lat \u015bledztwa ws. \u015bmierci gen. Papa\u0142y nie tylko nie przybli\u017cy\u0142o do ustalenia prawdy o tym zdarzeniu, ale wr\u0119cz j\u0105 uniemo\u017cliwia\u0142o. &#8222;Sprawa zab\u00f3jstwa Marka Papa\u0142y ogniskuje jak w soczewce nieprawid\u0142owo\u015bci w funkcjonowaniu kluczowych organ\u00f3w pa\u0144stwa, haniebne \u0142amanie praw cz\u0142owieka i zasad procedury karnej&#8221; &#8211; napisa\u0142a adwokat.<\/p>\n<p><strong>&#8222;Kruche&#8221; dowody ws. zab\u00f3jstwa Papa\u0142y<\/strong><\/p>\n<p>31 lipca warszawski s\u0105d uniewinni\u0142 Ryszarda Boguckiego i Andrzeja Z., ps. &#8222;S\u0142owik&#8221;, od zarzut\u00f3w nak\u0142aniania do zab\u00f3jstwa by\u0142ego komendanta g\u0142\u00f3wnego policji Marka Papa\u0142y. S\u0105d krytycznie oceni\u0142 wiele dzia\u0142a\u0144 organ\u00f3w \u015bcigania w sprawie, a dowody uzna\u0142 za &#8222;kruche&#8221;.<\/p>\n<p>W trwaj\u0105cym od lutego 2010 r. procesie warszawska prokuratura \u017c\u0105da\u0142a 15 lat wi\u0119zienia dla Boguckiego za obserwowanie miejsca zab\u00f3jstwa Papa\u0142y i bezskuteczne nak\u0142anianie za 30 tys. dolar\u00f3w gangstera Zbigniewa G. do zabicia b. szefa policji. Inn\u0105 wersj\u0119 zaprezentowa\u0142a w 2012 r. prokuratura w \u0141odzi, wed\u0142ug kt\u00f3rej do zab\u00f3jstwa Papa\u0142y dosz\u0142o w wyniku napadu rabunkowego, a sprawcy zamierzali ukra\u015b\u0107 samoch\u00f3d zabitego.<\/p>\n<p>Bogucki odsiaduje wyrok 25 lat wi\u0119zienia za udzia\u0142 w zab\u00f3jstwie gangstera &#8222;Pershinga&#8221;.<\/p>\n<p>gazeta.pl<\/p>\n","protected":false},"excerpt":{"rendered":"<p>9 mln z\u0142 b\u0119dzie domaga\u0107 si\u0119 obro\u0144ca Ryszarda Boguckiego za jego bezpodstawne aresztowanie. Zapowiedzia\u0142 te\u017c dzia\u0142ania zmierzaj\u0105ce do wznowienia procesu ws. zab\u00f3jstwa &#8222;Pershinga&#8221; i powo\u0142ania komisji \u015bledczej ws. zab\u00f3jstwa Marka Papa\u0142y. &#8222;Wysoko\u015b\u0107 podyktowana jest skal\u0105 nieprawid\u0142owo\u015bci, jakich dopu\u015bci\u0142y si\u0119 organa \u015bcigania i zwi\u0105zanych z tym krzywd wyrz\u0105dzonych Ryszardowi Boguckiemu&#8221; &#8211; napisa\u0142a komunikacie adw. Marta Smo\u0142ka. [&hellip;]<\/p>\n","protected":false},"author":2,"featured_media":0,"comment_status":"open","ping_status":"open","sticky":false,"template":"","format":"standard","meta":{"footnotes":""},"categories":[8],"tags":[12,13],"class_list":["post-2113","post","type-post","status-publish","format-standard","hentry","category-aktualnosci","tag-odszkodowanie","tag-zadoscuczynienie"],"_links":{"self":[{"href":"https:\/\/www.odszkodowania.info.pl\/index.php?rest_route=\/wp\/v2\/posts\/2113","targetHints":{"allow":["GET"]}}],"collection":[{"href":"https:\/\/www.odszkodowania.info.pl\/index.php?rest_route=\/wp\/v2\/posts"}],"about":[{"href":"https:\/\/www.odszkodowania.info.pl\/index.php?rest_route=\/wp\/v2\/types\/post"}],"author":[{"embeddable":true,"href":"https:\/\/www.odszkodowania.info.pl\/index.php?rest_route=\/wp\/v2\/users\/2"}],"replies":[{"embeddable":true,"href":"https:\/\/www.odszkodowania.info.pl\/index.php?rest_route=%2Fwp%2Fv2%2Fcomments&post=2113"}],"version-history":[{"count":1,"href":"https:\/\/www.odszkodowania.info.pl\/index.php?rest_route=\/wp\/v2\/posts\/2113\/revisions"}],"predecessor-version":[{"id":2114,"href":"https:\/\/www.odszkodowania.info.pl\/index.php?rest_route=\/wp\/v2\/posts\/2113\/revisions\/2114"}],"wp:attachment":[{"href":"https:\/\/www.odszkodowania.info.pl\/index.php?rest_route=%2Fwp%2Fv2%2Fmedia&parent=2113"}],"wp:term":[{"taxonomy":"category","embeddable":true,"href":"https:\/\/www.odszkodowania.info.pl\/index.php?rest_route=%2Fwp%2Fv2%2Fcategories&post=2113"},{"taxonomy":"post_tag","embeddable":true,"href":"https:\/\/www.odszkodowania.info.pl\/index.php?rest_route=%2Fwp%2Fv2%2Ftags&post=2113"}],"curies":[{"name":"wp","href":"https:\/\/api.w.org\/{rel}","templated":true}]}}