{"id":2118,"date":"2013-09-22T20:13:32","date_gmt":"2013-09-22T19:13:32","guid":{"rendered":"http:\/\/www.odszkodowania.info.pl\/?p=2118"},"modified":"2013-09-22T20:13:32","modified_gmt":"2013-09-22T19:13:32","slug":"ojciec-krzysztofa-olewnika-chce-od-policji-13-mln-zl-odszkodowania","status":"publish","type":"post","link":"https:\/\/www.odszkodowania.info.pl\/?p=2118","title":{"rendered":"Ojciec Krzysztofa Olewnika chce od policji 1,3 mln z\u0142 odszkodowania"},"content":{"rendered":"<p>Ojciec uprowadzonego, a nast\u0119pnie zamordowanego Krzysztofa Olewnika b\u0119dzie domaga\u0142 si\u0119 przed S\u0105dem Okr\u0119gowym w Radomiu odszkodowania od mazowieckiej policji &#8211; poinformowa\u0142a w pi\u0105tek rzeczniczka s\u0105du Joanna Kaczmarek-K\u0119sik. Kwota, o jak\u0105 zamierza walczy\u0107 to ponad 1,3 mln z\u0142.<\/p>\n<p>Sprawa z pow\u00f3dztwa W\u0142odzimierza Olewnika przeciwko Komendzie Wojew\u00f3dzkiej Policji w Radomiu wp\u0142yn\u0119\u0142a do s\u0105du &#8211; poda\u0142a rzeczniczka. Nie wyznaczono jeszcze terminu pierwszej rozprawy.<\/p>\n<p>&#8211; Chodzi o odszkodowanie z tytu\u0142u szkody poniesionej na skutek niezgodnego z prawem dzia\u0142ania lub zaniechania organu w\u0142adzy publicznej, czyli w tym przypadku funkcjonariuszy mazowieckiej komendy policji &#8211; poinformowa\u0142a rzeczniczka. <\/p>\n<p><strong>&#8222;Przerazi\u0142o mnie, \u017ce z anonimem policjanci nie zrobili nic&#8221;<\/strong><\/p>\n<p>Przed S\u0105dem Okr\u0119gowym w P\u0142ocku toczy si\u0119 obecnie inny proces ws. Olewnika, w kt\u00f3rym oskar\u017conych jest dw\u00f3ch policjant\u00f3w; w latach 2001-2004 pracowali oni przy sprawie porwania Krzysztofa Olewnika. Remigiusz M. i Maciej L. s\u0105 oskar\u017ceni o niedope\u0142nienie obowi\u0105zk\u00f3w, co narazi\u0142o uprowadzonego na utrat\u0119 \u017cycia. Obaj nie przyznaj\u0105 si\u0119 do winy.<\/p>\n<p>Wed\u0142ug W\u0142odzimierza Olewnika, kt\u00f3ry zeznawa\u0142 w s\u0105dzie w P\u0142ocku, jego syn m\u00f3g\u0142 by\u0107 uwolniony, nawet kr\u00f3tko po porwaniu, gdyby policja rzetelnie analizowa\u0142a po\u0142\u0105czenia telefoniczne i inne otrzymywane informacje, w tym wskazuj\u0105ce nazwiska sprawc\u00f3w.<\/p>\n<p>Olewnik podkre\u015bli\u0142 przed s\u0105dem m.in., \u017ce policja nie udzieli\u0142a pomocy jego rodzinie przy przygotowaniu okupu dla porywaczy. &#8211; Nikt nas nie instruowa\u0142, w jaki spos\u00f3b przygotowa\u0107 okup. Sami kserowali\u015bmy banknoty i spisywali\u015bmy ich numery. \u017baden z dw\u00f3ch oskar\u017conych nie by\u0142 obecny przy przygotowaniu okupu &#8211; o\u015bwiadczy\u0142. Wed\u0142ug Olewnika policja nie podj\u0119\u0142a te\u017c czynno\u015bci dotycz\u0105cych sprawdzenia anonimu, kt\u00f3ry otrzyma\u0142, a kt\u00f3rego fragment brzmia\u0142: &#8222;nie chc\u0119 \u015bmierci Krzy\u015bka&#8221;. &#8211; Przerazi\u0142o mnie, \u017ce z anonimem policjanci nie zrobili nic &#8211; doda\u0142. <\/p>\n<p><strong>Oskar\u017ceni tak\u017ce policjanci<\/strong><\/p>\n<p>Remigiusza M. i Macieja L. gda\u0144ska prokuratura apelacyjna oskar\u017cy\u0142a w grudniu 2012 r. o zaniedbania, w tym o to, \u017ce w lipcu 2003 r. w Warszawie nienale\u017cycie zabezpieczyli miejsce przekazania okupu porywaczom Krzysztofa Olewnika. Zarzuty obj\u0119te aktem oskar\u017cenia zagro\u017cone s\u0105 kar\u0105 pozbawienia wolno\u015bci do lat 3 i przedawniaj\u0105 si\u0119 w sierpniu 2014 r.<\/p>\n<p>Remigiusz M. to szef grupy operacyjno-dochodzeniowej z mazowieckiej komendy policji w Radomiu, kt\u00f3ra od pa\u017adziernika 2001 r. do sierpnia 2004 r. bada\u0142a spraw\u0119 porwania Krzysztofa Olewnika; Maciej L. to funkcjonariusz policji z P\u0142ocka, kt\u00f3ry pracowa\u0142 w tej samej grupie.<\/p>\n<p>\u015aledczy zarzucili obu funkcjonariuszom, \u017ce przedwcze\u015bnie i bezzasadnie odst\u0105pili od obserwacji miejsca przekazania okupu, a p\u00f3\u017aniej nie przeprowadzili natychmiastowych jego ogl\u0119dzin, co mog\u0142o doprowadzi\u0107 do utraty \u015blad\u00f3w kryminalistycznych. Prokuratorzy postawili te\u017c policjantom zarzut, \u017ce w 2001 r. nie przes\u0142uchali osoby mog\u0105cej pom\u00f3c sporz\u0105dzi\u0107 portret pami\u0119ciowy szefa grupy porywaczy &#8211; Wojciecha Franiewskiego &#8211; kt\u00f3ry kupi\u0142 telefon kom\u00f3rkowy s\u0142u\u017c\u0105cy potem porywaczom do kontaktu z rodzin\u0105 Olewnik\u00f3w. <\/p>\n<p><strong>Tajemnicze porwanie<\/strong><\/p>\n<p>Krzysztof Olewnik zosta\u0142 uprowadzony ze swego domu w Drobinie (Mazowieckie) w nocy z 26 na 27 pa\u017adziernika 2001 r., po przyj\u0119ciu z udzia\u0142em m.in. p\u0142ockich policjant\u00f3w. Sprawcy kilkadziesi\u0105t razy kontaktowali si\u0119 z rodzin\u0105, \u017c\u0105daj\u0105c okupu. W lipcu 2003 r. porywaczom przekazano 300 tys. euro, jednak uprowadzony nie zosta\u0142 uwolniony.<\/p>\n<p>Jak si\u0119 p\u00f3\u017aniej okaza\u0142o, miesi\u0105c po odebraniu przez przest\u0119pc\u00f3w okupu, zosta\u0142 zamordowany. Jego cia\u0142o zakopano w lesie w pobli\u017cu miejscowo\u015bci R\u00f3\u017can. Odnaleziono je w 2006 r., a w 2010 r. po ekshumacji na cmentarzu w P\u0142ocku i badaniach genetycznych ostatecznie potwierdzono to\u017csamo\u015b\u0107 Krzysztofa Olewnika.<\/p>\n<p>PAP<\/p>\n","protected":false},"excerpt":{"rendered":"<p>Ojciec uprowadzonego, a nast\u0119pnie zamordowanego Krzysztofa Olewnika b\u0119dzie domaga\u0142 si\u0119 przed S\u0105dem Okr\u0119gowym w Radomiu odszkodowania od mazowieckiej policji &#8211; poinformowa\u0142a w pi\u0105tek rzeczniczka s\u0105du Joanna Kaczmarek-K\u0119sik. Kwota, o jak\u0105 zamierza walczy\u0107 to ponad 1,3 mln z\u0142. Sprawa z pow\u00f3dztwa W\u0142odzimierza Olewnika przeciwko Komendzie Wojew\u00f3dzkiej Policji w Radomiu wp\u0142yn\u0119\u0142a do s\u0105du &#8211; poda\u0142a rzeczniczka. Nie [&hellip;]<\/p>\n","protected":false},"author":2,"featured_media":0,"comment_status":"open","ping_status":"open","sticky":false,"template":"","format":"standard","meta":{"footnotes":""},"categories":[8],"tags":[12,13],"class_list":["post-2118","post","type-post","status-publish","format-standard","hentry","category-aktualnosci","tag-odszkodowanie","tag-zadoscuczynienie"],"_links":{"self":[{"href":"https:\/\/www.odszkodowania.info.pl\/index.php?rest_route=\/wp\/v2\/posts\/2118","targetHints":{"allow":["GET"]}}],"collection":[{"href":"https:\/\/www.odszkodowania.info.pl\/index.php?rest_route=\/wp\/v2\/posts"}],"about":[{"href":"https:\/\/www.odszkodowania.info.pl\/index.php?rest_route=\/wp\/v2\/types\/post"}],"author":[{"embeddable":true,"href":"https:\/\/www.odszkodowania.info.pl\/index.php?rest_route=\/wp\/v2\/users\/2"}],"replies":[{"embeddable":true,"href":"https:\/\/www.odszkodowania.info.pl\/index.php?rest_route=%2Fwp%2Fv2%2Fcomments&post=2118"}],"version-history":[{"count":1,"href":"https:\/\/www.odszkodowania.info.pl\/index.php?rest_route=\/wp\/v2\/posts\/2118\/revisions"}],"predecessor-version":[{"id":2119,"href":"https:\/\/www.odszkodowania.info.pl\/index.php?rest_route=\/wp\/v2\/posts\/2118\/revisions\/2119"}],"wp:attachment":[{"href":"https:\/\/www.odszkodowania.info.pl\/index.php?rest_route=%2Fwp%2Fv2%2Fmedia&parent=2118"}],"wp:term":[{"taxonomy":"category","embeddable":true,"href":"https:\/\/www.odszkodowania.info.pl\/index.php?rest_route=%2Fwp%2Fv2%2Fcategories&post=2118"},{"taxonomy":"post_tag","embeddable":true,"href":"https:\/\/www.odszkodowania.info.pl\/index.php?rest_route=%2Fwp%2Fv2%2Ftags&post=2118"}],"curies":[{"name":"wp","href":"https:\/\/api.w.org\/{rel}","templated":true}]}}