{"id":2137,"date":"2013-10-03T09:34:58","date_gmt":"2013-10-03T08:34:58","guid":{"rendered":"http:\/\/www.odszkodowania.info.pl\/?p=2137"},"modified":"2013-10-03T09:34:58","modified_gmt":"2013-10-03T08:34:58","slug":"rusza-pierwszy-taki-proces-w-polsce-marcin-k-pozywa-kurie-ws-molestowania","status":"publish","type":"post","link":"https:\/\/www.odszkodowania.info.pl\/?p=2137","title":{"rendered":"Rusza pierwszy taki proces w Polsce: Marcin K. pozywa kuri\u0119 ws. molestowania"},"content":{"rendered":"<p>Takiego procesu jeszcze w Polsce nie by\u0142o. Wyrok mo\u017ce by\u0107 precedensem. Marcin K., kt\u00f3ry jako dziecko by\u0142 molestowany przez proboszcza, pozywa kuri\u0119 koszali\u0144sko-ko\u0142obrzesk\u0105, kt\u00f3ra &#8211; jego zdaniem &#8211; wiedzia\u0142a o zachowaniu proboszcza i nie zrobi\u0142a nic, by temu zapobiec. Dzi\u015b pierwsza rozprawa.<\/p>\n<p>Proces rozpoczyna si\u0119 dzi\u015b w Koszalinie. To b\u0119dzie pierwsza ugodowa rozprawa. Jednak z nieoficjalnych informacji wiemy, \u017ce do ugody nie dojdzie, gdy\u017c nie zgadza si\u0119 na ni\u0105 kuria koszali\u0144sko-ko\u0142obrzeska. Marcin K. chce walczy\u0107 o 200 tys. odszkodowania od diecezji.<\/p>\n<p>O sprawie Marcina K. pisali\u015bmy w marcu, Marcin by\u0142 w\u00f3wczas go\u015bciem Radia TOK FM. &#8211; Zniszczono mi \u017cycie, psychik\u0119. Dopiero po 10 latach przesta\u0142em czu\u0107 si\u0119 winnym tego, co si\u0119 sta\u0142o -m\u00f3wi\u0142 wtedy.<\/p>\n<p><strong>Proces karny: proboszcz winny molestowania dziecka<\/strong><\/p>\n<p>Pan Marcin jako 12-latek by\u0142 wykorzystywany przez proboszcza w jednej z parafii w Ko\u0142obrzegu, ksi\u0119dza Zbigniewa R. Gdy sko\u0144czy\u0142 20 lat &#8211; tu\u017c przed przedawnieniem si\u0119 czynu (wed\u0142ug przepis\u00f3w okres przedawnienia to 10 lat, ale przedawnienie nie mo\u017ce nast\u0105pi\u0107 przed up\u0142ywem 5 lat od uzyskania przez ofiar\u0119 pe\u0142noletno\u015bci) &#8211; zawiadomi\u0142 prokuratur\u0119. Rozpocz\u0105\u0142 si\u0119 proces. Po apelu Marcina K. zg\u0142osi\u0142y si\u0119 kolejne ofiary tego samego ksi\u0119dza. Tylko jedna zgodzi\u0142a si\u0119 zeznawa\u0107.<\/p>\n<p>S\u0105dy I i II instancji nie mia\u0142y w\u0105tpliwo\u015bci: Zbigniew R. jest winny. Wyrok: dwa lata bezwzgl\u0119dnego pozbawienia wolno\u015bci. Jednak &#8211; jak si\u0119 dowiedzieli\u015bmy &#8211; R. do dzi\u015b jest na wolno\u015bci. Z\u0142o\u017cy\u0142 bowiem wniosek o odroczenie wyroku, a s\u0105dy przerzucaj\u0105 si\u0119 aktami. &#8211; Po to w takim razie walczy\u0142em? &#8211; pyta Marcin K.<\/p>\n<p><strong>Marcin K.: Chc\u0119 walczy\u0107<\/strong><\/p>\n<p>W wyroku, kt\u00f3ry zapad\u0142 w grudniu 2012 r., s\u0119dzia podkre\u015bli\u0142, \u017ce w procesie cywilnym Marcin K. mo\u017ce walczy\u0107 o zado\u015b\u0107uczynienie. Postanowi\u0142 z tego prawa skorzysta\u0107. Jednak stron\u0105 w procesie ma by\u0107 nie ksi\u0105dz, czyli osoba fizyczna, lecz kuria. Kuria, kt\u00f3ra &#8211; zdaniem ofiary &#8211; mog\u0142a zapobiec dzia\u0142alno\u015bci ksi\u0119dza Zbigniewa R., lecz tego nie zrobi\u0142a.<\/p>\n<p>Czy Marcin K. ma szanse na zado\u015b\u0107uczynienie od kurii? Wed\u0142ug ekspert\u00f3w &#8211; tak. Marcinowi pomaga Hesi\u0144ska Fundacja Praw Cz\u0142owieka.<\/p>\n<p>Z t\u0105 interpretacj\u0105 nie zgadza si\u0119 jednak polski episkopat. W marcu 2012 roku przyj\u0105\u0142 dokument z has\u0142em: zero tolerancji dla pedofil\u00f3w. Jednak na pytanie o to, czy Ko\u015bci\u00f3\u0142 b\u0119dzie wyp\u0142aca\u0107 odszkodowania ofiarom, abp Michalik odpowiedzia\u0142, \u017ce Ko\u015bci\u00f3\u0142 nie mo\u017ce poczuwa\u0107 si\u0119 do zobowi\u0105za\u0144 materialnych. &#8211; Odsy\u0142amy do winowajcy &#8211; uci\u0105\u0142. &#8211; Prosz\u0119 nie przenosi\u0107 zwyczaj\u00f3w z innych kraj\u00f3w na grunt polski. Te systemy prawne do siebie nie przystaj\u0105 &#8211; doda\u0142 rzecznik Episkopatu, ks. J\u00f3zef Kloch, odnosz\u0105c si\u0119 do wyrok\u00f3w s\u0105d\u00f3w ameryka\u0144skich, po kt\u00f3rych parafie wyp\u0142aci\u0142y ofiarom ksi\u0119\u017cy pedofil\u00f3w du\u017ce odszkodowania. <\/p>\n<p>TOK FM<\/p>\n","protected":false},"excerpt":{"rendered":"<p>Takiego procesu jeszcze w Polsce nie by\u0142o. Wyrok mo\u017ce by\u0107 precedensem. Marcin K., kt\u00f3ry jako dziecko by\u0142 molestowany przez proboszcza, pozywa kuri\u0119 koszali\u0144sko-ko\u0142obrzesk\u0105, kt\u00f3ra &#8211; jego zdaniem &#8211; wiedzia\u0142a o zachowaniu proboszcza i nie zrobi\u0142a nic, by temu zapobiec. Dzi\u015b pierwsza rozprawa. Proces rozpoczyna si\u0119 dzi\u015b w Koszalinie. To b\u0119dzie pierwsza ugodowa rozprawa. Jednak z [&hellip;]<\/p>\n","protected":false},"author":2,"featured_media":0,"comment_status":"open","ping_status":"open","sticky":false,"template":"","format":"standard","meta":{"footnotes":""},"categories":[8],"tags":[12,13],"class_list":["post-2137","post","type-post","status-publish","format-standard","hentry","category-aktualnosci","tag-odszkodowanie","tag-zadoscuczynienie"],"_links":{"self":[{"href":"https:\/\/www.odszkodowania.info.pl\/index.php?rest_route=\/wp\/v2\/posts\/2137","targetHints":{"allow":["GET"]}}],"collection":[{"href":"https:\/\/www.odszkodowania.info.pl\/index.php?rest_route=\/wp\/v2\/posts"}],"about":[{"href":"https:\/\/www.odszkodowania.info.pl\/index.php?rest_route=\/wp\/v2\/types\/post"}],"author":[{"embeddable":true,"href":"https:\/\/www.odszkodowania.info.pl\/index.php?rest_route=\/wp\/v2\/users\/2"}],"replies":[{"embeddable":true,"href":"https:\/\/www.odszkodowania.info.pl\/index.php?rest_route=%2Fwp%2Fv2%2Fcomments&post=2137"}],"version-history":[{"count":1,"href":"https:\/\/www.odszkodowania.info.pl\/index.php?rest_route=\/wp\/v2\/posts\/2137\/revisions"}],"predecessor-version":[{"id":2138,"href":"https:\/\/www.odszkodowania.info.pl\/index.php?rest_route=\/wp\/v2\/posts\/2137\/revisions\/2138"}],"wp:attachment":[{"href":"https:\/\/www.odszkodowania.info.pl\/index.php?rest_route=%2Fwp%2Fv2%2Fmedia&parent=2137"}],"wp:term":[{"taxonomy":"category","embeddable":true,"href":"https:\/\/www.odszkodowania.info.pl\/index.php?rest_route=%2Fwp%2Fv2%2Fcategories&post=2137"},{"taxonomy":"post_tag","embeddable":true,"href":"https:\/\/www.odszkodowania.info.pl\/index.php?rest_route=%2Fwp%2Fv2%2Ftags&post=2137"}],"curies":[{"name":"wp","href":"https:\/\/api.w.org\/{rel}","templated":true}]}}