{"id":2141,"date":"2013-10-03T16:49:47","date_gmt":"2013-10-03T15:49:47","guid":{"rendered":"http:\/\/www.odszkodowania.info.pl\/?p=2141"},"modified":"2013-10-03T16:49:47","modified_gmt":"2013-10-03T15:49:47","slug":"zada-ponad-miliona-zlotych-za-stan-wojenny-rozstrzygnie-to-sad-najwyzszy","status":"publish","type":"post","link":"https:\/\/www.odszkodowania.info.pl\/?p=2141","title":{"rendered":"\u017b\u0105da ponad miliona z\u0142otych za stan wojenny. Rozstrzygnie to S\u0105d Najwy\u017cszy"},"content":{"rendered":"<p>Sprawa dotyczy Jana L., dzia\u0142acza &#8222;Solidarno\u015bci&#8221;, kt\u00f3ry w latach 80. z wyboru za\u0142ogi zosta\u0142 dyrektorem Przedsi\u0119biorstwa Produkcyjno-Remontowego Energetyki w Lubli\u0144cu (woj. \u015bl\u0105skie). Gdy og\u0142oszono stan wojenny, m\u0119\u017cczyzna zosta\u0142 internowany, potem zmuszony do emigracji.<br \/>\nW lublinieckim przedsi\u0119biorstwie 90 proc. z 1350 pracownik\u00f3w nale\u017ca\u0142o w 1981 r. do &#8222;Solidarno\u015bci&#8221;. Po og\u0142oszeniu stanu wojennego wybuch\u0142 strajk zako\u0144czony po otoczeniu zak\u0142adu przez ZOMO i wojsko.<\/p>\n<p>W nocy z 16 na 17 grudnia 1981 r. pod dom dyrektora J. przyjechali esbecy. W\u015br\u00f3d nich ucze\u0144 \u017cony Jana L. (by\u0142a nauczycielk\u0105 w szkole \u015bredniej w Lubli\u0144cu), kt\u00f3ry okaza\u0142 si\u0119 konfidentem. &#8211; Dali mi pi\u0119\u0107 minut na ubranie si\u0119. Zrobili rewizj\u0119, demoluj\u0105c mieszkanie. Potem skuli mnie i wywie\u017ali, nie m\u00f3wi\u0105c domownikom dok\u0105d &#8211; relacjonowa\u0142 po latach Jan L. Trafi\u0142 do wi\u0119zienia w Zabrzu. Kilka dni p\u00f3\u017aniej na \u0142amach &#8222;Trybuny Ludu&#8221; rzecznik \u00f3wczesnego resortu G\u00f3rnictwa i Energetyki poinformowa\u0142, \u017ce minister zdecydowa\u0142 o zwolnieniu dyrektora z Lubli\u0144ca &#8222;za uchylanie si\u0119 od wykonywania zada\u0144 wynikaj\u0105cych z dekretu o stanie wojennym&#8221;.<\/p>\n<p>Jan L. przesiedzia\u0142 w wi\u0119zieniu jako internowany do kwietnia 1982 r. Za kratami mia\u0142 zawa\u0142 serca, zachorowa\u0142 na nerki. Po wyj\u015bciu pracy nie znalaz\u0142, dosta\u0142 propozycj\u0119 emigracji. Wyjecha\u0142 z rodzin\u0105 do Niemiec, w Lubli\u0144cu zostawi\u0142 dom. Opuszczony, zacz\u0105\u0142 popada\u0107 w ruin\u0119. &#8211; Zostawi\u0142em ca\u0142y maj\u0105tek. Domem nie mia\u0142 si\u0119 kto zaj\u0105\u0107, a nie mog\u0142em go sprzeda\u0107 &#8211; m\u00f3wi\u0142.<\/p>\n<p>W 2009 r. skorzysta\u0142 ze znowelizowanej dwa lata wcze\u015bniej ustawy o represjonowanych. We wniosku do s\u0105du za\u017c\u0105da\u0142 25 tys. z\u0142 odszkodowania za utracone zarobki oraz 1,2 mln z\u0142 rekompensaty za straty moralne, upadek na zdrowiu, koszty leczenia i konieczno\u015b\u0107 urz\u0105dzania od nowa \u017cycia rodzinie poza Polsk\u0105. Jednak maksymalna kwota, jak\u0105 przewidziano w ustawie to 25 tys. z\u0142, a podstawa roszcze\u0144 mo\u017ce by\u0107 tylko jedna z trzech (cho\u0107by opozycjonist\u0119 spotka\u0142o wszystko razem): areszt, nies\u0142uszne skazanie lub internowanie. L., kt\u00f3remu s\u0105d przyzna\u0142 25 tys. z\u0142, odwo\u0142a\u0142 si\u0119 do S\u0105du Apelacyjnego w Katowicach.<\/p>\n<p>Tu\u017c przed rozpatrzeniem apelacji, Trybuna\u0142 Konstytucyjny uzna\u0142, \u017ce znowelizowana ustawa o represjonowanych pozbawi\u0142a opozycjonist\u00f3w prawa do dochodzenia odszkodowania za krzywdy, bo ograniczaj\u0105c maksymaln\u0105 kwot\u0119 roszczenia, ograniczono prawa maj\u0105tkowe obywateli. Zdaniem Trybuna\u0142u odszkodowanie za bezprawne pozbawienie wolno\u015bci powinno mie\u0107 zawsze charakter zindywidualizowany &#8211; to rol\u0105 s\u0105du, a nie ustawodawcy, jest okre\u015blenie jego wysoko\u015bci w zale\u017cno\u015bci od szkody.<\/p>\n<p>Na tej podstawie s\u0105d apelacyjny nakaza\u0142, aby s\u0105d w Cz\u0119stochowie ponownie rozpatrzy\u0142 ponadmilionowe roszczenie Jana L.<\/p>\n<p>To by\u0142a pierwsza sprawa, kt\u00f3ra trafi\u0142a do Cz\u0119stochowy po orzeczeniu TK. S\u0105d podwy\u017cszy\u0142 rekompensat\u0119 do 36 tys. z\u0142. Jan L. nie pogodzi\u0142 si\u0119 z takim stanowiskiem i \u017c\u0105daniem 1,2 mln z\u0142 zado\u015b\u0107uczynienia za straty moralne z\u0142o\u017cy\u0142 kasacj\u0119 w S\u0105dzie Najwy\u017cszym. SN na posiedzeniu 28 sierpnia uzna\u0142, \u017ce kasacj\u0119 nale\u017cy rozpatrzy\u0107 w trybie procesowym &#8211; a w wi\u0119c z udzia\u0142em stron. Termin nie zosta\u0142 jeszcze wyznaczony. <\/p>\n<p>gazeta.pl<\/p>\n","protected":false},"excerpt":{"rendered":"<p>Sprawa dotyczy Jana L., dzia\u0142acza &#8222;Solidarno\u015bci&#8221;, kt\u00f3ry w latach 80. z wyboru za\u0142ogi zosta\u0142 dyrektorem Przedsi\u0119biorstwa Produkcyjno-Remontowego Energetyki w Lubli\u0144cu (woj. \u015bl\u0105skie). Gdy og\u0142oszono stan wojenny, m\u0119\u017cczyzna zosta\u0142 internowany, potem zmuszony do emigracji. W lublinieckim przedsi\u0119biorstwie 90 proc. z 1350 pracownik\u00f3w nale\u017ca\u0142o w 1981 r. do &#8222;Solidarno\u015bci&#8221;. Po og\u0142oszeniu stanu wojennego wybuch\u0142 strajk zako\u0144czony po [&hellip;]<\/p>\n","protected":false},"author":2,"featured_media":0,"comment_status":"open","ping_status":"open","sticky":false,"template":"","format":"standard","meta":{"footnotes":""},"categories":[8],"tags":[12,13],"class_list":["post-2141","post","type-post","status-publish","format-standard","hentry","category-aktualnosci","tag-odszkodowanie","tag-zadoscuczynienie"],"_links":{"self":[{"href":"https:\/\/www.odszkodowania.info.pl\/index.php?rest_route=\/wp\/v2\/posts\/2141","targetHints":{"allow":["GET"]}}],"collection":[{"href":"https:\/\/www.odszkodowania.info.pl\/index.php?rest_route=\/wp\/v2\/posts"}],"about":[{"href":"https:\/\/www.odszkodowania.info.pl\/index.php?rest_route=\/wp\/v2\/types\/post"}],"author":[{"embeddable":true,"href":"https:\/\/www.odszkodowania.info.pl\/index.php?rest_route=\/wp\/v2\/users\/2"}],"replies":[{"embeddable":true,"href":"https:\/\/www.odszkodowania.info.pl\/index.php?rest_route=%2Fwp%2Fv2%2Fcomments&post=2141"}],"version-history":[{"count":1,"href":"https:\/\/www.odszkodowania.info.pl\/index.php?rest_route=\/wp\/v2\/posts\/2141\/revisions"}],"predecessor-version":[{"id":2142,"href":"https:\/\/www.odszkodowania.info.pl\/index.php?rest_route=\/wp\/v2\/posts\/2141\/revisions\/2142"}],"wp:attachment":[{"href":"https:\/\/www.odszkodowania.info.pl\/index.php?rest_route=%2Fwp%2Fv2%2Fmedia&parent=2141"}],"wp:term":[{"taxonomy":"category","embeddable":true,"href":"https:\/\/www.odszkodowania.info.pl\/index.php?rest_route=%2Fwp%2Fv2%2Fcategories&post=2141"},{"taxonomy":"post_tag","embeddable":true,"href":"https:\/\/www.odszkodowania.info.pl\/index.php?rest_route=%2Fwp%2Fv2%2Ftags&post=2141"}],"curies":[{"name":"wp","href":"https:\/\/api.w.org\/{rel}","templated":true}]}}