{"id":2146,"date":"2013-10-11T13:46:08","date_gmt":"2013-10-11T12:46:08","guid":{"rendered":"http:\/\/www.odszkodowania.info.pl\/?p=2146"},"modified":"2013-10-11T13:46:08","modified_gmt":"2013-10-11T12:46:08","slug":"w-szpitalu-zabraklo-pradu-pacjent-zmarl-sad-uznal-wine-dyrektora","status":"publish","type":"post","link":"https:\/\/www.odszkodowania.info.pl\/?p=2146","title":{"rendered":"W szpitalu zabrak\u0142o pr\u0105du, pacjent zmar\u0142. S\u0105d uzna\u0142 win\u0119 dyrektora"},"content":{"rendered":"<p>Pacjent ze szpitala w Dzier\u017coniowie zmar\u0142 w trakcie operacji, gdy na sali zabrak\u0142o pr\u0105du. Przed s\u0105dem w Dzier\u017coniowie zapad\u0142 wyrok w tej sprawie. Na \u0142awie oskar\u017conych zasiada\u0142 m.in. by\u0142y ju\u017c dyrektor szpitala w tym mie\u015bcie. Dosta\u0142 rok wi\u0119zienia w zawieszeniu za niedope\u0142nienie obowi\u0105zk\u00f3w. 74-letni m\u0119\u017cczyzna trafi\u0142 do szpitala w Dzier\u017coniowie w po\u0142owie 2006 roku po upadku ze schod\u00f3w. Lekarze uznali, \u017ce stan jest powa\u017cny i wys\u0142ali go karetk\u0105 do plac\u00f3wki w Wa\u0142brzychu. Tam jednak neurochirurg (te\u017c oskar\u017cony w tym procesie) podj\u0105\u0142 decyzj\u0119 o odes\u0142aniu chorego z powrotem do Dzier\u017coniowa.<\/p>\n<p>Lekarze z Dzier\u017coniowa uznali, \u017ce pacjent jest w stanie zagro\u017cenia \u017cycia i trzeba go natychmiast operowa\u0107. W czasie operacji w szpitalu nagle zgas\u0142o \u015bwiat\u0142o. Przez kilkana\u015bcie minut lekarze po ciemku, \u015bwiec\u0105c tylko latarkami z telefon\u00f3w kom\u00f3rkowych, ko\u0144czyli zabieg. Gdy w ko\u0144cu pojawi\u0142 si\u0119 pr\u0105d, m\u0119\u017cczyzna jeszcze \u017cy\u0142. Ale ostatecznie nie uda\u0142o si\u0119 go uratowa\u0107.<\/p>\n<p>Prokuratura oskar\u017cy\u0142a by\u0142ego dyrektora szpitala m.in. o niedope\u0142nienie obowi\u0105zk\u00f3w i nara\u017cenie pacjenta na niebezpiecze\u0144stwo. W szpitalu powinno by\u0107 podw\u00f3jne zasilanie, na wypadek takich sytuacji jak ta. I teoretycznie takie zasilanie by\u0142o. Problem w tym, \u017ce uruchomienie dodatkowego agregatu trwa\u0142o oko\u0142o 20 minut, a dodatkowo potrzebny by\u0142 do tego fachowiec elektryk (kt\u00f3rego w tym czasie w szpitalu nie by\u0142o). Za taki stan rzeczy, zdaniem \u015bledczych, odpowiedzialny by\u0142 dyrektor, kt\u00f3ry mia\u0142 obowi\u0105zek zapewnienia pacjentom bezpiecze\u0144stwa.<\/p>\n<p>\u015aledztwo, a potem proces trwa\u0142y bardzo d\u0142ugo, bo ponad sze\u015b\u0107 lat, to m.in. z powodu d\u0142ugiego czasu oczekiwania na opinie bieg\u0142ych. Ostatecznie s\u0105d skaza\u0142 by\u0142ego ju\u017c dyrektora szpitala w Dzier\u017coniowie Zbigniewa G. na kar\u0119 roku wi\u0119zienia w zawieszeniu na dwa lata. &#8211; Biegli stwierdzili jednoznacznie, \u017ce dosz\u0142o do nieprawid\u0142owo\u015bci i na tej podstawie s\u0105d wyrokuj\u0105c uzna\u0142 win\u0119 dyrektora &#8211; m\u00f3wi Maciej Kwiecie\u0144 z kancelarii &#8222;MARSHAL&#8221; reprezentuj\u0105cej rodzin\u0119 zmar\u0142ego pacjenta. Dyrektor prawdopodobnie b\u0119dzie si\u0119 odwo\u0142ywa\u0142 od tego wyroku.<\/p>\n<p>Na \u0142awie oskar\u017conych zasiada\u0142 te\u017c neurochirurg z Wa\u0142brzycha, kt\u00f3ry odes\u0142a\u0142 chorego z powrotem do szpitala w Dzier\u017coniowie. Mia\u0142 zarzut z art. 160 Kodeksu karnego, czyli nara\u017cenie pacjenta na niebezpiecze\u0144stwo, nieumy\u015blne. Dosta\u0142 osiem miesi\u0119cy wi\u0119zienia w zawieszeniu na dwa lata.<\/p>\n<p><strong>Jest te\u017c sprawa o zepsuty respirator<\/strong><\/p>\n<p>Na Lubelszczy\u017anie te\u017c mamy histori\u0119, zwi\u0105zan\u0105 ze \u015bmierci\u0105 pacjenta w szpitalu &#8211; histori\u0119, kt\u00f3r\u0105 te\u017c wyja\u015bnia prokuratura. Pacjent w szpitalu w Che\u0142mie by\u0142 pod\u0142\u0105czony do respiratora, zmar\u0142, bo respirator pod koniec sierpnia przesta\u0142 dzia\u0142a\u0107.<\/p>\n<p>&#8211; W sprawie przes\u0142uchano ju\u017c \u015bwiadk\u00f3w i zgromadzono dokumentacj\u0119 lekarsk\u0105. W tej chwili prokuratura oczekuje na opini\u0119 bieg\u0142ej z zakresu badania urz\u0105dze\u0144 medycznych &#8211; m\u00f3wi prokurator Beata Syk-Jankowska, rzecznik Prokuratury Okr\u0119gowej w Lublinie. Jak dodaje, chodzi o ustalenie, dlaczego respirator by\u0142 niesprawny, czy by\u0142 prawid\u0142owo eksploatowany i serwisowany. &#8211; To jedna z kluczowych czynno\u015bci w tej sprawie &#8211; m\u00f3wi Syk-Jankowska. Opinia ma by\u0107 gotowa w ci\u0105gu miesi\u0105ca. Na razie jest to post\u0119powanie &#8222;w sprawie&#8221;, nikomu nie przedstawiono zarzut\u00f3w. <\/p>\n<p>gazeta.pl<\/p>\n","protected":false},"excerpt":{"rendered":"<p>Pacjent ze szpitala w Dzier\u017coniowie zmar\u0142 w trakcie operacji, gdy na sali zabrak\u0142o pr\u0105du. Przed s\u0105dem w Dzier\u017coniowie zapad\u0142 wyrok w tej sprawie. Na \u0142awie oskar\u017conych zasiada\u0142 m.in. by\u0142y ju\u017c dyrektor szpitala w tym mie\u015bcie. Dosta\u0142 rok wi\u0119zienia w zawieszeniu za niedope\u0142nienie obowi\u0105zk\u00f3w. 74-letni m\u0119\u017cczyzna trafi\u0142 do szpitala w Dzier\u017coniowie w po\u0142owie 2006 roku po [&hellip;]<\/p>\n","protected":false},"author":2,"featured_media":0,"comment_status":"open","ping_status":"open","sticky":false,"template":"","format":"standard","meta":{"footnotes":""},"categories":[8],"tags":[120,11,12,13],"class_list":["post-2146","post","type-post","status-publish","format-standard","hentry","category-aktualnosci","tag-blad-medyczny","tag-marshal","tag-odszkodowanie","tag-zadoscuczynienie"],"_links":{"self":[{"href":"https:\/\/www.odszkodowania.info.pl\/index.php?rest_route=\/wp\/v2\/posts\/2146","targetHints":{"allow":["GET"]}}],"collection":[{"href":"https:\/\/www.odszkodowania.info.pl\/index.php?rest_route=\/wp\/v2\/posts"}],"about":[{"href":"https:\/\/www.odszkodowania.info.pl\/index.php?rest_route=\/wp\/v2\/types\/post"}],"author":[{"embeddable":true,"href":"https:\/\/www.odszkodowania.info.pl\/index.php?rest_route=\/wp\/v2\/users\/2"}],"replies":[{"embeddable":true,"href":"https:\/\/www.odszkodowania.info.pl\/index.php?rest_route=%2Fwp%2Fv2%2Fcomments&post=2146"}],"version-history":[{"count":1,"href":"https:\/\/www.odszkodowania.info.pl\/index.php?rest_route=\/wp\/v2\/posts\/2146\/revisions"}],"predecessor-version":[{"id":2147,"href":"https:\/\/www.odszkodowania.info.pl\/index.php?rest_route=\/wp\/v2\/posts\/2146\/revisions\/2147"}],"wp:attachment":[{"href":"https:\/\/www.odszkodowania.info.pl\/index.php?rest_route=%2Fwp%2Fv2%2Fmedia&parent=2146"}],"wp:term":[{"taxonomy":"category","embeddable":true,"href":"https:\/\/www.odszkodowania.info.pl\/index.php?rest_route=%2Fwp%2Fv2%2Fcategories&post=2146"},{"taxonomy":"post_tag","embeddable":true,"href":"https:\/\/www.odszkodowania.info.pl\/index.php?rest_route=%2Fwp%2Fv2%2Ftags&post=2146"}],"curies":[{"name":"wp","href":"https:\/\/api.w.org\/{rel}","templated":true}]}}