{"id":216,"date":"2009-02-23T18:46:21","date_gmt":"2009-02-23T17:46:21","guid":{"rendered":"http:\/\/www.odszkodowania.info.pl\/?p=216"},"modified":"2009-02-23T18:50:03","modified_gmt":"2009-02-23T17:50:03","slug":"poszkodowani-daleko-od-pomocy","status":"publish","type":"post","link":"https:\/\/www.odszkodowania.info.pl\/?p=216","title":{"rendered":"Poszkodowani: daleko od pomocy"},"content":{"rendered":"<p>Uczestnicy wczorajszej konferencji na temat los\u00f3w ofiar wypadk\u00f3w drogowych zorganizowanej przez rzecznika praw obywatelskich we wsp\u00f3\u0142pracy ze Stowarzyszeniem Poszkodowanych w Wypadkach i Kolizjach Drogowych Alter Ego, byli zgodni, \u017ce wypadki te to znaczne straty nie tylko materialne, ale przede wszystkim spo\u0142eczne.<\/p>\n<p>Liczba zabitych na drogach si\u0119ga rocznie 5,5 tys., a rannych &#8211; 50tys. Znaczna ich cz\u0119\u015b\u0107, a s\u0105 to w wi\u0119kszo\u015bci ludzie m\u0142odzi, nigdy nie odzyska sprawno\u015bci. Straty materialne wynosz\u0105 ponad 35 mld z\u0142 rocznie.<\/p>\n<figure id=\"attachment_218\" aria-describedby=\"caption-attachment-218\" style=\"width: 300px\" class=\"wp-caption alignleft\"><a href=\"http:\/\/www.odszkodowania.info.pl\/wp-content\/uploads\/593b0051.jpg\"><img fetchpriority=\"high\" decoding=\"async\" class=\"size-medium wp-image-218\" title=\"593b0051\" src=\"http:\/\/www.odszkodowania.info.pl\/wp-content\/uploads\/593b0051-300x225.jpg\" alt=\"Wypadek\" width=\"300\" height=\"225\" srcset=\"https:\/\/www.odszkodowania.info.pl\/wp-content\/uploads\/593b0051-300x225.jpg 300w, https:\/\/www.odszkodowania.info.pl\/wp-content\/uploads\/593b0051.jpg 640w\" sizes=\"(max-width: 300px) 100vw, 300px\" \/><\/a><figcaption id=\"caption-attachment-218\" class=\"wp-caption-text\">Wypadek<\/figcaption><\/figure>\n<p>Ofiary wypadk\u00f3w cz\u0119sto nie znaj\u0105 przys\u0142uguj\u0105cych im praw. &#8211; Leczenie sprowadza si\u0119 do minimum &#8211; uwa\u017ca Janusz Popiel, prezes Alter Ego. &#8211; Dalsze leczenie i rehabilitacja, wszystkie czynno\u015bci opieku\u0144cze i piel\u0119gnacyjne spadaj\u0105 na barki bliskich. Ci rezygnuj\u0105 z pracy, wyprzedaj\u0105 maj\u0105tek, padaj\u0105 ze zm\u0119czenia.<\/p>\n<p>Przed\u0142u\u017canie termin\u00f3w na wyp\u0142at\u0119 odszkodowa\u0144, ograniczanie ich wysoko\u015bci,a cz\u0119sto nieuzasadnione odmowy \u2013 sta\u0142y si\u0119 standardem w dzia\u0142alno\u015bci komercyjnych ubezpieczycieli. Odwlekaj\u0105 oni maksymalnie wyp\u0142aty,uzale\u017cniaj\u0105 je od wynik\u00f3w d\u0142ugotrwa\u0142ych post\u0119powa\u0144 karnych. Nikogo nie interesuje, \u017ce ofiara nie tylko nie ma \u015brodk\u00f3w na dalsze leczenie i rehabilitacj\u0119, ale nie ma z czego \u017cy\u0107 \u2013 m\u00f3wili uczestnicy konferencji.<\/p>\n<p>Trzeba stworzy\u0107 mo\u017cliwo\u015b\u0107 uzyskiwania \u015bwiadczenia tymczasowego ju\u017c na etapie post\u0119powania przygotowawczego. Dla ofiar, kt\u00f3re w wyniku wypadku utraci\u0142y \u017ar\u00f3d\u0142o sta\u0142ych dochod\u00f3w, powinny by\u0107 przewidziane zaliczkowe wyp\u0142aty odszkodowa\u0144. Trzeba upro\u015bci\u0107 i przyspieszy\u0107 procedury proces\u00f3w cywilnych. Potrzebna jest specjalizacja prokurator\u00f3w i weryfikacja bieg\u0142ych.<\/p>\n<p>Ministerstwo Zdrowia zapowiada, \u017ce w miejsce zlikwidowanego podatku Religi opracuje nowy system partycypacji sprawc\u00f3w i ich ubezpieczycieli w finansowaniu leczenia i rehabilitacji ofiar wypadk\u00f3w. Ministerstwo Sprawiedliwo\u015bci za\u015b chce powo\u0142a\u0107 fundusz pomocy pokrzywdzonym i pomocy postpenitencjarnej, finansowany m.in. z nawi\u0105zek i \u015bwiadcze\u0144 pieni\u0119\u017cnych zas\u0105dzanych przez s\u0105dy.<\/p>\n<p>&#8211; Do tych resort\u00f3w i do organizacji pozarz\u0105dowych b\u0119d\u0105 przekazane wnioski z konferencji &#8211; obiecuje prof. <strong>Marek Zubik<\/strong>, zast\u0119pca rzecznika praw obywatelskich.<\/p>\n<div class=\"author\">Rzeczpospolita<\/div>\n","protected":false},"excerpt":{"rendered":"<p>Uczestnicy wczorajszej konferencji na temat los\u00f3w ofiar wypadk\u00f3w drogowych zorganizowanej przez rzecznika praw obywatelskich we wsp\u00f3\u0142pracy ze Stowarzyszeniem Poszkodowanych w Wypadkach i Kolizjach Drogowych Alter Ego, byli zgodni, \u017ce wypadki te to znaczne straty nie tylko materialne, ale przede wszystkim spo\u0142eczne.<\/p>\n","protected":false},"author":2,"featured_media":0,"comment_status":"open","ping_status":"open","sticky":false,"template":"","format":"standard","meta":{"footnotes":""},"categories":[8],"tags":[27],"class_list":["post-216","post","type-post","status-publish","format-standard","hentry","category-aktualnosci","tag-rpo"],"_links":{"self":[{"href":"https:\/\/www.odszkodowania.info.pl\/index.php?rest_route=\/wp\/v2\/posts\/216","targetHints":{"allow":["GET"]}}],"collection":[{"href":"https:\/\/www.odszkodowania.info.pl\/index.php?rest_route=\/wp\/v2\/posts"}],"about":[{"href":"https:\/\/www.odszkodowania.info.pl\/index.php?rest_route=\/wp\/v2\/types\/post"}],"author":[{"embeddable":true,"href":"https:\/\/www.odszkodowania.info.pl\/index.php?rest_route=\/wp\/v2\/users\/2"}],"replies":[{"embeddable":true,"href":"https:\/\/www.odszkodowania.info.pl\/index.php?rest_route=%2Fwp%2Fv2%2Fcomments&post=216"}],"version-history":[{"count":4,"href":"https:\/\/www.odszkodowania.info.pl\/index.php?rest_route=\/wp\/v2\/posts\/216\/revisions"}],"predecessor-version":[{"id":220,"href":"https:\/\/www.odszkodowania.info.pl\/index.php?rest_route=\/wp\/v2\/posts\/216\/revisions\/220"}],"wp:attachment":[{"href":"https:\/\/www.odszkodowania.info.pl\/index.php?rest_route=%2Fwp%2Fv2%2Fmedia&parent=216"}],"wp:term":[{"taxonomy":"category","embeddable":true,"href":"https:\/\/www.odszkodowania.info.pl\/index.php?rest_route=%2Fwp%2Fv2%2Fcategories&post=216"},{"taxonomy":"post_tag","embeddable":true,"href":"https:\/\/www.odszkodowania.info.pl\/index.php?rest_route=%2Fwp%2Fv2%2Ftags&post=216"}],"curies":[{"name":"wp","href":"https:\/\/api.w.org\/{rel}","templated":true}]}}