{"id":2226,"date":"2014-01-20T23:54:22","date_gmt":"2014-01-20T22:54:22","guid":{"rendered":"http:\/\/www.odszkodowania.info.pl\/?p=2226"},"modified":"2014-01-20T23:54:22","modified_gmt":"2014-01-20T22:54:22","slug":"gmina-przed-sadem-pozew-o-odszkodowanie-od-braniewa-za-smierc-dziecka","status":"publish","type":"post","link":"https:\/\/www.odszkodowania.info.pl\/?p=2226","title":{"rendered":"Gmina przed s\u0105dem. Pozew o odszkodowanie od Braniewa za \u015bmier\u0107 dziecka"},"content":{"rendered":"<p>Rodzice 8-letniej Magdy, kt\u00f3ra zgin\u0119\u0142a przygnieciona bramk\u0105 podczas zabawy na wiejskim boisku, z\u0142o\u017cyli pozew o odszkodowanie od gminy Braniewo. Proces w tej sprawie rozpocz\u0105\u0142 si\u0119 przed S\u0105dem Okr\u0119gowym w Elbl\u0105gu.<\/p>\n<p>Magda \u017b. zgin\u0119\u0142a w wypadku, kt\u00f3ry wydarzy\u0142 si\u0119 w czerwcu 2011 roku na wiejskim boisku w Gronowie. Na dziewczynk\u0119 przewr\u00f3ci\u0142a si\u0119 masywna metalowa bramka. Urz\u0105dzenie nie by\u0142o przytwierdzone do pod\u0142o\u017ca.<\/p>\n<p>Do tragedii dosz\u0142o w niespe\u0142na tydzie\u0144 po ustawieniu wyremontowanych bramek na boisku. Odnowi\u0142a je &#8211; na zlecenie Urz\u0119du Gminy w Braniewie &#8211; prywatna firma.<\/p>\n<p>O niedope\u0142nienie obowi\u0105zk\u00f3w i nieumy\u015blne spowodowanie \u015bmierci 8-latki prokuratura oskar\u017cy\u0142a jednego z urz\u0119dnik\u00f3w. Na polecenie w\u00f3jta mia\u0142 on nadzorowa\u0107 remont bramek. Proces karny w tej sprawie toczy si\u0119 od ponad dw\u00f3ch lat przed s\u0105dem w Braniewie.<\/p>\n<p>Teraz rodzice zdecydowali si\u0119 wytoczy\u0107 gminie proces cywilny o wyp\u0142at\u0119 odszkodowania. W pozwie &#8211; z\u0142o\u017conym do S\u0105du Okr\u0119gowego w Elbl\u0105gu &#8211; ka\u017cde z nich wyst\u0105pi\u0142o o wyp\u0142at\u0119 po 100 tys. z\u0142 zado\u015b\u0107uczynienia za krzywdy.<\/p>\n<p>Pe\u0142nomocnicy rodziny zastrzegaj\u0105 jednak, \u017ce ta kwota mo\u017ce si\u0119 zwi\u0119kszy\u0107, w zale\u017cno\u015bci od rozwoju obu spraw s\u0105dowych. W czwartek s\u0105d przes\u0142ucha\u0142 dw\u00f3ch \u015bwiadk\u00f3w i odroczy\u0142 rozpraw\u0119 bezterminowo.<\/p>\n<p>W\u00f3jt Braniewa Tomasz Sielicki w rozmowie z PAP nie chcia\u0142 ocenia\u0107, czy gmina jest odpowiedzialna za wypadek. &#8222;<em>Niech to rozstrzygnie s\u0105d. Jaka b\u0119dzie decyzja s\u0105du, do takiej si\u0119 przychylimy<\/em>&#8221; &#8211; powiedzia\u0142.<\/p>\n<p>Zdaniem Macieja Kwietnia z jednego z towarzystw brokerskich (MARSHAL), kt\u00f3re reprezentuje ma\u0142\u017ce\u0144stwo \u017b., proces karny w sprawie wypadku mo\u017ce potrwa\u0107 jeszcze kilka lat. Rodzice maj\u0105 prawo nie godzi\u0107 si\u0119 z tak d\u0142ugim oczekiwaniem na zado\u015b\u0107uczynienie im krzywd zwi\u0105zanych ze \u015bmierci\u0105 dziecka.<\/p>\n<p>W jego ocenie odpowiedzialno\u015b\u0107 gminy za zdarzenie jest jednoznaczna. Jak przypomnia\u0142, bramki sta\u0142y na og\u00f3lnodost\u0119pnym boisku i nie by\u0142y prawid\u0142owo zabezpieczone, o czym bawi\u0105ce si\u0119 dzieci mog\u0142y nie wiedzie\u0107.<\/p>\n<p>&#8211; To by\u0142 obowi\u0105zek gminy, z kt\u00f3rego gmina jako w\u0142a\u015bciciel bramek i terenu si\u0119 nie wywi\u0105za\u0142a &#8211; powiedzia\u0142 Kwiecie\u0144.<\/p>\n<p>Z ekspertyzy sporz\u0105dzonej na zlecenie prokuratury przez Instytut Sportu wynika, \u017ce bramka, kt\u00f3ra przygniot\u0142a Magd\u0119, nie spe\u0142nia\u0142a norm bezpiecze\u0144stwa. By\u0142a zbudowana wadliwie i nie zosta\u0142a przytwierdzona do pod\u0142o\u017ca, co stwarza\u0142o zagro\u017cenie dla dzieci.<\/p>\n<p>Proces karny pracownika urz\u0119du gminy Damiana S., kt\u00f3ry nadzorowa\u0142 remont wadliwych bramek, ju\u017c dwukrotnie ko\u0144czy\u0142 si\u0119 jego uniewinnieniem. Za ka\u017cdym razem wyroki by\u0142y jednak zaskar\u017cane przez prokuratur\u0119 i uchylane jako wadliwe przez s\u0105d wy\u017cszej instancji. Dlatego proces urz\u0119dnika b\u0119dzie toczy\u0142 si\u0119 od nowa.<\/p>\n<p>Uchylone wyroki stwierdza\u0142y, \u017ce Damian S. jako pracownik urz\u0119du jedynie wykonywa\u0142 polecenia i post\u0105pi\u0142 zgodnie z poleceniem w\u00f3jta. Mia\u0142 &#8222;przywr\u00f3ci\u0107 bramk\u0119 do stanu poprzedniego&#8221;; nikt z prze\u0142o\u017conych nie nakazywa\u0142 przytwierdzi\u0107 jej do pod\u0142o\u017ca.<\/p>\n<p>W dodatku, ani oskar\u017cony, ani nikt inny w urz\u0119dzie nie mia\u0142 w obowi\u0105zkach s\u0142u\u017cbowych sta\u0142ego nadzoru nad infrastruktur\u0105 sportow\u0105. S\u0105dy podkre\u015bla\u0142y, \u017ce w tym zakresie w gminie Braniewo \u201epanowa\u0142 ba\u0142agan&#8221;. (PAP)<\/p>\n","protected":false},"excerpt":{"rendered":"<p>Rodzice 8-letniej Magdy, kt\u00f3ra zgin\u0119\u0142a przygnieciona bramk\u0105 podczas zabawy na wiejskim boisku, z\u0142o\u017cyli pozew o odszkodowanie od gminy Braniewo. Proces w tej sprawie rozpocz\u0105\u0142 si\u0119 przed S\u0105dem Okr\u0119gowym w Elbl\u0105gu. Magda \u017b. zgin\u0119\u0142a w wypadku, kt\u00f3ry wydarzy\u0142 si\u0119 w czerwcu 2011 roku na wiejskim boisku w Gronowie. Na dziewczynk\u0119 przewr\u00f3ci\u0142a si\u0119 masywna metalowa bramka. Urz\u0105dzenie [&hellip;]<\/p>\n","protected":false},"author":2,"featured_media":0,"comment_status":"open","ping_status":"open","sticky":false,"template":"","format":"standard","meta":{"footnotes":""},"categories":[8,45],"tags":[11,12,13],"class_list":["post-2226","post","type-post","status-publish","format-standard","hentry","category-aktualnosci","category-artykul-glowny","tag-marshal","tag-odszkodowanie","tag-zadoscuczynienie"],"_links":{"self":[{"href":"https:\/\/www.odszkodowania.info.pl\/index.php?rest_route=\/wp\/v2\/posts\/2226","targetHints":{"allow":["GET"]}}],"collection":[{"href":"https:\/\/www.odszkodowania.info.pl\/index.php?rest_route=\/wp\/v2\/posts"}],"about":[{"href":"https:\/\/www.odszkodowania.info.pl\/index.php?rest_route=\/wp\/v2\/types\/post"}],"author":[{"embeddable":true,"href":"https:\/\/www.odszkodowania.info.pl\/index.php?rest_route=\/wp\/v2\/users\/2"}],"replies":[{"embeddable":true,"href":"https:\/\/www.odszkodowania.info.pl\/index.php?rest_route=%2Fwp%2Fv2%2Fcomments&post=2226"}],"version-history":[{"count":1,"href":"https:\/\/www.odszkodowania.info.pl\/index.php?rest_route=\/wp\/v2\/posts\/2226\/revisions"}],"predecessor-version":[{"id":2227,"href":"https:\/\/www.odszkodowania.info.pl\/index.php?rest_route=\/wp\/v2\/posts\/2226\/revisions\/2227"}],"wp:attachment":[{"href":"https:\/\/www.odszkodowania.info.pl\/index.php?rest_route=%2Fwp%2Fv2%2Fmedia&parent=2226"}],"wp:term":[{"taxonomy":"category","embeddable":true,"href":"https:\/\/www.odszkodowania.info.pl\/index.php?rest_route=%2Fwp%2Fv2%2Fcategories&post=2226"},{"taxonomy":"post_tag","embeddable":true,"href":"https:\/\/www.odszkodowania.info.pl\/index.php?rest_route=%2Fwp%2Fv2%2Ftags&post=2226"}],"curies":[{"name":"wp","href":"https:\/\/api.w.org\/{rel}","templated":true}]}}