{"id":225,"date":"2009-02-26T18:40:15","date_gmt":"2009-02-26T17:40:15","guid":{"rendered":"http:\/\/www.odszkodowania.info.pl\/?p=225"},"modified":"2009-02-26T18:40:15","modified_gmt":"2009-02-26T17:40:15","slug":"nowelizacja-po-katastrofie-promu","status":"publish","type":"post","link":"https:\/\/www.odszkodowania.info.pl\/?p=225","title":{"rendered":"Nowelizacja po katastrofie promu"},"content":{"rendered":"<p>S\u0119dziowie w izbach morskich b\u0119d\u0105 bardziej niezale\u017cni, ale ich werdykty skontroluj\u0105 wy\u017csze instancje Tak wynika z nowelizacji ustawy <a href=\"http:\/\/aktyprawne.rp.pl\/aktyprawne\/akty\/akt.spr?id=75651\">o izbach morskich<\/a>, kt\u00f3ra wejdzie w \u017cycie 1 stycznia 2009 r.<\/p>\n<p><strong>Jedn\u0105 z przyczyn noweli jest przegrana przez Polsk\u0119 sprawa przed Europejskim Trybuna\u0142em Praw Cz\u0142owieka w Strasburgu dotycz\u0105ca rodzin ofiar katastrofy promu &#8222;Heweliusz&#8221; w 1993 r. (sygn. 54723\/00)<\/strong>. Trybuna\u0142 zakwestionowa\u0142 wtedy to, \u017ce przewodnicz\u0105cy i ich zast\u0119pcy w izbach morskich (wszyscy oni s\u0105 s\u0119dziami) s\u0105 powo\u0142ywani i odwo\u0142ywani przez ministra sprawiedliwo\u015bci w porozumieniu z ministrem odpowiedzialnym za gospodark\u0119 morsk\u0105, czyli obecnie szefem resortu rolnictwa. Powoduje to, \u017ce trudno ich uzna\u0107 za nieusuwalnych, a ponadto w praktyce s\u0119dziowie tacy mog\u0105 by\u0107 podporz\u0105dkowani w\u0142adzy wykonawczej.<\/p>\n<p>Trybuna\u0142 skrytykowa\u0142 te\u017c ograniczon\u0105 mo\u017cliwo\u015b\u0107 odwo\u0142ania od orzeczenia izby morskiej do s\u0105du. Dotyczy to zw\u0142aszcza praw rodzin marynarzy, kt\u00f3rzy zgin\u0119li na promie podczas sztormu.<\/p>\n<p>To si\u0119 teraz zmieni. <strong>S\u0119dziowie w izbach morskich nie b\u0119d\u0105 powo\u0142ywani i odwo\u0142ywani przez ministra, ale delegowani na podstawie prawa o ustroju s\u0105d\u00f3w powszechnych. Musz\u0105 si\u0119 zna\u0107 na prawie morskim, a ponadto wyrazi\u0107 zgod\u0119 na swoje delegowanie.<\/strong> Ma to zapewni\u0107 przejrzysto\u015b\u0107 i usun\u0105\u0107 wszelkie w\u0105tpliwo\u015bci co do niezawis\u0142o\u015bci tych s\u0119dzi\u00f3w oraz ich fachowo\u015bci.<\/p>\n<p>Wszystkie apelacje od orzecze\u0144 odwo\u0142awczej izby morskiej b\u0119d\u0105 trafia\u0107 do S\u0105du Apelacyjnego w Gda\u0144sku.<\/p>\n<p><strong>Wniosek o wszcz\u0119cie post\u0119powania przed izb\u0105 morsk\u0105 b\u0119dzie mog\u0142o z\u0142o\u017cy\u0107 wi\u0119cej os\u00f3b ni\u017c dotychczas.<\/strong> Opr\u00f3cz armatora, kapitana statku, kt\u00f3rego dotyczy wypadek morski, oraz os\u00f3b podejrzanych o jego spowodowanie \u2013 czyli dosy\u0107 w\u0105skiego kr\u0119gu \u2013 <strong>zainteresowanym w sprawie mo\u017ce by\u0107 ka\u017cda inna osoba, kt\u00f3rej interesu prawnego dotyczy np. zatoni\u0119cie, uszkodzenie albo zatopienie statku. <\/strong><\/p>\n<p>W poprzedniej kadencji Ministerstwo Gospodarki Morskiej przygotowa\u0142o projekt nowelizacji, kt\u00f3ry mia\u0142 zlikwidowa\u0107 izby morskie, a ich kompetencje przekaza\u0107 s\u0105dom powszechnym, w kt\u00f3rych istnia\u0142yby specjalne morskie wydzia\u0142y. Projekt, po protestach m.in. stowarzysze\u0144 skupiaj\u0105cych kapitan\u00f3w statk\u00f3w, ostatecznie trafi\u0142 do kosza.<\/p>\n<p>Podstawa prawna:<\/p>\n<p>&#8211; nowelizacja ustawy o izbach morskich z 4 wrze\u015bnia 2008 r. (DzU z 2008 r. nr 192, poz. 1178)<\/p>\n<div class=\"author\">Rzeczpospolita<\/div>\n","protected":false},"excerpt":{"rendered":"<p>S\u0119dziowie w izbach morskich b\u0119d\u0105 bardziej niezale\u017cni, ale ich werdykty skontroluj\u0105 wy\u017csze instancje Tak wynika z nowelizacji ustawy o izbach morskich, kt\u00f3ra wejdzie w \u017cycie 1 stycznia 2009 r. <\/p>\n","protected":false},"author":2,"featured_media":0,"comment_status":"open","ping_status":"open","sticky":false,"template":"","format":"standard","meta":{"footnotes":""},"categories":[8],"tags":[],"class_list":["post-225","post","type-post","status-publish","format-standard","hentry","category-aktualnosci"],"_links":{"self":[{"href":"https:\/\/www.odszkodowania.info.pl\/index.php?rest_route=\/wp\/v2\/posts\/225","targetHints":{"allow":["GET"]}}],"collection":[{"href":"https:\/\/www.odszkodowania.info.pl\/index.php?rest_route=\/wp\/v2\/posts"}],"about":[{"href":"https:\/\/www.odszkodowania.info.pl\/index.php?rest_route=\/wp\/v2\/types\/post"}],"author":[{"embeddable":true,"href":"https:\/\/www.odszkodowania.info.pl\/index.php?rest_route=\/wp\/v2\/users\/2"}],"replies":[{"embeddable":true,"href":"https:\/\/www.odszkodowania.info.pl\/index.php?rest_route=%2Fwp%2Fv2%2Fcomments&post=225"}],"version-history":[{"count":1,"href":"https:\/\/www.odszkodowania.info.pl\/index.php?rest_route=\/wp\/v2\/posts\/225\/revisions"}],"predecessor-version":[{"id":226,"href":"https:\/\/www.odszkodowania.info.pl\/index.php?rest_route=\/wp\/v2\/posts\/225\/revisions\/226"}],"wp:attachment":[{"href":"https:\/\/www.odszkodowania.info.pl\/index.php?rest_route=%2Fwp%2Fv2%2Fmedia&parent=225"}],"wp:term":[{"taxonomy":"category","embeddable":true,"href":"https:\/\/www.odszkodowania.info.pl\/index.php?rest_route=%2Fwp%2Fv2%2Fcategories&post=225"},{"taxonomy":"post_tag","embeddable":true,"href":"https:\/\/www.odszkodowania.info.pl\/index.php?rest_route=%2Fwp%2Fv2%2Ftags&post=225"}],"curies":[{"name":"wp","href":"https:\/\/api.w.org\/{rel}","templated":true}]}}