{"id":2252,"date":"2014-01-28T08:30:25","date_gmt":"2014-01-28T07:30:25","guid":{"rendered":"http:\/\/www.odszkodowania.info.pl\/?p=2252"},"modified":"2014-01-28T08:31:12","modified_gmt":"2014-01-28T07:31:12","slug":"chca-od-kosciola-zwrotu-zamku-lub-16-mln-zl-odszkodowania-od-panstwa","status":"publish","type":"post","link":"https:\/\/www.odszkodowania.info.pl\/?p=2252","title":{"rendered":"Chc\u0105 od Ko\u015bcio\u0142a zwrotu zamku lub 16 mln z\u0142 odszkodowania od pa\u0144stwa"},"content":{"rendered":"<p>Zako\u0144czy\u0142 si\u0119 proces, kt\u00f3ry powiat k\u0142odzki wytoczy\u0142 Skarbowi Pa\u0144stwa. Na 10 lutego wyznaczy\u0142 S\u0105d Okr\u0119gowy w Warszawie wydanie wyroku. Chodzi o dzia\u0142anie komisji maj\u0105tkowej. Samorz\u0105d chce 16 mln z\u0142 odszkodowania od Ministerstwa Spraw Wewn\u0119trznych i Administracji za utracony maj\u0105tek w Szczytnej.<\/p>\n<p><img fetchpriority=\"high\" decoding=\"async\" class=\"aligncenter\" alt=\"\" src=\"http:\/\/d.polskatimes.pl\/k\/r\/1\/4c\/cd\/52e7586e0440f_p.jpg?1390893199\" width=\"583\" height=\"459\" \/><\/p>\n<p>Chodzi o zamek na Szczytniku, gdzie od wielu lat funkcjonuje, prowadzony przez powiat, Dom Pomocy Spo\u0142ecznej dla upo\u015bledzonych umys\u0142owo m\u0119\u017cczyzn. Ale w 2006 roku komisja maj\u0105tkowa przy MSWiA odda\u0142a obiekt Zakonowi Misjonarzy \u015bw. Rodziny. Od tej pory powiat dzier\u017cawi zamek, p\u0142ac\u0105c zakonowi blisko 150 tys. z\u0142 rocznie.<\/p>\n<p>&#8211; W efekcie p\u0142acimy za co\u015b, co odebrano nam bezprawnie &#8211; m\u00f3wi Krzysztof Baldy, starosta k\u0142odzki.<\/p>\n<p>Dodaje, \u017ce samorz\u0105d o wyw\u0142aszczeniu dowiedzia\u0142 si\u0119 od zakonnik\u00f3w, a &#8211; co wa\u017cniejsze &#8211; w 1995 r. przed komisj\u0105 maj\u0105tkow\u0105 zawarto ugod\u0119 z urz\u0119dem rejonowym w K\u0142odzku. Komisja przyzna\u0142a wtedy misjonarzom nie ca\u0142y zamek, a tylko jego niewielk\u0105 cz\u0119\u015b\u0107 (jedn\u0105 wie\u017c\u0119) z drog\u0105 dojazdow\u0105. Dziewi\u0119\u0107 lat p\u00f3\u017aniej ta sama komisja odda\u0142a zakonowi ca\u0142y zamek.<\/p>\n<p>&#8211; W pozwie udowodnili\u015bmy, \u017ce by\u0142o to wyw\u0142aszczenie, za co nale\u017cy nam si\u0119 odszkodowanie. S\u0105d wskaza\u0142 jednak, \u017ce je\u015bli uzna, i\u017c procedura przebieg\u0142a z ra\u017c\u0105cym naruszeniem prawa, decyzja b\u0119dzie niewa\u017cna, czyli zamek wr\u00f3ci w nasze r\u0119ce. B\u0119dziemy zadowoleni i z takiego rozstrzygni\u0119cia &#8211; m\u00f3wi starosta.<\/p>\n<p>To pierwszy taki proces w Polsce. Trwa 4 lata, a wyrok mo\u017ce rozwi\u0105za\u0107 worek z lawin\u0105 podobnych roszcze\u0144. Komisja maj\u0105tkowa zwr\u00f3ci\u0142a instytucjom Ko\u015bcio\u0142a a\u017c 500 budynk\u00f3w.<\/p>\n<p>gazetawroclawska.pl<\/p>\n","protected":false},"excerpt":{"rendered":"<p>Zako\u0144czy\u0142 si\u0119 proces, kt\u00f3ry powiat k\u0142odzki wytoczy\u0142 Skarbowi Pa\u0144stwa. Na 10 lutego wyznaczy\u0142 S\u0105d Okr\u0119gowy w Warszawie wydanie wyroku. Chodzi o dzia\u0142anie komisji maj\u0105tkowej. Samorz\u0105d chce 16 mln z\u0142 odszkodowania od Ministerstwa Spraw Wewn\u0119trznych i Administracji za utracony maj\u0105tek w Szczytnej. Chodzi o zamek na Szczytniku, gdzie od wielu lat funkcjonuje, prowadzony przez powiat, Dom [&hellip;]<\/p>\n","protected":false},"author":2,"featured_media":0,"comment_status":"open","ping_status":"open","sticky":false,"template":"","format":"standard","meta":{"footnotes":""},"categories":[8],"tags":[12],"class_list":["post-2252","post","type-post","status-publish","format-standard","hentry","category-aktualnosci","tag-odszkodowanie"],"_links":{"self":[{"href":"https:\/\/www.odszkodowania.info.pl\/index.php?rest_route=\/wp\/v2\/posts\/2252","targetHints":{"allow":["GET"]}}],"collection":[{"href":"https:\/\/www.odszkodowania.info.pl\/index.php?rest_route=\/wp\/v2\/posts"}],"about":[{"href":"https:\/\/www.odszkodowania.info.pl\/index.php?rest_route=\/wp\/v2\/types\/post"}],"author":[{"embeddable":true,"href":"https:\/\/www.odszkodowania.info.pl\/index.php?rest_route=\/wp\/v2\/users\/2"}],"replies":[{"embeddable":true,"href":"https:\/\/www.odszkodowania.info.pl\/index.php?rest_route=%2Fwp%2Fv2%2Fcomments&post=2252"}],"version-history":[{"count":2,"href":"https:\/\/www.odszkodowania.info.pl\/index.php?rest_route=\/wp\/v2\/posts\/2252\/revisions"}],"predecessor-version":[{"id":2254,"href":"https:\/\/www.odszkodowania.info.pl\/index.php?rest_route=\/wp\/v2\/posts\/2252\/revisions\/2254"}],"wp:attachment":[{"href":"https:\/\/www.odszkodowania.info.pl\/index.php?rest_route=%2Fwp%2Fv2%2Fmedia&parent=2252"}],"wp:term":[{"taxonomy":"category","embeddable":true,"href":"https:\/\/www.odszkodowania.info.pl\/index.php?rest_route=%2Fwp%2Fv2%2Fcategories&post=2252"},{"taxonomy":"post_tag","embeddable":true,"href":"https:\/\/www.odszkodowania.info.pl\/index.php?rest_route=%2Fwp%2Fv2%2Ftags&post=2252"}],"curies":[{"name":"wp","href":"https:\/\/api.w.org\/{rel}","templated":true}]}}