{"id":2281,"date":"2014-02-22T08:46:10","date_gmt":"2014-02-22T07:46:10","guid":{"rendered":"http:\/\/www.odszkodowania.info.pl\/?p=2281"},"modified":"2014-02-22T08:46:10","modified_gmt":"2014-02-22T07:46:10","slug":"odszkodowanie-dla-uczennicy-zaatakowanej-nozem-w-szkole","status":"publish","type":"post","link":"https:\/\/www.odszkodowania.info.pl\/?p=2281","title":{"rendered":"Odszkodowanie dla uczennicy zaatakowanej no\u017cem w szkole"},"content":{"rendered":"<div id=\"gazeta_article_lead\">&#8211; Zraniona w szkole no\u017cem uczennica otrzyma 150 tys. z\u0142 odszkodowania od prowadz\u0105cej plac\u00f3wk\u0119 gminy Krak\u00f3w &#8211; orzek\u0142 krakowski s\u0105d. To pierwszy taki wyrok w naszym mie\u015bcie.<\/div>\n<p>Na zdj\u0119ciach zamieszczonych na Facebooku Dominika M. nie ma blizn. Skutecznie je sobie retuszuje. I t\u0119 na szyi, i t\u0119 ci\u0105gn\u0105c\u0105 si\u0119 od ust do podbr\u00f3dka.<\/p>\n<p>Bieg\u0142y psycholog orzek\u0142: dziewczynie pozostanie trauma do ko\u0144ca \u017cycia. B\u0119dzie j\u0105 prze\u017cywa\u0107 za ka\u017cdym razem, gdy spojrzy w lustro. Jest wycofana. Ma zesp\u00f3\u0142 zaburze\u0144 po stanie urazowym, poczucie l\u0119ku. Zdarzenie wraca do niej w snach. Ma automatyczny i dog\u0142\u0119bny uraz do szko\u0142y jako instytucji, kt\u00f3ra powinna by\u0107 synonimem bezpiecze\u0144stwa, a dla niej nie by\u0142a. Bieg\u0142y chirurg plastyczny zawyrokowa\u0142: blizn nie da si\u0119 usun\u0105\u0107 operacyjnie. To jest siedmioprocentowe inwalidztwo.<\/p>\n<p><b>Mam prawo si\u0119 ba\u0107<\/b><\/p>\n<p>Ten wypadek wydarzy\u0142 si\u0119 trzy lata temu. Dominika, w\u00f3wczas uczennica Gimnazjum nr 6 w Krakowie, zosta\u0142a zaatakowa\u0142a no\u017cem przez swoj\u0105 kole\u017cank\u0119 Agat\u0119 G. Do zdarzenia dosz\u0142o podczas przerwy na szkolnym korytarzu. Dy\u017curuj\u0105ce wtedy nauczycielki &#8211; matematyczka i anglistka &#8211; nie zrobi\u0142y nic, by ochroni\u0107 Dominik\u0119 przed atakami no\u017cowniczki. Gdy zobaczy\u0142y, co si\u0119 dzieje, opu\u015bci\u0142y korytarz. Matematyczka t\u0142umaczy\u0142a potem, \u017ce pobieg\u0142a dzwoni\u0107 na pogotowie i policj\u0119.<\/p>\n<p>&#8211; Jestem nauczycielk\u0105, ale te\u017c matk\u0105 i \u017con\u0105, mam swoje \u017cycie. I nie mam obowi\u0105zku rzuca\u0107 si\u0119 pod n\u00f3\u017c, by broni\u0107 ucznia. Mam prawo si\u0119 ba\u0107 &#8211; m\u00f3wi\u0142a po zaj\u015bciu &#8222;Gazecie Wyborczej&#8221;.<\/p>\n<p>Razem z drug\u0105 nauczycielk\u0105 stan\u0119\u0142a przed komisj\u0105 dyscyplinarn\u0105 kuratorium o\u015bwiaty. Obydwie dosta\u0142y nagan\u0119 z ostrze\u017ceniem. Taka kara figuruje trzy lata w aktach, uniemo\u017cliwiaj\u0105c otrzymanie nagr\u00f3d oraz start w konkursach na dyrektor\u00f3w szk\u00f3\u0142. Anglistka j\u0105 przyj\u0119\u0142a. Matematyczka postanowi\u0142a walczy\u0107. Odwo\u0142a\u0142a si\u0119 do komisji dyscyplinarnej Ministerstwa Edukacji, a ta j\u0105 uniewinni\u0142a. Pomog\u0142y argumenty bieg\u0142ego psychologa, kt\u00f3ry podkre\u015bli\u0142, \u017ce jakakolwiek pr\u00f3ba interwencji ze strony nauczycielki mog\u0142aby doprowadzi\u0107 do eskalacji konfliktu. Winy nauczycielki nie dopatrzy\u0142y si\u0119 prokuratura i s\u0105d. Orzek\u0142y, \u017ce dzia\u0142aj\u0105c pod wp\u0142ywem silnego stresu, zareagowa\u0142a w jedyny mo\u017cliwy dla siebie spos\u00f3b.<\/p>\n<p><b>Powiedzia\u0142a, \u017ce s\u0142yszy g\u0142osy<\/b><\/p>\n<p>&#8211; Nawet je\u015bli zdarzaj\u0105 si\u0119 historie, kt\u00f3rym nie jeste\u015bmy w stanie zapobiec, nie mo\u017ce by\u0107 tak, \u017ce nikt za nie nie odpowiada &#8211; uzna\u0142 reprezentuj\u0105cy rodzin\u0119 Dominiki adwokat Rafa\u0142 Pliszka. I skierowa\u0142 spraw\u0119 do s\u0105du. Pozwa\u0142 gmin\u0119 jako organ prowadz\u0105cy szko\u0142\u0119 i ponosz\u0105cy ryzyko za to, co si\u0119 w niej dzieje (nie chcia\u0142, \u017ceby za zdarzenie odpowiadali rodzice Agaty, poniewa\u017c dziewczynka okaza\u0142a si\u0119 chora psychicznie, a wi\u0119c r\u00f3wnie\u017c &#8211; w ocenie adwokata &#8211; by\u0142a ofiar\u0105 tego zdarzenia).<\/p>\n<p>Sprawa toczy\u0142a si\u0119 dwa lata. Wyrok zapad\u0142 w czwartek. Gmina Krak\u00f3w ma zap\u0142aci\u0107 Dominice 150 tys. z\u0142 zado\u015b\u0107uczynienia. W ustnym uzasadnieniu s\u0105d orzek\u0142, \u017ce szko\u0142a w spos\u00f3b ra\u017c\u0105cy uchybi\u0142a swoim obowi\u0105zkom, bo:<\/p>\n<p>* dzie\u0144 przed atakiem dziewczynka, kt\u00f3ra zaatakowa\u0142a Dominik\u0119, powiedzia\u0142a swojej wychowawczyni, \u017ce &#8222;s\u0142yszy g\u0142osy, kt\u00f3re ka\u017c\u0105 jej robi\u0107 z\u0142e rzeczy&#8221;. Nauczycielka nie zareagowa\u0142a;<\/p>\n<p>* dy\u017curuj\u0105ce nauczycielki nie broni\u0142y Dominiki przed atakiem kole\u017canki;<\/p>\n<p>* po ataku szko\u0142a nie zapewni\u0142a bezpiecze\u0144stwa pozosta\u0142ym uczniom, wpu\u015bci\u0142a ich na korytarz, gdzie stali os\u0142upiali nad ka\u0142u\u017c\u0105 krwi, a wok\u00f3\u0142 nich kr\u0105\u017cy\u0142a 13-latka z no\u017cem w r\u0119ce.<\/p>\n<p>Wed\u0142ug s\u0105du mo\u017cna by\u0142o zapobiec wypadkowi, gdyby szko\u0142a sprawowa\u0142a w\u0142a\u015bciwy nadz\u00f3r nad uczniami. Na przyk\u0142ad zainteresowa\u0142a si\u0119 samotnie siedz\u0105c\u0105 na szkolnym korytarzu w czasie lekcji Agat\u0105 G.<\/p>\n<p><b>Nie jeste\u015bmy w Ameryce<\/b><\/p>\n<p>Jak to mo\u017cliwe, \u017ce prokuratura i s\u0105d karny nie dopatrzy\u0142y si\u0119 winy nauczycielek, a s\u0105d cywilny na podstawie ich zachowania orzek\u0142 o winie gminy?<\/p>\n<p>S\u0119dzia Waldemar \u017burek, rzecznik S\u0105du Okr\u0119gowego w Krakowie, wyja\u015bnia: &#8211; S\u0105d karny rozpatrywa\u0142 indywidualne zachowania dw\u00f3ch nauczycielek. Nie jeste\u015bmy w Ameryce. Nasi uczniowie nie nosz\u0105 broni w tornistrach, wi\u0119c ta konkretna sytuacja by\u0142a dla nich atypowa. Mia\u0142y prawo by\u0107 sparali\u017cowane strachem, nie mo\u017cna od nich wymaga\u0107, by heroicznie obezw\u0142adni\u0142y dziewczyn\u0119 z no\u017cem. To nie jest ich obowi\u0105zek. S\u0105d cywilny natomiast wzi\u0105\u0142 pod uwag\u0119 ca\u0142y zestaw czynnik\u00f3w. To, jak szko\u0142a zachowa\u0142a si\u0119 przez zdarzeniem i po nim. W Kodeksie cywilnym istnieje co\u015b takiego jak wina w nadzorze. Instytucja, na terenie kt\u00f3rej dosz\u0142o do wypadku, ponosi za niego odpowiedzialno\u015b\u0107. Zbieg wszystkich analizowanych przez s\u0105d okoliczno\u015bci by\u0142 dla szko\u0142y na tyle obci\u0105\u017caj\u0105cy, \u017ce gmina musi ponie\u015b\u0107 za nie odpowiedzialno\u015b\u0107.<\/p>\n<p>Mecenas Rafa\u0142 Pliszka o wyroku: &#8211; To cud sprawiedliwo\u015bci.<\/p>\n<p><b>Pierwszy taki wyrok<\/b><\/p>\n<p>Wiceprezydent Krakowa Tadeusz Matusz: &#8211; B\u0119dziemy apelowa\u0107. Zas\u0105dzona kwota jest bardzo wysoka. M\u00f3wi si\u0119, \u017ce ma j\u0105 zap\u0142aci\u0107 gmina, ale tak naprawd\u0119 zap\u0142ac\u0105 wszyscy obywatele. Czy tak powinno by\u0107? Czy miasto mo\u017ce odpowiada\u0107 za zachowanie nauczycieli i zdarzenie w konkretnej szkole? W USA lekarze ubezpieczaj\u0105 si\u0119 od odpowiedzialno\u015bci cywilnej. Na podstawie tego wyroku b\u0119dziemy apelowa\u0107 w Ministerstwie Edukacji, by rozwa\u017cy\u0142o obowi\u0105zkowe ubezpieczenia OC w\u015br\u00f3d nauczycieli.<\/p>\n<p>W Krakowie to pierwszy taki wyrok. Pi\u0119\u0107 lat temu s\u0105d w Kaliszu nakaza\u0142 gminie wyp\u0142aci\u0107 odszkodowanie uczniowi, kt\u00f3remu kolega na szkolnym korytarzu z\u0142ama\u0142 szcz\u0119k\u0119. Ale wtedy kwota by\u0142a du\u017co mniejsza &#8211; nieco ponad 18 tys. z\u0142.<\/p>\n<p>&#8211; 150 tys. z\u0142 to bardzo du\u017co. Niekt\u00f3rzy mog\u0105 komentowa\u0107, \u017ce dziewczyna zarobi\u0142a na swoim wypadku. Pytanie, czy daliby si\u0119 poci\u0105\u0107 no\u017cem za tak\u0105 kwot\u0119 &#8211; komentuje adwokat Pliszka.<\/p>\n<p>&nbsp;<\/p>\n<p>gazeta.pl<\/p>\n<p>&nbsp;<\/p>\n","protected":false},"excerpt":{"rendered":"<p>&#8211; Zraniona w szkole no\u017cem uczennica otrzyma 150 tys. z\u0142 odszkodowania od prowadz\u0105cej plac\u00f3wk\u0119 gminy Krak\u00f3w &#8211; orzek\u0142 krakowski s\u0105d. To pierwszy taki wyrok w naszym mie\u015bcie. Na zdj\u0119ciach zamieszczonych na Facebooku Dominika M. nie ma blizn. Skutecznie je sobie retuszuje. I t\u0119 na szyi, i t\u0119 ci\u0105gn\u0105c\u0105 si\u0119 od ust do podbr\u00f3dka. Bieg\u0142y psycholog [&hellip;]<\/p>\n","protected":false},"author":2,"featured_media":0,"comment_status":"open","ping_status":"open","sticky":false,"template":"","format":"standard","meta":{"footnotes":""},"categories":[8],"tags":[11,12,13],"class_list":["post-2281","post","type-post","status-publish","format-standard","hentry","category-aktualnosci","tag-marshal","tag-odszkodowanie","tag-zadoscuczynienie"],"_links":{"self":[{"href":"https:\/\/www.odszkodowania.info.pl\/index.php?rest_route=\/wp\/v2\/posts\/2281","targetHints":{"allow":["GET"]}}],"collection":[{"href":"https:\/\/www.odszkodowania.info.pl\/index.php?rest_route=\/wp\/v2\/posts"}],"about":[{"href":"https:\/\/www.odszkodowania.info.pl\/index.php?rest_route=\/wp\/v2\/types\/post"}],"author":[{"embeddable":true,"href":"https:\/\/www.odszkodowania.info.pl\/index.php?rest_route=\/wp\/v2\/users\/2"}],"replies":[{"embeddable":true,"href":"https:\/\/www.odszkodowania.info.pl\/index.php?rest_route=%2Fwp%2Fv2%2Fcomments&post=2281"}],"version-history":[{"count":1,"href":"https:\/\/www.odszkodowania.info.pl\/index.php?rest_route=\/wp\/v2\/posts\/2281\/revisions"}],"predecessor-version":[{"id":2282,"href":"https:\/\/www.odszkodowania.info.pl\/index.php?rest_route=\/wp\/v2\/posts\/2281\/revisions\/2282"}],"wp:attachment":[{"href":"https:\/\/www.odszkodowania.info.pl\/index.php?rest_route=%2Fwp%2Fv2%2Fmedia&parent=2281"}],"wp:term":[{"taxonomy":"category","embeddable":true,"href":"https:\/\/www.odszkodowania.info.pl\/index.php?rest_route=%2Fwp%2Fv2%2Fcategories&post=2281"},{"taxonomy":"post_tag","embeddable":true,"href":"https:\/\/www.odszkodowania.info.pl\/index.php?rest_route=%2Fwp%2Fv2%2Ftags&post=2281"}],"curies":[{"name":"wp","href":"https:\/\/api.w.org\/{rel}","templated":true}]}}