{"id":2284,"date":"2014-02-25T00:08:23","date_gmt":"2014-02-24T23:08:23","guid":{"rendered":"http:\/\/www.odszkodowania.info.pl\/?p=2284"},"modified":"2014-02-25T00:08:23","modified_gmt":"2014-02-24T23:08:23","slug":"pierwszy-w-polsce-pozew-o-smog-oddalony-uwzglednienie-powodztwa-niedopuszczalna-ingerencja-we-wladze","status":"publish","type":"post","link":"https:\/\/www.odszkodowania.info.pl\/?p=2284","title":{"rendered":"Pierwszy w Polsce pozew o smog oddalony. &#8222;Uwzgl\u0119dnienie pow\u00f3dztwa niedopuszczaln\u0105 ingerencj\u0105 we w\u0142adz\u0119&#8230;&#8221;"},"content":{"rendered":"<div id=\"gazeta_article_lead\">Pa\u0144stwo polskie nie wyp\u0142aci zado\u015b\u0107uczynienia obywatelowi za smog nad miastem, spowodowany tzw. nisk\u0105 emisj\u0105. Jeden z mieszka\u0144c\u00f3w Rybnika na \u015al\u0105sku zaskar\u017cy\u0142 skarb pa\u0144stwa za naruszenie d\u00f3br osobistych. Dzi\u015b s\u0105d okr\u0119gowy w Rybniku oddali\u0142 pozew Zdzis\u0142awa Kuczmy.<\/div>\n<p>Zanieczyszczenie powietrza w Rybniku od lat przekracza dozwolone normy. Dlatego Zdzis\u0142aw Kuczma w pozwie domaga\u0142 si\u0119, by ustawowo wprowadzi\u0107 normy dla paliw stosowanych do ogrzewania mieszka\u0144 oraz certyfikat\u00f3w dla kot\u0142\u00f3w grzewczych. Wnioskodawca dawa\u0142 czas ministrowi \u015brodowiska na wprowadzenie zmian do czerwca przysz\u0142ego roku. Chcia\u0142 te\u017c 10 tys. z\u0142 zado\u015b\u0107uczynienia. S\u0105d oddali\u0142 pozew z pow\u00f3dztwa cywilnego.<\/p>\n<p>&#8211; Uwzgl\u0119dnienie pow\u00f3dztwa w takim zakresie stanowi\u0142oby niedopuszczaln\u0105 ingerencj\u0119 we w\u0142adz\u0119 ustawodawcz\u0105 czy wykonawcz\u0105. W niniejszej sprawie nie mo\u017cemy te\u017c m\u00f3wi\u0107 o zachowaniu polegaj\u0105cym na naruszeniu d\u00f3br osobistych &#8211; uzasadnia\u0142 s\u0119dzia Artur \u017byme\u0142ka.<\/p>\n<p><b>&#8222;Czuj\u0119 si\u0119 gorzej ni\u017c wi\u0119zie\u0144&#8221;<\/b><\/p>\n<p>Zdzis\u0142aw Kuczma nie zgadza si\u0119 z wyrokiem, argumentuje, \u017ce przecie\u017c w naszym kraju zas\u0105dza si\u0119 zado\u015b\u0107uczynienie za naruszenie d\u00f3br osobistych wi\u0119\u017aniom, kt\u00f3rym jest za duszno w celi. &#8211; Ja czuj\u0119 si\u0119 gorzej ni\u017c wi\u0119zie\u0144. Te\u017c nie mog\u0119 wyj\u015b\u0107 na spacer, nie mog\u0119 otworzy\u0107 okna, mnie te\u017c jest za duszno &#8211; dodaje mieszkaniec Rybnika.<\/p>\n<p>Kuczma pisa\u0142 w pozwie do s\u0105du, \u017ce wraz z nastaniem sezonu grzewczego doznaje chronicznego kaszlu, cz\u0119stych zapale\u0144 g\u00f3rnych dr\u00f3g oddechowych i trudno\u015bci w oddychaniu. &#8211; Wszystkie te schorzenia ust\u0119puj\u0105 po zako\u0144czeniu sezonu grzewczego, nie wi\u0105\u017c\u0105 si\u0119 one z sezonem zimowym czy te\u017c temperatur\u0105, ale bezpo\u015brednio z zatruciem powietrza &#8211; przekonuje.<\/p>\n<p><b>To nie koniec?<\/b><\/p>\n<p>Grupa kilkunastu mieszka\u0144c\u00f3w Rybnika r\u00f3wnie\u017c przygotowuje podobne pozwy. Jak twierdz\u0105, smog nad Rybnikiem to wynik zaniedba\u0144 z strony pa\u0144stwa, kt\u00f3re nie kontroluje tego, czym pali si\u0119 w piecach. &#8211; Normy py\u0142u zawieszonego s\u0105 przekraczane o ponad 1000 proc. Zim\u0105 nie mo\u017cna nawet przej\u015b\u0107 do sklepu, takie mamy zanieczyszczenie &#8211; m\u00f3wi Janina D\u0105browska, kt\u00f3ra przysz\u0142a dzi\u015b do s\u0105du wesprze\u0107 Kuczm\u0119.<\/p>\n<p>Zdzis\u0142aw Kuczma wraz z grup\u0105 mieszka\u0144c\u00f3w z\u0142o\u017cy\u0142 te\u017c na pocz\u0105tku stycznia pismo do Komisji Europejskiej. Chodzi o to, \u017ce Polska nadal nie wdro\u017cy\u0142a jednej z unijnych dyrektyw dotycz\u0105cej jako\u015bci powietrza. Na pocz\u0105tku maja dosta\u0142 odpowied\u017a &#8211; Komisja Europejska potwierdza, \u017ce Polska nie przestrzega postanowie\u0144 dyrektywy w zakresie parametr\u00f3w powietrza. KE przyznaje nam racje i stwierdza, \u017ce program ochrony \u015brodowiska nades\u0142any przez marsza\u0142ka woj. \u015bl\u0105skiego nie spe\u0142nia wymaga\u0144 dyrektywy &#8211; t\u0142umaczy Kuczma i dodaje, \u017ce b\u0119dzie apelowa\u0142 w sprawie z pow\u00f3dztwa cywilnego. Przypuszcza jednak, \u017ce sprawa ta znajdzie sw\u00f3j fina\u0142 w trybunale w Strasburgu.<\/p>\n<p>gazeta.pl<\/p>\n<p>&nbsp;<\/p>\n","protected":false},"excerpt":{"rendered":"<p>Pa\u0144stwo polskie nie wyp\u0142aci zado\u015b\u0107uczynienia obywatelowi za smog nad miastem, spowodowany tzw. nisk\u0105 emisj\u0105. Jeden z mieszka\u0144c\u00f3w Rybnika na \u015al\u0105sku zaskar\u017cy\u0142 skarb pa\u0144stwa za naruszenie d\u00f3br osobistych. Dzi\u015b s\u0105d okr\u0119gowy w Rybniku oddali\u0142 pozew Zdzis\u0142awa Kuczmy. Zanieczyszczenie powietrza w Rybniku od lat przekracza dozwolone normy. Dlatego Zdzis\u0142aw Kuczma w pozwie domaga\u0142 si\u0119, by ustawowo wprowadzi\u0107 [&hellip;]<\/p>\n","protected":false},"author":2,"featured_media":0,"comment_status":"open","ping_status":"open","sticky":false,"template":"","format":"standard","meta":{"footnotes":""},"categories":[8],"tags":[12,13],"class_list":["post-2284","post","type-post","status-publish","format-standard","hentry","category-aktualnosci","tag-odszkodowanie","tag-zadoscuczynienie"],"_links":{"self":[{"href":"https:\/\/www.odszkodowania.info.pl\/index.php?rest_route=\/wp\/v2\/posts\/2284","targetHints":{"allow":["GET"]}}],"collection":[{"href":"https:\/\/www.odszkodowania.info.pl\/index.php?rest_route=\/wp\/v2\/posts"}],"about":[{"href":"https:\/\/www.odszkodowania.info.pl\/index.php?rest_route=\/wp\/v2\/types\/post"}],"author":[{"embeddable":true,"href":"https:\/\/www.odszkodowania.info.pl\/index.php?rest_route=\/wp\/v2\/users\/2"}],"replies":[{"embeddable":true,"href":"https:\/\/www.odszkodowania.info.pl\/index.php?rest_route=%2Fwp%2Fv2%2Fcomments&post=2284"}],"version-history":[{"count":1,"href":"https:\/\/www.odszkodowania.info.pl\/index.php?rest_route=\/wp\/v2\/posts\/2284\/revisions"}],"predecessor-version":[{"id":2285,"href":"https:\/\/www.odszkodowania.info.pl\/index.php?rest_route=\/wp\/v2\/posts\/2284\/revisions\/2285"}],"wp:attachment":[{"href":"https:\/\/www.odszkodowania.info.pl\/index.php?rest_route=%2Fwp%2Fv2%2Fmedia&parent=2284"}],"wp:term":[{"taxonomy":"category","embeddable":true,"href":"https:\/\/www.odszkodowania.info.pl\/index.php?rest_route=%2Fwp%2Fv2%2Fcategories&post=2284"},{"taxonomy":"post_tag","embeddable":true,"href":"https:\/\/www.odszkodowania.info.pl\/index.php?rest_route=%2Fwp%2Fv2%2Ftags&post=2284"}],"curies":[{"name":"wp","href":"https:\/\/api.w.org\/{rel}","templated":true}]}}