{"id":2294,"date":"2014-03-17T15:39:23","date_gmt":"2014-03-17T14:39:23","guid":{"rendered":"http:\/\/www.odszkodowania.info.pl\/?p=2294"},"modified":"2014-03-17T15:39:23","modified_gmt":"2014-03-17T14:39:23","slug":"iranczyk-zada-od-polski-6-mln-zl-odszkodowania-byl-aresztowany-na-wniosek-usa","status":"publish","type":"post","link":"https:\/\/www.odszkodowania.info.pl\/?p=2294","title":{"rendered":"Ira\u0144czyk \u017c\u0105da od Polski 6 mln z\u0142 odszkodowania. By\u0142 aresztowany na wniosek USA"},"content":{"rendered":"<p>6 mln z\u0142 odszkodowania \u017c\u0105da od Polski obywatel Wlk. Brytanii pochodzenia ira\u0144skiego Ali Asghar Manzarpour za 2 lata aresztu w Polsce. Zatrzymano go w 2005 r. na \u017c\u0105danie w\u0142adz USA. Amerykanie zarzucali mu z\u0142amanie ich embarga na handel z Iranem . W 2008 r. polski s\u0105d odm\u00f3wi\u0142 wydania go Ameryce. Prokuratura Okr\u0119gowa w Warszawie uwa\u017ca, \u017ce wnioskodawcy nie nale\u017c\u0105 si\u0119 \u017cadne pieni\u0105dze od polskiego wymiaru sprawiedliwo\u015bci, po kt\u00f3re powinien si\u0119 on zwr\u00f3ci\u0107 do w\u0142adz USA.<\/p>\n<p><strong>USA namierzaj\u0105, Polacy zatrzymuj\u0105<\/strong><\/p>\n<p>W S\u0105dzie Okr\u0119gowym w Warszawie zorganizowano dzi\u015b telekonferencj\u0119 z Teherenem z udzia\u0142em Manzarpoura. W wytoczonej przez siebie sprawie odszkodowawczej zezna\u0142 on, \u017ce w wyniku zatrzymania go w lutym 2005 r. w Warszawie, nie dosz\u0142o do finalizacji planowanego przeze\u0144 kontraktu na kupno linii technologicznej samolotu &#8222;Mewa&#8221;. Doda\u0142, \u017ce jego straty z tego tytu\u0142u si\u0119gn\u0119\u0142y ponad 900 tys. dolar\u00f3w.<\/p>\n<p>&#8222;Namierzonego&#8221; przez ameryka\u0144skie s\u0142u\u017cby biznesmena zatrzymali w Warszawie polscy antyterrory\u015bci na wniosek USA, kt\u00f3re \u015bciga\u0142y go mi\u0119dzynarodowym listem go\u0144czym za naruszenie ameryka\u0144skiego embarga na handel z Iranem. Polskie media pisa\u0142y wtedy o uj\u0119ciu &#8222;ira\u0144skiego szpiega&#8221;.<\/p>\n<p><strong>50 lat wi\u0119zienia za eksport samolotu<\/strong><\/p>\n<p>W 2004 r. wyeksportowa\u0142 on z USA do Wlk. Brytanii jednosilnikowy samolot &#8222;Berkut&#8221;, a potem wys\u0142a\u0142 go do Iranu. Wed\u0142ug USA zrobi\u0142 to bez potrzebnych zezwole\u0144. W USA grozi\u0142o mu do 50 lat wi\u0119zienia i 250 tys. dolar\u00f3w grzywny.<\/p>\n<p>W post\u0119powaniu ekstradycyjnym przed warszawskim s\u0105dem Ira\u0144czyk dowodzi\u0142, \u017ce nie z\u0142ama\u0142 \u017cadnych przepis\u00f3w Unii Europejskiej ani prawa mi\u0119dzynarodowego. M\u00f3wi\u0142, \u017ce jednomiejscowy &#8222;Berkut&#8221; nie mia\u0142 przeznaczenia wojskowego i \u017ce mia\u0142 on zezwolenie na jego eksport z Wlk. Brytanii do Iranu. Dodawa\u0142, \u017ce prawo USA nie obejmuje czyn\u00f3w pope\u0142nionych w innych pa\u0144stwach, a UE nie uznaje ameryka\u0144skich zapis\u00f3w o \u015bciganiu \u0142amania embarga USA gdziekolwiek na \u015bwiecie. Wed\u0142ug Manzarpoura, ca\u0142a sprawa mia\u0142a charakter polityczny, bo USA liczy\u0142y, \u017ce przychylna im Polska nie b\u0119dzie przestrzega\u0142a praw cz\u0142owieka i wyda go.<\/p>\n<p><strong>Nie ma ekstradycji, bo nie z\u0142ama\u0142 polskiego prawa<\/strong><\/p>\n<p>Reprezentuj\u0105ca w tej sprawie w\u0142adze USA Prokuratura Okr\u0119gowa w Warszawie wnosi\u0142a o wydanie przez s\u0105d opinii o dopuszczalno\u015bci ekstradycji. S\u0105d Okr\u0119gowy w Warszawie zajmowa\u0142 si\u0119 spraw\u0105 przez kilka lat. Wyda\u0142 wszystkie mo\u017cliwe orzeczenia: o dopuszczalno\u015bci prawnej ekstradycji do USA, o jej niedopuszczalno\u015bci oraz o umorzeniu sprawy. Decyzje te uchyla\u0142 potem s\u0105d apelacyjny.<\/p>\n<p>W ko\u0144cu w 2008 r. s\u0105d wyda\u0142 ostateczn\u0105 opini\u0119 o niedopuszczalno\u015bci ekstradycji. Uzna\u0142, \u017ce nie zaszed\u0142 g\u0142\u00f3wny warunek jej dopuszczalno\u015bci &#8211; karalno\u015b\u0107 danego czynu zar\u00f3wno w pa\u0144stwie \u017c\u0105daj\u0105cym wydania, jak i w tym, kt\u00f3re ma kogo\u015b wyda\u0107. S\u0105d stwierdzi\u0142, \u017ce Manzarpour w og\u00f3le nie podlega\u0142by w Polsce odpowiedzialno\u015bci. Decyzja ta mia\u0142a znaczenie tylko formalne, bo Ira\u0144czyk, kt\u00f3ry sp\u0119dzi\u0142 w areszcie ekstradycyjnym niemal dwa lata, ju\u017c wcze\u015bniej opu\u015bci\u0142 Polsk\u0119.<\/p>\n<p><strong>Chce 6 milion\u00f3w za &#8222;utracone korzy\u015bci&#8221;<\/strong><\/p>\n<p>W 2009 r. Manzarpour wytoczy\u0142 w Polsce proces o odszkodowanie i zado\u015b\u0107uczynienie za &#8222;utracone korzy\u015bci&#8221; wskutek aresztowania. Za po\u015brednictwem polskiego t\u0142umacza &#8211; zezna\u0142 dzi\u015b, \u017ce bardzo zaawansowany by\u0142 ju\u017c przygotowywany kontrakt z firm\u0105 Bell Aerospace na cywilne samoloty &#8222;Mewa&#8221;. Doda\u0142, \u017ce po zawarciu tego kontraktu chcia\u0142 sprzeda\u0107 ira\u0144skiemu przemys\u0142owi lotniczemu 11 tych samolot\u00f3w; 33 silniki do nich oraz technologi\u0119 produkcji. Udaremni\u0142o to zatrzymanie.<\/p>\n<p>&#8211; Moje straty si\u0119ga\u0142y ponad 900 tys. dolar\u00f3w &#8211; zezna\u0142 Manzarpour, kt\u00f3ry podkre\u015bli\u0142, \u017ce jego brytyjska firma zajmowa\u0142a si\u0119 g\u0142\u00f3wnie po\u015brednictwem w przemy\u015ble lotniczym. Zadeklarowa\u0142, \u017ce jej roczny obr\u00f3t wynosi\u0142 400 tys. funt\u00f3w. Doda\u0142, \u017ce w\u00f3wczas chcia\u0142 zamieszka\u0107 w Polsce; mia\u0142 narzeczon\u0105 Polk\u0119.<\/p>\n<p><strong>Traktowano go jak terroryst\u0119<\/strong><\/p>\n<p>Podkre\u015bli\u0142, \u017ce w polskim wi\u0119zieniu by\u0142 w z\u0142ej sytuacji psychicznej, bo po artyku\u0142ach, jakoby by\u0142 szpiegiem, uznawano go za terroryst\u0119. W konsekwencji przed widzeniami musia\u0142 si\u0119 ca\u0142kowicie rozbiera\u0107 do kontroli. W celi siedzia\u0142 z osob\u0105 niezr\u00f3wnowa\u017con\u0105. &#8211; Trudno by\u0142o tam zachowa\u0107 higien\u0119 &#8211; zezna\u0142.<\/p>\n<p>S\u0105d ma doko\u0144czy\u0107 przes\u0142uchanie Manzarpoura 15 kwietnia. W czasie telekonferencji przebywa\u0142 on w prokuraturze w Teheranie; podczas zezna\u0144 towarzyszy\u0142 mu ira\u0144ski prokurator. Pe\u0142nomocnik wnioskodawcy mec. Krzysztof Budnik powiedzia\u0142, \u017ce liczy, i\u017c zeznania jego klienta potwierdz\u0105 \u015bwiadkowie z firmy, kt\u00f3ra negocjowa\u0142a kontrakt na &#8222;Mew\u0119&#8221;. Zwr\u00f3ci\u0142 uwag\u0119, \u017ce w\u0142adze brytyjskie wykre\u015bli\u0142y firm\u0119 Manzarpoura z tamtejszego rejestru z powodu jej bezczynno\u015bci &#8211; kt\u00f3r\u0105 spowodowa\u0142 pobyt w polskim areszcie.<\/p>\n<p>Prokuratura wnios\u0142a, by s\u0105d odm\u00f3wi\u0142 uznania roszczenia Manzarpoura, bo powinien on wyst\u0105pi\u0107 o odszkodowanie do USA, kt\u00f3re go \u015bciga\u0142y. Prokuratura podkre\u015bla, \u017ce Polska zatrzyma\u0142a go zgodnie z polsko-ameryka\u0144sk\u0105 umow\u0105 o ekstradycji, bo nie mog\u0142a go nie zatrzyma\u0107, skoro USA wyda\u0142y taki nakaz.<\/p>\n<p>gazeta.pl<\/p>\n","protected":false},"excerpt":{"rendered":"<p>6 mln z\u0142 odszkodowania \u017c\u0105da od Polski obywatel Wlk. Brytanii pochodzenia ira\u0144skiego Ali Asghar Manzarpour za 2 lata aresztu w Polsce. Zatrzymano go w 2005 r. na \u017c\u0105danie w\u0142adz USA. Amerykanie zarzucali mu z\u0142amanie ich embarga na handel z Iranem . W 2008 r. polski s\u0105d odm\u00f3wi\u0142 wydania go Ameryce. Prokuratura Okr\u0119gowa w Warszawie uwa\u017ca, [&hellip;]<\/p>\n","protected":false},"author":2,"featured_media":0,"comment_status":"open","ping_status":"open","sticky":false,"template":"","format":"standard","meta":{"footnotes":""},"categories":[8],"tags":[12],"class_list":["post-2294","post","type-post","status-publish","format-standard","hentry","category-aktualnosci","tag-odszkodowanie"],"_links":{"self":[{"href":"https:\/\/www.odszkodowania.info.pl\/index.php?rest_route=\/wp\/v2\/posts\/2294","targetHints":{"allow":["GET"]}}],"collection":[{"href":"https:\/\/www.odszkodowania.info.pl\/index.php?rest_route=\/wp\/v2\/posts"}],"about":[{"href":"https:\/\/www.odszkodowania.info.pl\/index.php?rest_route=\/wp\/v2\/types\/post"}],"author":[{"embeddable":true,"href":"https:\/\/www.odszkodowania.info.pl\/index.php?rest_route=\/wp\/v2\/users\/2"}],"replies":[{"embeddable":true,"href":"https:\/\/www.odszkodowania.info.pl\/index.php?rest_route=%2Fwp%2Fv2%2Fcomments&post=2294"}],"version-history":[{"count":1,"href":"https:\/\/www.odszkodowania.info.pl\/index.php?rest_route=\/wp\/v2\/posts\/2294\/revisions"}],"predecessor-version":[{"id":2295,"href":"https:\/\/www.odszkodowania.info.pl\/index.php?rest_route=\/wp\/v2\/posts\/2294\/revisions\/2295"}],"wp:attachment":[{"href":"https:\/\/www.odszkodowania.info.pl\/index.php?rest_route=%2Fwp%2Fv2%2Fmedia&parent=2294"}],"wp:term":[{"taxonomy":"category","embeddable":true,"href":"https:\/\/www.odszkodowania.info.pl\/index.php?rest_route=%2Fwp%2Fv2%2Fcategories&post=2294"},{"taxonomy":"post_tag","embeddable":true,"href":"https:\/\/www.odszkodowania.info.pl\/index.php?rest_route=%2Fwp%2Fv2%2Ftags&post=2294"}],"curies":[{"name":"wp","href":"https:\/\/api.w.org\/{rel}","templated":true}]}}