{"id":2300,"date":"2014-03-20T11:56:55","date_gmt":"2014-03-20T10:56:55","guid":{"rendered":"http:\/\/www.odszkodowania.info.pl\/?p=2300"},"modified":"2014-04-04T19:17:07","modified_gmt":"2014-04-04T18:17:07","slug":"kolejne-postepowanie-w-sprawie-wspolpracy-funkcjonariusz-policji-z-firma-votum","status":"publish","type":"post","link":"https:\/\/www.odszkodowania.info.pl\/?p=2300","title":{"rendered":"Kolejne post\u0119powanie w sprawie wsp\u00f3\u0142pracy funkcjonariusz policji z firm\u0105 VOTUM"},"content":{"rendered":"<p>Otrzymali\u015bmy kolejn\u0105 potwierdzon\u0105 informacj\u0119 o wszcz\u0119tym post\u0119powaniu w sprawie nak\u0142aniania poszkodowanych w wypadkach, przez funkcjonariuszy policji z KMP w Koninie, do zawierania um\u00f3w z firm\u0105 VOTUM z\/s we Wroc\u0142awiu. Jak uda\u0142o si\u0119 nam nieoficjalnie ustali\u0107, \u015bwiadkowie potwierdzili fakt, i\u017c umundurowani funkcjonariusze, przyje\u017cd\u017cali s\u0142u\u017cbowymi samochodami do poszkodowanych i w spos\u00f3b bardzo sugestywny nak\u0142aniali do korzystania z us\u0142ug firmy VOTUM. Sprawa jest rozwojowa i o dalszym biegu sprawy b\u0119dziemy informowa\u0107. Post\u0119powanie prowadzone jest przez Prokuratur\u0119 Rejonow\u0105 w Koninie pod sygnatur\u0105 akt: 1Ds\/169\/14.<\/p>\n<figure id=\"attachment_2301\" aria-describedby=\"caption-attachment-2301\" style=\"width: 558px\" class=\"wp-caption aligncenter\"><a href=\"http:\/\/www.odszkodowania.info.pl\/wp-content\/uploads\/votum_konin.jpg\"><img fetchpriority=\"high\" decoding=\"async\" class=\" wp-image-2301 \" alt=\"Wezwanie Prokuratura Rejonowa Konin\" src=\"http:\/\/www.odszkodowania.info.pl\/wp-content\/uploads\/votum_konin.jpg\" width=\"558\" height=\"806\" srcset=\"https:\/\/www.odszkodowania.info.pl\/wp-content\/uploads\/votum_konin.jpg 698w, https:\/\/www.odszkodowania.info.pl\/wp-content\/uploads\/votum_konin-207x300.jpg 207w\" sizes=\"(max-width: 558px) 100vw, 558px\" \/><\/a><figcaption id=\"caption-attachment-2301\" class=\"wp-caption-text\">Wezwanie Prokuratura Rejonowa Konin<\/figcaption><\/figure>\n<figure id=\"attachment_2308\" aria-describedby=\"caption-attachment-2308\" style=\"width: 558px\" class=\"wp-caption aligncenter\"><a href=\"http:\/\/www.odszkodowania.info.pl\/wp-content\/uploads\/votum_kpp_dzierzoniow.jpg\"><img decoding=\"async\" src=\"http:\/\/www.odszkodowania.info.pl\/wp-content\/uploads\/votum_kpp_dzierzoniow-744x1024.jpg\" alt=\"Zawiadomienie Prokuratura Okr\u0119gowa w \u015awidnicy\" width=\"558\" class=\"size-large wp-image-2308\" srcset=\"https:\/\/www.odszkodowania.info.pl\/wp-content\/uploads\/votum_kpp_dzierzoniow-744x1024.jpg 744w, https:\/\/www.odszkodowania.info.pl\/wp-content\/uploads\/votum_kpp_dzierzoniow-218x300.jpg 218w, https:\/\/www.odszkodowania.info.pl\/wp-content\/uploads\/votum_kpp_dzierzoniow.jpg 1276w\" sizes=\"(max-width: 744px) 100vw, 744px\" \/><\/a><figcaption id=\"caption-attachment-2308\" class=\"wp-caption-text\">Zawiadomienie Prokuratura Okr\u0119gowa w \u015awidnicy<\/figcaption><\/figure>\n","protected":false},"excerpt":{"rendered":"<p>Otrzymali\u015bmy kolejn\u0105 potwierdzon\u0105 informacj\u0119 o wszcz\u0119tym post\u0119powaniu w sprawie nak\u0142aniania poszkodowanych w wypadkach, przez funkcjonariuszy policji z KMP w Koninie, do zawierania um\u00f3w z firm\u0105 VOTUM z\/s we Wroc\u0142awiu. Jak uda\u0142o si\u0119 nam nieoficjalnie ustali\u0107, \u015bwiadkowie potwierdzili fakt, i\u017c umundurowani funkcjonariusze, przyje\u017cd\u017cali s\u0142u\u017cbowymi samochodami do poszkodowanych i w spos\u00f3b bardzo sugestywny nak\u0142aniali do korzystania z [&hellip;]<\/p>\n","protected":false},"author":2,"featured_media":0,"comment_status":"open","ping_status":"open","sticky":false,"template":"","format":"standard","meta":{"footnotes":""},"categories":[8,45],"tags":[74],"class_list":["post-2300","post","type-post","status-publish","format-standard","hentry","category-aktualnosci","category-artykul-glowny","tag-votum"],"_links":{"self":[{"href":"https:\/\/www.odszkodowania.info.pl\/index.php?rest_route=\/wp\/v2\/posts\/2300","targetHints":{"allow":["GET"]}}],"collection":[{"href":"https:\/\/www.odszkodowania.info.pl\/index.php?rest_route=\/wp\/v2\/posts"}],"about":[{"href":"https:\/\/www.odszkodowania.info.pl\/index.php?rest_route=\/wp\/v2\/types\/post"}],"author":[{"embeddable":true,"href":"https:\/\/www.odszkodowania.info.pl\/index.php?rest_route=\/wp\/v2\/users\/2"}],"replies":[{"embeddable":true,"href":"https:\/\/www.odszkodowania.info.pl\/index.php?rest_route=%2Fwp%2Fv2%2Fcomments&post=2300"}],"version-history":[{"count":4,"href":"https:\/\/www.odszkodowania.info.pl\/index.php?rest_route=\/wp\/v2\/posts\/2300\/revisions"}],"predecessor-version":[{"id":2309,"href":"https:\/\/www.odszkodowania.info.pl\/index.php?rest_route=\/wp\/v2\/posts\/2300\/revisions\/2309"}],"wp:attachment":[{"href":"https:\/\/www.odszkodowania.info.pl\/index.php?rest_route=%2Fwp%2Fv2%2Fmedia&parent=2300"}],"wp:term":[{"taxonomy":"category","embeddable":true,"href":"https:\/\/www.odszkodowania.info.pl\/index.php?rest_route=%2Fwp%2Fv2%2Fcategories&post=2300"},{"taxonomy":"post_tag","embeddable":true,"href":"https:\/\/www.odszkodowania.info.pl\/index.php?rest_route=%2Fwp%2Fv2%2Ftags&post=2300"}],"curies":[{"name":"wp","href":"https:\/\/api.w.org\/{rel}","templated":true}]}}