{"id":2313,"date":"2014-04-22T20:44:21","date_gmt":"2014-04-22T19:44:21","guid":{"rendered":"http:\/\/www.odszkodowania.info.pl\/?p=2313"},"modified":"2014-04-22T20:44:21","modified_gmt":"2014-04-22T19:44:21","slug":"chca-152-mln-zl-odszkodowania-od-sakrbu-panstwa","status":"publish","type":"post","link":"https:\/\/www.odszkodowania.info.pl\/?p=2313","title":{"rendered":"Chc\u0105 152 mln z\u0142 odszkodowania od sakrbu pa\u0144stwa"},"content":{"rendered":"<p>W pi\u0105tek, 18 kwietnia zarz\u0105d Towarzystwa Finansowo-Leasingowego SA z\u0142o\u017cy\u0142 do S\u0105du Okr\u0119gowego w Warszawie pozew o wyp\u0142at\u0119 przez skarb pa\u0144stwa 152 mln z\u0142 odszkodowania za szkody wyrz\u0105dzone sp\u00f3\u0142ce dzia\u0142aniem urz\u0119dnik\u00f3w. Dzie\u0144 z\u0142o\u017cenia pozwu &#8211; 18.04 &#8211; ma znaczenie symboliczne. 19 kwietnia 1996 r. aresztowany zosta\u0142 ca\u0142y \u00f3wczesny zarz\u0105d sp\u00f3\u0142ki &#8211; prezes Marek Isa\u0144ski i drugi cz\u0142onek zarz\u0105du Mieczys\u0142aw Budzi\u0144ski. Prokurator uzna\u0142, \u017ce s\u0105 podejrzani o pope\u0142nienie przest\u0119pstw zwi\u0105zanych z nieprawid\u0142owymi rozliczeniami podatku VAT na szkod\u0119 skarbu pa\u0144stwa wynosz\u0105c\u0105 ponad 1 mln z\u0142. Marek Isa\u0144ski zosta\u0142 zwolniony z aresztu 2 lipca1996 z uwagi na z\u0142y stan zdrowia.<\/p>\n<p>To jeden z wielu przyk\u0142ad\u00f3w niszczenia przedsi\u0119biorc\u00f3w przez niekompetentnych urz\u0119dnik\u00f3w, mi\u0119dzy innymi Urz\u0119du Skarbowego w Zielonej G\u00f3rze, Izby Skarbowej w Zielonej G\u00f3rze, Prokuratury Rejonowej w Zielonej G\u00f3rze i Ministerstwa Finans\u00f3w.<\/p>\n<p>Towarzystwo Finansowo-Leasingowe zosta\u0142o zarejestrowane w 1994 r. (pocz\u0105tkowo jako sp\u00f3\u0142ka z o.o., p\u00f3\u017aniej sp\u00f3\u0142ka akcyjna), a w 1995 r. rozpocz\u0119\u0142o dzia\u0142alno\u015b\u0107 gospodarcz\u0105. Trudni\u0142o si\u0119 leasingiem, zatrudnia\u0142o 40 os\u00f3b. W latach 90. leasing by\u0142 now\u0105 form\u0105 finansowania przedsi\u0119biorstw i do\u015b\u0107 szybko si\u0119 rozwija\u0142. W\u0142a\u015bciciel i prezes sp\u00f3\u0142ki, sam b\u0119d\u0105c osob\u0105 niepe\u0142nosprawn\u0105, postanowi\u0142 zatrudnia\u0107 inne osoby niepe\u0142nosprawne i prowadzi\u0107 dzia\u0142alno\u015b\u0107 w formie tzw. zak\u0142adu pracy chronionej.<\/p>\n<p>Zak\u0142ady pracy chronionej mia\u0142y w\u00f3wczas wiele przywilej\u00f3w podatkowych. Nie by\u0142o win\u0105 przedsi\u0119biorc\u00f3w, \u017ce z przywilej\u00f3w tych korzystali.<\/p>\n<p>Towarzystwo Finansowo-Leasingowe dzier\u017cawi\u0142o autobusy. Firma kupowa\u0142a je od producent\u00f3w, a nast\u0119pnie leasingowa\u0142a osobom trzecim. Klienci odbierali autobusy bezpo\u015brednio od producenta, kt\u00f3ry wysy\u0142a\u0142 do firmy faktur\u0119, firma za\u015b przelewa\u0142a na konto producenta zap\u0142at\u0119 za pojazd. Nast\u0119pnie klient sp\u0142aca\u0142 Towarzystwu Finansowo-Leasingowemu warto\u015b\u0107 autobusu w ratach, z odpowiednim procentem. Na tym w\u0142a\u015bnie polega leasing. Problem zaczyna si\u0119, gdy trzeba p\u0142aci\u0107 podatki.<\/p>\n<p><strong>Leasing i VAT<\/strong><\/p>\n<p>Tak jak inne sp\u00f3\u0142ki leasingowe firma pana Isa\u0144skiego w momencie sprzeda\u017cy autobusu odlicza\u0142a od nale\u017cnego VAT podatek zap\u0142acony wcze\u015bniej. Tymczasem interpretacja przepis\u00f3w podatkowych, zw\u0142aszcza w stosunku do firm leasingowych, bywa\u0142a r\u00f3\u017cna w r\u00f3\u017cnych urz\u0119dach skarbowych. Urz\u0105d w Zielonej G\u00f3rze, gdzie zarejestrowana jest firma Marka Isa\u0144skiego, doszed\u0142 do wniosku, \u017ce odlicza\u0107 VAT wolno dopiero wtedy, gdy nast\u0119puje fizyczne przemieszczenie sprzedawanego towaru. Tymczasem odbiorcy autobus\u00f3w odbierali je prosto od producent\u00f3w, a firmie leasingowej przekazywali jedynie odpowiednie dokumenty. Urz\u0105d skarbowy uzna\u0142, \u017ce w takim przypadku podatku VAT odlicza\u0107 nie wolno.<\/p>\n<p>W 1995 roku sp\u00f3\u0142ka zawar\u0142a oko\u0142o 200 transakcji leasingowych i kilkadziesi\u0105t handlowych, osi\u0105gaj\u0105c zysk w wysoko\u015bci ponad 10 mln z\u0142 netto. 1 lutego 1996 r. wszcz\u0119to kontrol\u0119 skarbow\u0105 i po kilku miesi\u0105cach Urz\u0105d Skarbowy w Zielonej G\u00f3rze wyda\u0142 decyzj\u0119 o zaj\u0119ciu 6 mln z\u0142 na poczet przysz\u0142ych zobowi\u0105za\u0144 podatkowych. Prokuratura zosta\u0142a zawiadomiona o oszustwie pope\u0142nionym przez Marka Isa\u0144skiego, a s\u0105d nakaza\u0142 aresztowanie.<\/p>\n<p>Dla firmy oznacza\u0142o to koniec dzia\u0142alno\u015bci. Banki przesta\u0142y j\u0105 finansowa\u0107. Kilkadziesi\u0105t os\u00f3b straci\u0142o prac\u0119. Tymczasem pierwsze decyzje w sprawie wymiaru podatk\u00f3w urz\u0105d skarbowy og\u0142osi\u0142 dopiero po kilku latach od rozpocz\u0119cia kontroli. Decyzje te by\u0142y kilkakrotnie uchylane przez Naczelny S\u0105d Administracyjny. Wyrok s\u0105du rejonowego skazuj\u0105cy Marka Isa\u0144skiego na 2 lata wi\u0119zienia zosta\u0142 w 2003 r. uchylony przez S\u0105d Apelacyjny w Poznaniu, kt\u00f3ry wyda\u0142 druzgoc\u0105ce dla wymiaru sprawiedliwo\u015bci pisemne uzasadnienie. Ostatecznie sprawa karna zosta\u0142a umorzona w roku 2006.<\/p>\n<p>W 2012 roku po licznych odwo\u0142aniach i przedstawieniu przez w\u0142a\u015bciciela TFL SA rozmaitych ekspertyz izba skarbowa wyda\u0142a ostateczn\u0105 decyzj\u0119 &#8211; Towarzystwo Finansowo-Leasingowe mia\u0142o zaleg\u0142e podatki w wysoko\u015bci 527 tys. z\u0142.<\/p>\n<p>Gdyby organy podatkowe nakaza\u0142y zap\u0142aci\u0107 tak\u0105 kwot\u0119 w 1996 r., sp\u00f3\u0142ka bez trudu by j\u0105 uregulowa\u0142a i nie wp\u0142yn\u0119\u0142oby to w istotny spos\u00f3b na jej dzia\u0142alno\u015b\u0107. B\u0142\u0119dy i z\u0142a wola urz\u0119dnik\u00f3w spowodowa\u0142y, \u017ce przez 18 lat biznesmen, zamiast sprzedawa\u0107, zarabia\u0107 i tworzy\u0107 miejsca pracy, musia\u0142 walczy\u0107 o swoje prawa. <\/p>\n<p>gazeta.pl<\/p>\n","protected":false},"excerpt":{"rendered":"<p>W pi\u0105tek, 18 kwietnia zarz\u0105d Towarzystwa Finansowo-Leasingowego SA z\u0142o\u017cy\u0142 do S\u0105du Okr\u0119gowego w Warszawie pozew o wyp\u0142at\u0119 przez skarb pa\u0144stwa 152 mln z\u0142 odszkodowania za szkody wyrz\u0105dzone sp\u00f3\u0142ce dzia\u0142aniem urz\u0119dnik\u00f3w. Dzie\u0144 z\u0142o\u017cenia pozwu &#8211; 18.04 &#8211; ma znaczenie symboliczne. 19 kwietnia 1996 r. aresztowany zosta\u0142 ca\u0142y \u00f3wczesny zarz\u0105d sp\u00f3\u0142ki &#8211; prezes Marek Isa\u0144ski i drugi [&hellip;]<\/p>\n","protected":false},"author":2,"featured_media":0,"comment_status":"open","ping_status":"open","sticky":false,"template":"","format":"standard","meta":{"footnotes":""},"categories":[8],"tags":[12],"class_list":["post-2313","post","type-post","status-publish","format-standard","hentry","category-aktualnosci","tag-odszkodowanie"],"_links":{"self":[{"href":"https:\/\/www.odszkodowania.info.pl\/index.php?rest_route=\/wp\/v2\/posts\/2313","targetHints":{"allow":["GET"]}}],"collection":[{"href":"https:\/\/www.odszkodowania.info.pl\/index.php?rest_route=\/wp\/v2\/posts"}],"about":[{"href":"https:\/\/www.odszkodowania.info.pl\/index.php?rest_route=\/wp\/v2\/types\/post"}],"author":[{"embeddable":true,"href":"https:\/\/www.odszkodowania.info.pl\/index.php?rest_route=\/wp\/v2\/users\/2"}],"replies":[{"embeddable":true,"href":"https:\/\/www.odszkodowania.info.pl\/index.php?rest_route=%2Fwp%2Fv2%2Fcomments&post=2313"}],"version-history":[{"count":1,"href":"https:\/\/www.odszkodowania.info.pl\/index.php?rest_route=\/wp\/v2\/posts\/2313\/revisions"}],"predecessor-version":[{"id":2314,"href":"https:\/\/www.odszkodowania.info.pl\/index.php?rest_route=\/wp\/v2\/posts\/2313\/revisions\/2314"}],"wp:attachment":[{"href":"https:\/\/www.odszkodowania.info.pl\/index.php?rest_route=%2Fwp%2Fv2%2Fmedia&parent=2313"}],"wp:term":[{"taxonomy":"category","embeddable":true,"href":"https:\/\/www.odszkodowania.info.pl\/index.php?rest_route=%2Fwp%2Fv2%2Fcategories&post=2313"},{"taxonomy":"post_tag","embeddable":true,"href":"https:\/\/www.odszkodowania.info.pl\/index.php?rest_route=%2Fwp%2Fv2%2Ftags&post=2313"}],"curies":[{"name":"wp","href":"https:\/\/api.w.org\/{rel}","templated":true}]}}