{"id":2322,"date":"2014-05-04T12:33:39","date_gmt":"2014-05-04T11:33:39","guid":{"rendered":"http:\/\/www.odszkodowania.info.pl\/?p=2322"},"modified":"2014-05-04T12:33:39","modified_gmt":"2014-05-04T11:33:39","slug":"13-mln-zl-odszkodowania-od-pzu-dla-rodziny-kalaty-rz-mamy-dokumenty-potwierdzajace-kontrowersyjne-rozliczenia","status":"publish","type":"post","link":"https:\/\/www.odszkodowania.info.pl\/?p=2322","title":{"rendered":"1,3 mln z\u0142 odszkodowania od PZU dla rodziny Kalaty. 'Rz&#8217;: Mamy dokumenty potwierdzaj\u0105ce 'kontrowersyjne rozliczenia&#8217;"},"content":{"rendered":"<p> &#8211; Kandydatka SLD do Parlamentu Europejskiego, b\u0119d\u0105c ministrem, uzyska\u0142a dla swej rodziny ponad 1,3 mln odszkodowania z PZU &#8211; informuje &#8222;Rzeczpospolita&#8221;. Gazeta twierdzi, \u017ce jest w posiadaniu dokument\u00f3w pokazuj\u0105cych kulisy &#8222;kontrowersyjnych rozlicze\u0144&#8221; mi\u0119dzy PZU a Ann\u0105 Kalat\u0105, gdy by\u0142a ona ministrem pracy w rz\u0105dzie Jaros\u0142awa Kaczy\u0144skiego. Opisywana przez &#8222;Rzeczpospolit\u0105&#8221; sprawa dotyczy kulis odszkodowania, kt\u00f3re Kalacie uda\u0142o si\u0119 wywalczy\u0107 dla swojej rodziny. 8 lipca 1991 roku dosz\u0142o do kolizji, w wyniku kt\u00f3rej poszkodowani zostali \u00f3wczesny m\u0105\u017c oraz dwoje dzieci Kalaty &#8211; opisuje gazeta. PZU wyp\u0142aci\u0142o im wtedy 60 tys. z\u0142 odszkodowania, jednak rodzina chcia\u0142a otrzyma\u0107 wi\u0119cej pieni\u0119dzy oraz do\u017cywotnie renty dla pokrzywdzonych. Sprawa ci\u0105gn\u0119\u0142a si\u0119 latami &#8211; do momentu, w kt\u00f3rym Kalata popar\u0142a podczas g\u0142osowania w Komisji Nadzoru Finansowego Jaromira Netzla, kandydata na szefa PZU.<\/p>\n<p>&#8222;<em>Kilkana\u015bcie dni po zatwierdzeniu Prezesa Netzla przez Komisj\u0119 Nadzoru Finansowego zosta\u0142y podj\u0119te z rodzin\u0105 Pani Anny Kalaty rozmowy ugodowe<\/em>&#8221; &#8211; cytuje wewn\u0119trzne dokumenty PZU &#8222;Rzeczpospolita&#8221;. Nast\u0119pnie na wniosek samego Netzla ubezpieczyciel wyp\u0142aci\u0142 rodzinie Kalaty 1 342 930,84 z\u0142 odszkodowania.<\/p>\n<p><strong>Nowy prezes PZU z\u0142o\u017cy\u0142 donos do prokuratury<\/strong><\/p>\n<p>W rozmowie z dziennikiem Kalata twierdzi, \u017ce nie rozmawia\u0142a z Netzlem na temat odszkodowania dla jej rodziny ani nie zna\u0142a go prywatnie w momencie g\u0142osowania. By\u0142y prezes r\u00f3wnie\u017c zapewnia, \u017ce nie zna\u0142 wcze\u015bniej Kalaty ani nie wiedzia\u0142, \u017ce jej rodzina procesuje si\u0119 z PZU. Adwokat jest te\u017c zdania, wyp\u0142acone odszkodowanie by\u0142o poni\u017cej maksymalnej kwoty, jak\u0105 mog\u0142o to kosztowa\u0107 PZU. Po zmianie w\u0142adzy nowy prezes PZU z\u0142o\u017cy\u0142 doniesienie do prokuratury, kt\u00f3ra przekaza\u0142a spraw\u0119 do komendy rejonowej policji. Ta spraw\u0119 umorzy\u0142a.<\/p>\n<p><em>KOMENTARZ REDAKCJI:<br \/>\nPo raz kolejny politycy udowadniaj\u0105 nam, \u017ce s\u0105 r\u00f3wni i r\u00f3wniejsi. Politycy dostaj\u0105 swoje smole\u0144skie zado\u015b\u0107uczynienie po 250 tys z\u0142 na g\u0142ow\u0119 bez s\u0105du, bez zrzekania si\u0119 roszcze\u0144. Po prostu im si\u0119 nale\u017cy. Teraz kolejna Pani z rz\u0105du Prawa i  Sprawiedliwo\u015bci pokazuje jak bezprawnie i nie sprawiedliwie mo\u017cna sobie za\u0142atwi\u0107 co\u015b czego inni zwykli obywatele musz\u0105 domaga\u0107 si\u0119 latami przed s\u0105dami. Nie ma prawa i sprawiedliwo\u015bci &#8211; jak to mawiano kiedy\u015b &#8211; Polska nierz\u0105dem stoi.<\/em><\/p>\n","protected":false},"excerpt":{"rendered":"<p>&#8211; Kandydatka SLD do Parlamentu Europejskiego, b\u0119d\u0105c ministrem, uzyska\u0142a dla swej rodziny ponad 1,3 mln odszkodowania z PZU &#8211; informuje &#8222;Rzeczpospolita&#8221;. Gazeta twierdzi, \u017ce jest w posiadaniu dokument\u00f3w pokazuj\u0105cych kulisy &#8222;kontrowersyjnych rozlicze\u0144&#8221; mi\u0119dzy PZU a Ann\u0105 Kalat\u0105, gdy by\u0142a ona ministrem pracy w rz\u0105dzie Jaros\u0142awa Kaczy\u0144skiego. Opisywana przez &#8222;Rzeczpospolit\u0105&#8221; sprawa dotyczy kulis odszkodowania, kt\u00f3re Kalacie [&hellip;]<\/p>\n","protected":false},"author":2,"featured_media":0,"comment_status":"open","ping_status":"open","sticky":false,"template":"","format":"standard","meta":{"footnotes":""},"categories":[8],"tags":[12,9,13],"class_list":["post-2322","post","type-post","status-publish","format-standard","hentry","category-aktualnosci","tag-odszkodowanie","tag-pzu","tag-zadoscuczynienie"],"_links":{"self":[{"href":"https:\/\/www.odszkodowania.info.pl\/index.php?rest_route=\/wp\/v2\/posts\/2322","targetHints":{"allow":["GET"]}}],"collection":[{"href":"https:\/\/www.odszkodowania.info.pl\/index.php?rest_route=\/wp\/v2\/posts"}],"about":[{"href":"https:\/\/www.odszkodowania.info.pl\/index.php?rest_route=\/wp\/v2\/types\/post"}],"author":[{"embeddable":true,"href":"https:\/\/www.odszkodowania.info.pl\/index.php?rest_route=\/wp\/v2\/users\/2"}],"replies":[{"embeddable":true,"href":"https:\/\/www.odszkodowania.info.pl\/index.php?rest_route=%2Fwp%2Fv2%2Fcomments&post=2322"}],"version-history":[{"count":1,"href":"https:\/\/www.odszkodowania.info.pl\/index.php?rest_route=\/wp\/v2\/posts\/2322\/revisions"}],"predecessor-version":[{"id":2323,"href":"https:\/\/www.odszkodowania.info.pl\/index.php?rest_route=\/wp\/v2\/posts\/2322\/revisions\/2323"}],"wp:attachment":[{"href":"https:\/\/www.odszkodowania.info.pl\/index.php?rest_route=%2Fwp%2Fv2%2Fmedia&parent=2322"}],"wp:term":[{"taxonomy":"category","embeddable":true,"href":"https:\/\/www.odszkodowania.info.pl\/index.php?rest_route=%2Fwp%2Fv2%2Fcategories&post=2322"},{"taxonomy":"post_tag","embeddable":true,"href":"https:\/\/www.odszkodowania.info.pl\/index.php?rest_route=%2Fwp%2Fv2%2Ftags&post=2322"}],"curies":[{"name":"wp","href":"https:\/\/api.w.org\/{rel}","templated":true}]}}