{"id":2330,"date":"2014-05-13T18:19:51","date_gmt":"2014-05-13T17:19:51","guid":{"rendered":"http:\/\/www.odszkodowania.info.pl\/?p=2330"},"modified":"2014-05-13T18:19:51","modified_gmt":"2014-05-13T17:19:51","slug":"nieslusznie-aresztowany-chcial-5-milionow-dostal-niecale-300-tysiecy-mam-sie-smiac","status":"publish","type":"post","link":"https:\/\/www.odszkodowania.info.pl\/?p=2330","title":{"rendered":"Nies\u0142usznie aresztowany: chcia\u0142 5 milion\u00f3w, dosta\u0142 nieca\u0142e 300 tysi\u0119cy. 'Mam si\u0119 \u015bmia\u0107?&#8217;"},"content":{"rendered":"<p>&#8211; To dla mnie kolejny policzek w twarz &#8211; m\u00f3wi Pawe\u0142 Guz, m\u0119\u017cczyzna, kt\u00f3rzy nies\u0142usznie przesiedzia\u0142 w celi prawie p\u00f3\u0142tora roku. By\u0142 podejrzany o zab\u00f3jstwo &#8211; ostatecznie zosta\u0142 ca\u0142kowicie uniewinniony. Domaga\u0142 si\u0119 za to 5 mln z\u0142 odszkodowania i zado\u015b\u0107uczynienia. S\u0105d przyzna\u0142 mu nieca\u0142e 300 tys. z\u0142. Guz sp\u0119dzi\u0142 w celi prawie p\u00f3\u0142tora roku pod zarzutem zab\u00f3jstwa. Chodzi\u0142o o wydarzenia z po\u0142owy 2007 r. W lesie pod Lubartowem na Lubelszczy\u017anie odkryto zw\u0142oki Paw\u0142a Marz\u0119dy, m\u0142odego m\u0119\u017cczyzny, w\u0142a\u015bciciela warsztatu samochodowego. Miejsce ukrycia zw\u0142ok wskaza\u0142 Krzysztof P. To on w trakcie zezna\u0144 obci\u0105\u017cy\u0142 te\u017c Guza, \u017ce pomaga\u0142 mu w zbrodni. Dzi\u015b Krzysztof P. jest ju\u017c prawomocnie skazany za zab\u00f3jstwo.<\/p>\n<p>Guz od pocz\u0105tku nie przyznawa\u0142 si\u0119 do winy. Opowiada\u0142 nam, \u017ce zosta\u0142 wyci\u0105gni\u0119ty z \u0142\u00f3\u017cka przez policjant\u00f3w, \u017ce ca\u0142y czas wmawia\u0142 sobie, \u017ce to jakie\u015b nieporozumienie. Tyle \u017ce &#8222;nieporozumienie&#8221; trwa\u0142o i trwa\u0142o. M\u00f3wi\u0142 nam r\u00f3wnie\u017c, \u017ce mia\u0142 alibi, ale sprawdzono je dopiero po rocznym pobycie w areszcie \u015bledczym. Nikt nie chcia\u0142 mu uwierzy\u0107.<\/p>\n<p><strong>&#8222;Siedzia\u0142em jak w piwnicy&#8221;<\/strong><\/p>\n<p>Siedzia\u0142 w celi z r\u00f3\u017cnymi osadzonymi &#8211; jak m\u00f3wi, do ko\u0144ca \u017cycia tego nie zapomni. &#8211; Nie \u017cycz\u0119 tego nawet najgorszemu wrogowi. Jest si\u0119 wrakiem cz\u0142owieka, \u017cywym trupem. \u017byje si\u0119 codziennie, z minuty na minut\u0119, z godziny na godzin\u0119, dzie\u0144 po dniu, ze \u015bwiadomo\u015bci\u0105, \u017ce tam mog\u0119 sp\u0119dzi\u0107 reszt\u0119 \u017cycia, nie robi\u0105c nikomu nic z\u0142ego. Siedzi si\u0119 w niewielkim pomieszczeniu, kt\u00f3re przypomina piwnic\u0119, ludzie chodz\u0105, maj\u0105 depresj\u0119, nie wiedz\u0105, co si\u0119 dzieje. Ja te\u017c mia\u0142em tak\u0105 depresj\u0119. Le\u017ca\u0142em w \u0142\u00f3\u017cku, mia\u0142em po\u0142aman\u0105 nog\u0119. Ka\u017cdy dzie\u0144 by\u0142 nadziej\u0105, \u017ce mo\u017ce si\u0119 to ju\u017c sko\u0144czy, \u017ce prawda wyjdzie na jaw &#8211; m\u00f3wi\u0142 nam w 2012 r., tu\u017c po tym, jak z\u0142o\u017cy\u0142 w s\u0105dzie wniosek o zado\u015b\u0107uczynienie i odszkodowanie. Chcia\u0142 w sumie 5 mln z\u0142, dosta\u0142 o wiele, wiele mniej.<\/p>\n<p>S\u0105d Okr\u0119gowy w Lublinie we wtorek przyzna\u0142 Guzowi nieca\u0142e 79 tys. 600 z\u0142 odszkodowania za poniesion\u0105 szkod\u0119 i 200 tys. z\u0142 zado\u015b\u0107uczynienia za doznan\u0105 krzywd\u0119. Kwot\u0119 odszkodowania dok\u0142adnie wyliczono &#8211; s\u0105d obliczy\u0142, ile Guz m\u00f3g\u0142 straci\u0107 po zerwaniu kontraktu na prac\u0119 w Norwegii, bo taki kontrakt mia\u0142 w chwili, gdy zosta\u0142 zatrzymany.<\/p>\n<p>Z wyliczeniem zado\u015b\u0107uczynienia by\u0142o trudniej, przyzna\u0142 to nawet sam s\u0105d. &#8211; Tutaj si\u0119 nale\u017cy zgodzi\u0107 z pe\u0142nomocnikiem wnioskodawcy, \u017ce jest bardzo trudno ustali\u0107 tak\u0105 kwot\u0119, s\u0105 to rzeczy bardzo trudne do miarkowania &#8211; m\u00f3wi\u0142 s\u0119dzia Piotr \u0141aguna. S\u0105d przyzna\u0142 kwot\u0119 200 tys. z\u0142 z\u0142otych. &#8211; Pawe\u0142 Guz nie z w\u0142asnej woli znalaz\u0142 si\u0119 w centrum zainteresowania medialnego jako osoba naznaczona pi\u0119tnem zab\u00f3jcy znajomego. S\u0105d uzna\u0142, \u017ce taka kwota b\u0119dzie adekwatna i zrekompensuje doznane krzywdy i dolegliwo\u015bci, oczywi\u015bcie na tyle, na ile sama kwota mo\u017ce zado\u015b\u0107uczyni\u0107 doznanym krzywdom moralnym &#8211; m\u00f3wi\u0142 s\u0119dzia.<\/p>\n<p><strong>Guz b\u0119dzie walczy\u0142 dalej, chce i\u015b\u0107 do Strasburga<\/strong><\/p>\n<p>Sam Guz nie kry\u0142, \u017ce przyznana kwota to dla niego kolejny policzek w twarz, pierwszym by\u0142o nies\u0142uszne aresztowanie. &#8211; Ta kwota nie jest du\u017ca po tym, co prze\u017cy\u0142em i prze\u017cywam do dzisiejszego dnia. Wyrok pokazuje, co znacz\u0105 prawa cz\u0142owieka w naszym kraju, ile znaczy wolno\u015b\u0107 i godno\u015b\u0107 cz\u0142owieka &#8211; stwierdzi\u0142 Guz po wyj\u015bciu z sali rozpraw. Przyzna\u0142, \u017ce b\u0119dzie sk\u0142ada\u0142 apelacj\u0119 i walczy\u0142 dalej, cho\u0107by mia\u0142 i\u015b\u0107 do Strasburga. &#8211; Nie wiem, czy mam si\u0119 \u015bmia\u0107, czy p\u0142aka\u0107 z kwoty, kt\u00f3r\u0105 dosta\u0142em &#8211; m\u00f3wi Guz. <\/p>\n<p>gazeta.pl<\/p>\n","protected":false},"excerpt":{"rendered":"<p>&#8211; To dla mnie kolejny policzek w twarz &#8211; m\u00f3wi Pawe\u0142 Guz, m\u0119\u017cczyzna, kt\u00f3rzy nies\u0142usznie przesiedzia\u0142 w celi prawie p\u00f3\u0142tora roku. By\u0142 podejrzany o zab\u00f3jstwo &#8211; ostatecznie zosta\u0142 ca\u0142kowicie uniewinniony. Domaga\u0142 si\u0119 za to 5 mln z\u0142 odszkodowania i zado\u015b\u0107uczynienia. S\u0105d przyzna\u0142 mu nieca\u0142e 300 tys. z\u0142. Guz sp\u0119dzi\u0142 w celi prawie p\u00f3\u0142tora roku pod [&hellip;]<\/p>\n","protected":false},"author":2,"featured_media":0,"comment_status":"open","ping_status":"open","sticky":false,"template":"","format":"standard","meta":{"footnotes":""},"categories":[8],"tags":[12,13],"class_list":["post-2330","post","type-post","status-publish","format-standard","hentry","category-aktualnosci","tag-odszkodowanie","tag-zadoscuczynienie"],"_links":{"self":[{"href":"https:\/\/www.odszkodowania.info.pl\/index.php?rest_route=\/wp\/v2\/posts\/2330","targetHints":{"allow":["GET"]}}],"collection":[{"href":"https:\/\/www.odszkodowania.info.pl\/index.php?rest_route=\/wp\/v2\/posts"}],"about":[{"href":"https:\/\/www.odszkodowania.info.pl\/index.php?rest_route=\/wp\/v2\/types\/post"}],"author":[{"embeddable":true,"href":"https:\/\/www.odszkodowania.info.pl\/index.php?rest_route=\/wp\/v2\/users\/2"}],"replies":[{"embeddable":true,"href":"https:\/\/www.odszkodowania.info.pl\/index.php?rest_route=%2Fwp%2Fv2%2Fcomments&post=2330"}],"version-history":[{"count":1,"href":"https:\/\/www.odszkodowania.info.pl\/index.php?rest_route=\/wp\/v2\/posts\/2330\/revisions"}],"predecessor-version":[{"id":2331,"href":"https:\/\/www.odszkodowania.info.pl\/index.php?rest_route=\/wp\/v2\/posts\/2330\/revisions\/2331"}],"wp:attachment":[{"href":"https:\/\/www.odszkodowania.info.pl\/index.php?rest_route=%2Fwp%2Fv2%2Fmedia&parent=2330"}],"wp:term":[{"taxonomy":"category","embeddable":true,"href":"https:\/\/www.odszkodowania.info.pl\/index.php?rest_route=%2Fwp%2Fv2%2Fcategories&post=2330"},{"taxonomy":"post_tag","embeddable":true,"href":"https:\/\/www.odszkodowania.info.pl\/index.php?rest_route=%2Fwp%2Fv2%2Ftags&post=2330"}],"curies":[{"name":"wp","href":"https:\/\/api.w.org\/{rel}","templated":true}]}}