{"id":2346,"date":"2014-06-04T11:22:44","date_gmt":"2014-06-04T10:22:44","guid":{"rendered":"http:\/\/www.odszkodowania.info.pl\/?p=2346"},"modified":"2014-06-04T11:22:44","modified_gmt":"2014-06-04T10:22:44","slug":"proces-za-zle-dziecinstwo-wroclawianin-chce-od-rodzicow-150-tysiecy-zlotych","status":"publish","type":"post","link":"https:\/\/www.odszkodowania.info.pl\/?p=2346","title":{"rendered":"Proces za z\u0142e dzieci\u0144stwo. Wroc\u0142awianin chce od rodzic\u00f3w 150 tysi\u0119cy z\u0142otych!"},"content":{"rendered":"<p> 29-letni Adam pozwa\u0142 swoich rodzic\u00f3w. Pow\u00f3d? Zmarnowane dzieci\u0144stwo, zaniedbania i choroby. To pierwszy taki proces w Polsce. Adam domaga si\u0119 150 tys. z\u0142 zado\u015b\u0107uczynienia za swoje krzywdy<br \/>\nTaka sprawa w Polsce to prawdziwa rzadko\u015b\u0107. Mieszkaj\u0105cy we Wroc\u0142awiu 29-letni Adam pozwa\u0142 swoich rodzic\u00f3w o zniszczone dzieci\u0144stwo. Jak m\u00f3wi, zaniedbywali go, a skutkiem te-go s\u0105 jego problemy zdrowotne.<\/p>\n<p>&#8211; Nie chodzi o to, \u017ce mnie bili, cho\u0107 dwa razy kablem dosta\u0142em. Chodzi o zaniedbania, jakich si\u0119 dopu\u015bcili. To te\u017c mo\u017ce by\u0107 przemoc\u0105, bo prowadzi do cierpienia &#8211; m\u00f3wi Adam. Pami\u0119ta, \u017ce rodzice zawsze bagatelizowali, gdy bola\u0142y go z\u0119by.<\/p>\n<p>&#8211; Do lekarza nie chodzi\u0142em, dawali mi paracetamol. Gdy z b\u00f3lu nie mog\u0142em ju\u017c wytrzyma\u0107, to okaza\u0142o si\u0119, \u017ce jest za p\u00f3\u017ano na ratowanie z\u0119b\u00f3w. Wszystkie by\u0142y martwe. My\u0107 te\u017c mog\u0142em si\u0119 tylko raz w tygodniu, \u017ca\u0142owali na wod\u0119 i na myd\u0142o. Chodzi\u0142em w starych ciuchach. Mimo \u017ce na remonty i nowe meble by\u0142y pieni\u0105dze. Byle tylko stworzy\u0107 przed lud\u017ami pozory, \u017ce jeste\u015bmy bogaci &#8211; oskar\u017ca swoich rodzic\u00f3w Adam.<\/p>\n<p>Jak podkre\u015bla, pozew opar\u0142 na dokumentacji medycznej i opiniach lekarzy. Ma wad\u0119 serca, t\u0119tniaka, objawy depresji, niedoczynno\u015b\u0107 tarczycy, problemy z plecami, z\u0119bami i w\u0105trob\u0105.<\/p>\n<p>&#8211; Sprawa jest o tyle trudna, \u017ce to na dziecku ci\u0105\u017cy obowi\u0105zek wykazania, \u017ce win\u0119 ponosz\u0105 rodzice oraz \u017ce istnieje zwi\u0105zek przyczynowo-skutkowy mi\u0119dzy tym, co nast\u0105pi\u0142o, a tym co si\u0119 dzia\u0142o w dzieci\u0144stwie. Pan Adam ma jednak spore szanse na wygran\u0105 &#8211; ocenia Beata Ma\u0142ek, prawnik z kancelarii Koksztys, kt\u00f3ra zapozna\u0142a si\u0119 ze spraw\u0105.<\/p>\n<p>Adam wyjecha\u0142 na studia do Wroc\u0142awia, sko\u0144czy\u0142 informatyk\u0119 na Politechnice Wroc\u0142awskiej oraz finanse i bankowo\u015b\u0107 na Uniwersytecie Ekonomicznym. Tu mieszka, od dw\u00f3ch lat pracuje w jednej z korporacji. Rodzina zosta\u0142a w Be\u0142chatowie. Dodzwonili\u015bmy si\u0119 do pani Jadwigi, matki Adama. Zaprzecza, \u017ce jej syn by\u0142 kiedykolwiek \u017ale traktowany. Dw\u00f3jka m\u0142odszych dzieci broni rodzic\u00f3w i zdaniem pani Jadwigi to najlepszy dow\u00f3d na jej dobre serce.<\/p>\n<p>Rodze\u0144stwo Adama jest zbulwersowane<\/p>\n<p>&#8211; Ich zdaniem w domu nigdy niczego nie brakowa\u0142o. M\u0142odsze dzieci s\u0105 zbulwersowane, \u017ce najstarszy syn si\u0119 tak zachowuje. Nie wiem, dlaczego nam to robi, ale wszystkie jego rewelacje s\u0105 wyssane z palca. Chce si\u0119 wylansowa\u0107? &#8211; pyta matka. Adam wytoczy\u0142 proces cywilny. Jak potwierdza nam wroc\u0142awski S\u0105d Okr\u0119gowy, akta sprawy s\u0105 u s\u0119dziego. Zdecyduje on o dalszym toku post\u0119powania. Pow\u00f3d chce 150 tys. z\u0142 odszkodowania.<\/p>\n<p>Sk\u0105d ta kwota? &#8211; Mo\u017ce si\u0119 to wyda\u0107 du\u017co, ale z\u0119by mia\u0142em tak zniszczone, \u017ce wyda\u0142em ju\u017c na nowe korony 17 tys. z\u0142. Za 10 lat trzeba b\u0119dzie je zn\u00f3w wymienia\u0107 &#8211; t\u0142umaczy. Mama pana Adama na pytanie, czy wiedzia\u0142a o jego problemach z z\u0119bami, \u015bmieje si\u0119. &#8211; M\u00f3j Bo\u017ce, niech pani nie powtarza takich g\u0142upot! Jak chcia\u0142, to my\u0142. Przecie\u017c ja mu do \u0142azienki nie zagl\u0105da\u0142am &#8211; m\u00f3wi kobieta. <\/p>\n<p>Czy nie lepiej by\u0142o si\u0119 dogada\u0107 z rodzicami, a nie wytacza\u0107 im spraw\u0119 w s\u0105dzie? Zdaniem 29-letniego Adama by\u0142o to niemo\u017cliwe, cho\u0107 podejmowa\u0142 takie pr\u00f3by.<\/p>\n<p>&#8211; Rodzice mnie nie rozumieli. Jak m\u00f3wi\u0142em, \u017ce mam problemy z z\u0119bami, ojciec pokazywa\u0142 na swoje i m\u00f3wi\u0142: &#8222;O, zobacz, te\u017c jestem szczerbaty, w czym problem?&#8221; &#8211; opowiada Adam.<\/p>\n<p>29-latek nie za\u0142o\u017cy\u0142 rodziny. &#8211; Najpierw musz\u0119 zobaczy\u0107, jak prawdziwa rodzina wygl\u0105da. Chc\u0119 by\u0107 odpowiedzialny i nie pope\u0142ni\u0107 wobec dzieci tych samych b\u0142\u0119d\u00f3w, co moi rodzice. Przez nich poszed\u0142em na terapi\u0119 &#8211; dodaje. Jako dowody maj\u0105 mu pos\u0142u\u017cy\u0107 te\u017c nagrania rozm\u00f3w, kt\u00f3rymi dysponuje. Jak m\u00f3wi, z zewn\u0105trz rodzina wygl\u0105da\u0142a zawsze na porz\u0105dn\u0105 i nikt z s\u0105siad\u00f3w pewnie go nie poprze. &#8211; Przemoc w rodzinie prze\u017cywa si\u0119 w samotno\u015bci. Nawet jak kto\u015b widzi, \u017ce dziecko jest zaniedbane, to nie reaguje &#8211; zauwa\u017ca Adam. Teraz czeka na pierwszy termin rozprawy.<\/p>\n<p><strong>Psycholog dr Anetta Pere\u015bwiet-So\u0142tan z Dolno\u015bl\u0105skiej Szko\u0142y Wy\u017cszej:<\/strong><br \/>\nMamy niewiele informacji na temat tej rodziny i trudno rozstrzyga\u0107 w tej konkretnej sprawie. Zdarza si\u0119, \u017ce rodzice nie maj\u0105 \u015bwiadomo\u015bci, \u017ce to oni ponosz\u0105 odpowiedzialno\u015b\u0107 za dziecko. Przez d\u0142ugi czas \u017cyli\u015bmy w spo\u0142ecze\u0144stwie, gdzie dziecko nie mia\u0142o praw. Ma\u0142o kto si\u0119 liczy\u0142 z jego potrzebami i emocjami. Do dzi\u015b taka postawa pokutuje w szko\u0142ach &#8211; malec musi s\u0142ucha\u0107, siedzie\u0107 cicho i wytrzyma\u0107 w \u0142awce 45 minut. Istnieje spo\u0142eczna norma, \u017ce rodzic\u00f3w trzeba szanowa\u0107. Najlepiej bezwarunkowo, niezale\u017cnie od tego, co robi\u0105. Ta norma jest wci\u0105\u017c mocno zakorzeniona w naszej \u015bwiadomo\u015bci. Wytoczenie takiego procesu to wyst\u0105pienie przeciwko tej normie i dlatego mo\u017cna traktowa\u0107 to jako akt odwagi. To precedens, kt\u00f3ry mo\u017ce zapocz\u0105tkowa\u0107 fal\u0119 podobnych pozw\u00f3w. Niewykluczone s\u0105 r\u00f3wnie\u017c przypadki cynicznego wykorzystania mo\u017cliwo\u015bci prawnych. Jest powiedzenie, \u017ce domy starc\u00f3w to zemsta za \u017c\u0142obki. To, jak si\u0119 ludzie zachowuj\u0105 wobec dzieci, potem si\u0119 na nich odbija. Rodzice my\u015bl\u0105 czasem, \u017ce dzieci zaci\u0105gaj\u0105 u nich d\u0142ug wdzi\u0119czno\u015bci, bo inwestuj\u0105 w nie pieni\u0105dze, zdrowie, marzenia. Tymczasem to doro\u015bli podejmuj\u0105 decyzj\u0119 o przyj\u015bciu dziecka na \u015bwiat i na nich spoczywa obowi\u0105zek jego wychowania. Zdaniem psycholog\u00f3w, przekonanie o tym, \u017ce rodzic\u00f3w nale\u017cy szanowa\u0107 bez wzgl\u0119du na wszystko, obci\u0105\u017ca zar\u00f3wno ma\u0142e, jak i doros\u0142e dzieci. Ka\u017cde z\u0142amanie tej zasady jest \u017ale odbierane przez otoczenie<\/p>\n<p>Czytaj wi\u0119cej: http:\/\/www.gazetawroclawska.pl\/<\/p>\n","protected":false},"excerpt":{"rendered":"<p>29-letni Adam pozwa\u0142 swoich rodzic\u00f3w. Pow\u00f3d? Zmarnowane dzieci\u0144stwo, zaniedbania i choroby. To pierwszy taki proces w Polsce. Adam domaga si\u0119 150 tys. z\u0142 zado\u015b\u0107uczynienia za swoje krzywdy Taka sprawa w Polsce to prawdziwa rzadko\u015b\u0107. Mieszkaj\u0105cy we Wroc\u0142awiu 29-letni Adam pozwa\u0142 swoich rodzic\u00f3w o zniszczone dzieci\u0144stwo. Jak m\u00f3wi, zaniedbywali go, a skutkiem te-go s\u0105 jego problemy [&hellip;]<\/p>\n","protected":false},"author":2,"featured_media":0,"comment_status":"open","ping_status":"open","sticky":false,"template":"","format":"standard","meta":{"footnotes":""},"categories":[8],"tags":[12,13],"class_list":["post-2346","post","type-post","status-publish","format-standard","hentry","category-aktualnosci","tag-odszkodowanie","tag-zadoscuczynienie"],"_links":{"self":[{"href":"https:\/\/www.odszkodowania.info.pl\/index.php?rest_route=\/wp\/v2\/posts\/2346","targetHints":{"allow":["GET"]}}],"collection":[{"href":"https:\/\/www.odszkodowania.info.pl\/index.php?rest_route=\/wp\/v2\/posts"}],"about":[{"href":"https:\/\/www.odszkodowania.info.pl\/index.php?rest_route=\/wp\/v2\/types\/post"}],"author":[{"embeddable":true,"href":"https:\/\/www.odszkodowania.info.pl\/index.php?rest_route=\/wp\/v2\/users\/2"}],"replies":[{"embeddable":true,"href":"https:\/\/www.odszkodowania.info.pl\/index.php?rest_route=%2Fwp%2Fv2%2Fcomments&post=2346"}],"version-history":[{"count":1,"href":"https:\/\/www.odszkodowania.info.pl\/index.php?rest_route=\/wp\/v2\/posts\/2346\/revisions"}],"predecessor-version":[{"id":2347,"href":"https:\/\/www.odszkodowania.info.pl\/index.php?rest_route=\/wp\/v2\/posts\/2346\/revisions\/2347"}],"wp:attachment":[{"href":"https:\/\/www.odszkodowania.info.pl\/index.php?rest_route=%2Fwp%2Fv2%2Fmedia&parent=2346"}],"wp:term":[{"taxonomy":"category","embeddable":true,"href":"https:\/\/www.odszkodowania.info.pl\/index.php?rest_route=%2Fwp%2Fv2%2Fcategories&post=2346"},{"taxonomy":"post_tag","embeddable":true,"href":"https:\/\/www.odszkodowania.info.pl\/index.php?rest_route=%2Fwp%2Fv2%2Ftags&post=2346"}],"curies":[{"name":"wp","href":"https:\/\/api.w.org\/{rel}","templated":true}]}}