{"id":2395,"date":"2014-10-09T09:06:20","date_gmt":"2014-10-09T08:06:20","guid":{"rendered":"http:\/\/www.odszkodowania.info.pl\/?p=2395"},"modified":"2014-10-09T09:06:20","modified_gmt":"2014-10-09T08:06:20","slug":"323-tys-zl-za-zniszczone-zycie-walczyl-o-17-mln","status":"publish","type":"post","link":"https:\/\/www.odszkodowania.info.pl\/?p=2395","title":{"rendered":"323 tys. z\u0142 za zniszczone \u017cycie. Walczy\u0142 o 17 mln"},"content":{"rendered":"<p>Nie 17 mi\u00adlio\u00adn\u00f3w, a 323 ty\u00adsi\u0105\u00adce z\u0142o\u00adtych ma otrzy\u00adma\u0107 Zbi\u00adgniew G\u00f3ra, kt\u00f3ry nie\u00ads\u0142usz\u00adnie zo\u00adsta\u0142 ska\u00adza\u00adny za mor\u00adder\u00adstwo le\u00adkar\u00adki z Lu\u00adbli\u00adna. M\u0119\u017c\u00adczy\u00adzna od\u00adsie\u00addzia\u0142 w wi\u0119\u00adzie\u00adniu w sumie 1044 dni. 30 wrze\u00ad\u015bnia za\u00adpad\u0142 nie\u00adpra\u00adwo\u00admoc\u00adny wyrok w spra\u00adwie za\u00addo\u015b\u0107\u00aduczy\u00adnie\u00adnia, o kt\u00f3re G\u00f3ra wal\u00adczy od 2009 roku.<\/p>\n<p>Zbi\u00adgniew G\u00f3ra zo\u00adsta\u0142 aresz\u00adto\u00adwa\u00adny w 2005 roku. Oskar\u00ad\u017co\u00adny by\u0142 o za\u00adb\u00f3j\u00adstwo Ha\u00adli\u00adny B., 73-let\u00adniej eme\u00adry\u00adto\u00adwa\u00adnej le\u00adkar\u00adki, od kt\u00f3\u00adrej wy\u00adnaj\u00admo\u00adwa\u0142 miesz\u00adka\u00adnie. Ko\u00adbie\u00adt\u0119 zna\u00adle\u00adzio\u00adno w ka\u00admie\u00adni\u00adcy w Lu\u00adbli\u00adnie. Spraw\u00adca bi\u0142 j\u0105 i dusi\u0142, a tak\u017ce ukrad\u0142 bi\u00ad\u017cu\u00adte\u00adri\u0119.<\/p>\n<p>Pro\u00adces w spra\u00adwie mor\u00adder\u00adstwa ru\u00adszy\u0142 w 2006 roku. Zbi\u00adgniew G\u00f3ra nie przy\u00adzna\u00adwa\u0142 si\u0119 do winy, jed\u00adnak S\u0105d Okr\u0119\u00adgo\u00adwy w Lu\u00adbli\u00adnie ska\u00adza\u0142 go na 25 lat po\u00adzba\u00adwie\u00adnia wol\u00adno\u00ad\u015bci. Orze\u00adcze\u00adnie jed\u00adnak zo\u00adsta\u00ad\u0142o uchy\u00adlo\u00adne przez s\u0105d ape\u00adla\u00adcyj\u00adny, a G\u00f3ra w 2009 roku zo\u00adsta\u0142 unie\u00adwin\u00adnio\u00adny.<\/p>\n<p>Od tego czasu m\u0119\u017c\u00adczy\u00adzna wal\u00adczy\u0142 o za\u00addo\u015b\u0107\u00aduczy\u00adnie\u00adnie. Do\u00adma\u00adga\u0142 si\u0119 17 mi\u00adlio\u00adn\u00f3w z\u0142o\u00adtych. Oko\u0142o mi\u00adlio\u00adna za po\u00adnie\u00adsio\u00adne stra\u00adty i oko\u0142o 16 mi\u00adlio\u00adn\u00f3w za\u00addo\u015b\u0107\u00aduczy\u00adnie\u00adnia za krzyw\u00addy, kt\u00f3\u00adrych do\u00adzna\u0142 on i jego ro\u00addzi\u00adna.<\/p>\n<p>\u2013 Stra\u00adci\u00ad\u0142em ro\u00addzi\u00adn\u0119, stra\u00adci\u00ad\u0142em dobre imi\u0119. Dzi\u00adsiaj ju\u017c nie je\u00adstem Zbysz\u00adkiem G\u00f3r\u0105, ku\u00adcha\u00adrzem, czy po pro\u00adstu Zbysz\u00adkiem G\u00f3r\u0105, tylko tym, kt\u00f3ry by\u0142 oskar\u00ad\u017co\u00adny, ska\u00adza\u00adny, mor\u00adder\u00adc\u0105 dla nie\u00adkt\u00f3\u00adrych, kry\u00admi\u00adna\u00adli\u00adst\u0105 \u2013 m\u00f3wi\u0142 w maju tego roku m\u0119\u017c\u00adczy\u00adzna pod\u00adczas roz\u00admo\u00adwy z nasz\u0105 re\u00adpor\u00adter\u00adk\u0105 Mo\u00adni\u00adk\u0105 Saw\u00adk\u0105-\u0141u\u00adcza\u00adkie\u00adwicz.<\/p>\n<p>Wyrok w spra\u00adwie za\u00addo\u015b\u0107\u00aduczy\u00adnie\u00adnia, kt\u00f3ry za\u00adpad\u0142 we wto\u00adrek, nie jest pra\u00adwo\u00admoc\u00adny, a po\u00adszko\u00addo\u00adwa\u00adny ju\u017c za\u00adpo\u00adwie\u00addzia\u0142 ape\u00adla\u00adcj\u0119. \u2013 Oczy\u00adwi\u00ad\u015bcie b\u0119d\u0119 si\u0119 od\u00adwo\u00ad\u0142y\u00adwa\u0142, nie spo\u00addzie\u00adwa\u00ad\u0142em si\u0119 mniej ni\u017c mi\u00adlio\u00adna z\u0142o\u00adtych \u2013 po\u00adwie\u00addzia\u0142 Zbi\u00adgniew G\u00f3ra dzien\u00adni\u00adka\u00adrzom &#8222;Dzien\u00adni\u00adka Wschod\u00adnie\u00adgo&#8221;.<\/p>\n","protected":false},"excerpt":{"rendered":"<p>Nie 17 mi\u00adlio\u00adn\u00f3w, a 323 ty\u00adsi\u0105\u00adce z\u0142o\u00adtych ma otrzy\u00adma\u0107 Zbi\u00adgniew G\u00f3ra, kt\u00f3ry nie\u00ads\u0142usz\u00adnie zo\u00adsta\u0142 ska\u00adza\u00adny za mor\u00adder\u00adstwo le\u00adkar\u00adki z Lu\u00adbli\u00adna. M\u0119\u017c\u00adczy\u00adzna od\u00adsie\u00addzia\u0142 w wi\u0119\u00adzie\u00adniu w sumie 1044 dni. 30 wrze\u00ad\u015bnia za\u00adpad\u0142 nie\u00adpra\u00adwo\u00admoc\u00adny wyrok w spra\u00adwie za\u00addo\u015b\u0107\u00aduczy\u00adnie\u00adnia, o kt\u00f3re G\u00f3ra wal\u00adczy od 2009 roku. Zbi\u00adgniew G\u00f3ra zo\u00adsta\u0142 aresz\u00adto\u00adwa\u00adny w 2005 roku. Oskar\u00ad\u017co\u00adny by\u0142 o za\u00adb\u00f3j\u00adstwo Ha\u00adli\u00adny [&hellip;]<\/p>\n","protected":false},"author":2,"featured_media":0,"comment_status":"open","ping_status":"open","sticky":false,"template":"","format":"standard","meta":{"footnotes":""},"categories":[8],"tags":[12,13],"class_list":["post-2395","post","type-post","status-publish","format-standard","hentry","category-aktualnosci","tag-odszkodowanie","tag-zadoscuczynienie"],"_links":{"self":[{"href":"https:\/\/www.odszkodowania.info.pl\/index.php?rest_route=\/wp\/v2\/posts\/2395","targetHints":{"allow":["GET"]}}],"collection":[{"href":"https:\/\/www.odszkodowania.info.pl\/index.php?rest_route=\/wp\/v2\/posts"}],"about":[{"href":"https:\/\/www.odszkodowania.info.pl\/index.php?rest_route=\/wp\/v2\/types\/post"}],"author":[{"embeddable":true,"href":"https:\/\/www.odszkodowania.info.pl\/index.php?rest_route=\/wp\/v2\/users\/2"}],"replies":[{"embeddable":true,"href":"https:\/\/www.odszkodowania.info.pl\/index.php?rest_route=%2Fwp%2Fv2%2Fcomments&post=2395"}],"version-history":[{"count":1,"href":"https:\/\/www.odszkodowania.info.pl\/index.php?rest_route=\/wp\/v2\/posts\/2395\/revisions"}],"predecessor-version":[{"id":2396,"href":"https:\/\/www.odszkodowania.info.pl\/index.php?rest_route=\/wp\/v2\/posts\/2395\/revisions\/2396"}],"wp:attachment":[{"href":"https:\/\/www.odszkodowania.info.pl\/index.php?rest_route=%2Fwp%2Fv2%2Fmedia&parent=2395"}],"wp:term":[{"taxonomy":"category","embeddable":true,"href":"https:\/\/www.odszkodowania.info.pl\/index.php?rest_route=%2Fwp%2Fv2%2Fcategories&post=2395"},{"taxonomy":"post_tag","embeddable":true,"href":"https:\/\/www.odszkodowania.info.pl\/index.php?rest_route=%2Fwp%2Fv2%2Ftags&post=2395"}],"curies":[{"name":"wp","href":"https:\/\/api.w.org\/{rel}","templated":true}]}}