{"id":2436,"date":"2014-12-24T14:18:06","date_gmt":"2014-12-24T13:18:06","guid":{"rendered":"http:\/\/www.odszkodowania.info.pl\/?p=2436"},"modified":"2014-12-24T14:18:06","modified_gmt":"2014-12-24T13:18:06","slug":"sad-odmowil-odszkodowania-opozycjoniscie-z-prl-sekielski-wstyd-dla-panstwa-polskiego-a-ubecy-sie-ciesza","status":"publish","type":"post","link":"https:\/\/www.odszkodowania.info.pl\/?p=2436","title":{"rendered":"S\u0105d odm\u00f3wi\u0142 odszkodowania opozycjoni\u015bcie z PRL. Sekielski: Wstyd dla pa\u0144stwa polskiego. A ubecy si\u0119 ciesz\u0105"},"content":{"rendered":"<p>Andrzej Micha\u0142owski, jeden z najaktywniejszych opozycjonist\u00f3w w PRL, nie dosta\u0142 odszkodowania za ukrywanie si\u0119 przed wi\u0119zieniem &#8211; donosi &#8222;Gazeta Wyborcza&#8221;. Wed\u0142ug s\u0105du robi\u0142 to &#8222;z w\u0142asnej woli&#8221;. &#8211; To jeden z wi\u0119kszych wstyd\u00f3w dla pa\u0144stwa polskiego &#8211; stwierdzi\u0142 w Poranku Radia TOK FM Tomasz Sekielski. Andrzej Micha\u0142owski by\u0142 jednym z najaktywniejszych opozycjonist\u00f3w w PRL, bliskim wsp\u00f3\u0142pracownikiem Bogdana Borusewicza. W wi\u0119zieniach przesiedzia\u0142 p\u00f3\u0142tora roku, cztery lata si\u0119 ukrywa\u0142, uniemo\u017cliwiono mu powr\u00f3t do pracy w stoczni. Straci\u0142 zarekwirowane oszcz\u0119dno\u015bci, w ko\u0144cu lat 80. nie pozwolono mu do\u0142\u0105czy\u0107 do rodziny w Norwegii. Syn pope\u0142ni\u0142 samob\u00f3jstwo, ma\u0142\u017ce\u0144stwo si\u0119 rozpad\u0142o. S\u0105d odm\u00f3wi\u0142 Micha\u0142owskiemu odszkodowania za okres ukrywania si\u0119, bo robi\u0142 to &#8222;z w\u0142asnej woli&#8221; &#8211; pisze &#8222;Gazeta Wyborcza&#8221;.<\/p>\n<p><strong>&#8222;A ubecy maj\u0105 emerytury&#8221;<\/strong><\/p>\n<p>&#8211; Jakbym dosta\u0142 w twarz &#8211; m\u00f3wi &#8222;Gazecie Wyborczej&#8221; Micha\u0142owski. &#8211; Zosta\u0142em potraktowany jak polityczny awanturnik &#8211; dodaje. Dopiero s\u0105d apelacyjny stwierdzi\u0142, \u017ce by\u0142emu opozycjoni\u015bcie odszkodowanie si\u0119 nale\u017cy.<\/p>\n<p>Tomasz Sekielski zwr\u00f3ci\u0142 uwag\u0119 w Poranku Radia TOK FM, \u017ce &#8211; cho\u0107 min\u0119\u0142o ju\u017c 25 lat &#8211; wiele podobnych spraw, dotycz\u0105cych rekompensat dla walcz\u0105cych o woln\u0105 Polsk\u0119, nie zosta\u0142o ujawnionych. &#8211; To jeden z wi\u0119kszych wstyd\u00f3w dla pa\u0144stwa polskiego, kt\u00f3re nie potrafi uhonorowa\u0107 tych, kt\u00f3rzy walczyli o to, \u017ceby 13 grudnia mo\u017cna by\u0142o wyj\u015b\u0107 na ulice i m\u00f3wi\u0107, co si\u0119 chce &#8211; m\u00f3wi\u0142 publicysta. &#8211; A esbecy i ubecy maj\u0105 wysokie, generalskie emerytury. I si\u0119 z tego ciesz\u0105 &#8211; doda\u0142. <\/p>\n<p>tok.fm<\/p>\n","protected":false},"excerpt":{"rendered":"<p>Andrzej Micha\u0142owski, jeden z najaktywniejszych opozycjonist\u00f3w w PRL, nie dosta\u0142 odszkodowania za ukrywanie si\u0119 przed wi\u0119zieniem &#8211; donosi &#8222;Gazeta Wyborcza&#8221;. Wed\u0142ug s\u0105du robi\u0142 to &#8222;z w\u0142asnej woli&#8221;. &#8211; To jeden z wi\u0119kszych wstyd\u00f3w dla pa\u0144stwa polskiego &#8211; stwierdzi\u0142 w Poranku Radia TOK FM Tomasz Sekielski. Andrzej Micha\u0142owski by\u0142 jednym z najaktywniejszych opozycjonist\u00f3w w PRL, bliskim [&hellip;]<\/p>\n","protected":false},"author":2,"featured_media":0,"comment_status":"open","ping_status":"open","sticky":false,"template":"","format":"standard","meta":{"footnotes":""},"categories":[8],"tags":[12,13],"class_list":["post-2436","post","type-post","status-publish","format-standard","hentry","category-aktualnosci","tag-odszkodowanie","tag-zadoscuczynienie"],"_links":{"self":[{"href":"https:\/\/www.odszkodowania.info.pl\/index.php?rest_route=\/wp\/v2\/posts\/2436","targetHints":{"allow":["GET"]}}],"collection":[{"href":"https:\/\/www.odszkodowania.info.pl\/index.php?rest_route=\/wp\/v2\/posts"}],"about":[{"href":"https:\/\/www.odszkodowania.info.pl\/index.php?rest_route=\/wp\/v2\/types\/post"}],"author":[{"embeddable":true,"href":"https:\/\/www.odszkodowania.info.pl\/index.php?rest_route=\/wp\/v2\/users\/2"}],"replies":[{"embeddable":true,"href":"https:\/\/www.odszkodowania.info.pl\/index.php?rest_route=%2Fwp%2Fv2%2Fcomments&post=2436"}],"version-history":[{"count":1,"href":"https:\/\/www.odszkodowania.info.pl\/index.php?rest_route=\/wp\/v2\/posts\/2436\/revisions"}],"predecessor-version":[{"id":2437,"href":"https:\/\/www.odszkodowania.info.pl\/index.php?rest_route=\/wp\/v2\/posts\/2436\/revisions\/2437"}],"wp:attachment":[{"href":"https:\/\/www.odszkodowania.info.pl\/index.php?rest_route=%2Fwp%2Fv2%2Fmedia&parent=2436"}],"wp:term":[{"taxonomy":"category","embeddable":true,"href":"https:\/\/www.odszkodowania.info.pl\/index.php?rest_route=%2Fwp%2Fv2%2Fcategories&post=2436"},{"taxonomy":"post_tag","embeddable":true,"href":"https:\/\/www.odszkodowania.info.pl\/index.php?rest_route=%2Fwp%2Fv2%2Ftags&post=2436"}],"curies":[{"name":"wp","href":"https:\/\/api.w.org\/{rel}","templated":true}]}}