{"id":2440,"date":"2015-01-25T20:45:52","date_gmt":"2015-01-25T19:45:52","guid":{"rendered":"http:\/\/www.odszkodowania.info.pl\/?p=2440"},"modified":"2015-01-25T20:45:52","modified_gmt":"2015-01-25T19:45:52","slug":"fakt-placi-gminie-100-tys-zl-za-rzekome-szkolne-orgie","status":"publish","type":"post","link":"https:\/\/www.odszkodowania.info.pl\/?p=2440","title":{"rendered":"\u201eFakt\u201d p\u0142aci gminie 100 tys. z\u0142 za rzekome szkolne orgie"},"content":{"rendered":"<p>Tabloid musi zap\u0142aci\u0107 za pom\u00f3wienie o skandaliczne zachowanie uczennic. Nierzetelny artyku\u0142 naruszy\u0142 dobra osobiste gminy Ostr\u00f3da i gimnazjum \u2013 tak uzna\u0142 S\u0105d Najwy\u017cszy.<\/p>\n<p>Gmina domaga\u0142a si\u0119 odszkodowania za publikacj\u0119 sensacyjnego tekstu w sobotnio-niedzielnym wydania \u201eFaktu&#8221; z maja 2010 r. \u201eOrgia w gimnazjum&#8221;. Napisano w nim m.in: \u201eOhyda! Nastolatki z Ostr\u00f3dy uprawia\u0142y grupowy seks w szkole. Orgia w gimnazjum. 5 uczennic w ci\u0105\u017cy!&#8221;.<\/p>\n<p>Tekst uruchomi\u0142 lawin\u0119 plotek, jakoby ci\u0105\u017ce by\u0142y skutkiem orgii seksualnych. Z kolei \u201eSuper Express&#8221;, konkurent \u201eFaktu&#8221;, pisa\u0142, \u017ce prawd\u0105 w tej sensacji jest tylko to, \u017ce pi\u0119\u0107 dziewczyn z Gimnazjum nr 2 zasz\u0142o w ci\u0105\u017c\u0119. To by\u0142 jedyny fakt. Cho\u0107 rzeczywi\u015bcie, wcze\u015bniej nie by\u0142o w tym gimnazjum a\u017c takiego wysypu ci\u0105\u017c w ci\u0105gu kilku miesi\u0119cy.<\/p>\n<p>Uczennice mia\u0142y uko\u0144czone 15 lat, nie by\u0142o wi\u0119c \u015bledztwa o obcowanie p\u0142ciowe z ma\u0142oletnim. S\u0105d ustali\u0142, \u017ce w ci\u0105\u017c\u0119 zasz\u0142y w wyniku kontakt\u00f3w seksualnych ze swoimi ch\u0142opcami, przewa\u017cnie w domach rodzic\u00f3w.<\/p>\n<p>Wi\u0119cej dowod\u00f3w tabloid nie mia\u0142, mimo \u017ce Tomasz Nowoci\u0144ski, autor artyku\u0142u, rozmawia\u0142 z kilkoma osobami z Ostr\u00f3dy, w tym z dyrektork\u0105 szko\u0142y. Ta zaprzeczy\u0142a, by uczennice zasz\u0142y w ci\u0105\u017c\u0119 podczas orgii i odm\u00f3wi\u0142a autoryzacji swej wypowiedzi. Jej sprostowania tabloid nie wydrukowa\u0142. Sprawa by\u0142a g\u0142o\u015bna na ca\u0142\u0105 Polsk\u0119, a po ukazaniu si\u0119 artyku\u0142u cz\u0119\u015b\u0107 rodzic\u00f3w wycofa\u0142a podania o przyj\u0119cie dzieci do gimnazjum.<\/p>\n<p>S\u0105d Okr\u0119gowy, a nast\u0119pnie S\u0105d Apelacyjny w Warszawie, nakaza\u0142y autorowi tekstu, \u00f3wczesnemu naczelnemu Grzegorzowi Jankowskiemu oraz wydawcy \u2013 sp\u00f3\u0142ce Ringier Axel Springer Polska \u2013 przeproszenie Gminy Miejskiej Ostr\u00f3da za podanie nieprawdziwych informacji dotycz\u0105cych rzekomych niew\u0142a\u015bciwych zachowa\u0144 uczni\u00f3w gimnazjum, w tym na terenie szko\u0142y, i braku odpowiedniej reakcji dyrektorki i pedagog\u00f3w. Zas\u0105dzi\u0142y zap\u0142at\u0119 (solidarnie) zado\u015b\u0107uczynienia. Z tym \u017ce SO za w\u0142a\u015bciwe uzna\u0142 200 tys. z\u0142, a SA \u2013 100 tys. z\u0142.<\/p>\n<p>Pe\u0142nomocnik \u201eFaktu&#8221;, adwokat Tobiasz Szychowski, przekonywa\u0142 SN, \u017ce nie mog\u0142o doj\u015b\u0107 do pom\u00f3wienia gimnazjum, bytu o szczeg\u00f3lnym statusie, finansowanym przez gmin\u0119, nadzorowanym przez kuratorium, a trudno t\u0119 szkod\u0119 przenie\u015b\u0107 na gmin\u0119. Co si\u0119 tyczy redaktora naczelnego, to nie mia\u0142 on nic wsp\u00f3lnego z publikacj\u0105, bo za proces redakcyjny odpowiada\u0142 redaktor prowadz\u0105cy.<\/p>\n<p>Nie przekona\u0142 SN. \u2013 Z prawa prasowego (art. 25 ust. 4) wynika, \u017ce redaktor naczelny odpowiada za tre\u015b\u0107 przygotowywanych materia\u0142\u00f3w. By obali\u0107 to domniemanie, musia\u0142by wykaza\u0107, \u017ce na czas publikacji w redakcji dosz\u0142o do jakiego\u015b buntu dziennikarzy \u2013 nie kryli ironii s\u0119dziowie SN. \u2013 Co si\u0119 tyczy poszkodowanego, to jest jasne, \u017ce powodem jest gmina, kt\u00f3ra szko\u0142\u0119 prowadzi. Nie ma za\u015b w\u0105tpliwo\u015bci, \u017ce publikacja drastycznie naruszy\u0142a dobra osobiste gminy i gimnazjum \u2013 zako\u0144czy\u0142 s\u0119dzia Krzysztof Pietrzykowski.\u2014\ufeffMarek Domagalski<\/p>\n<p>rp.pl<\/p>\n","protected":false},"excerpt":{"rendered":"<p>Tabloid musi zap\u0142aci\u0107 za pom\u00f3wienie o skandaliczne zachowanie uczennic. Nierzetelny artyku\u0142 naruszy\u0142 dobra osobiste gminy Ostr\u00f3da i gimnazjum \u2013 tak uzna\u0142 S\u0105d Najwy\u017cszy. Gmina domaga\u0142a si\u0119 odszkodowania za publikacj\u0119 sensacyjnego tekstu w sobotnio-niedzielnym wydania \u201eFaktu&#8221; z maja 2010 r. \u201eOrgia w gimnazjum&#8221;. Napisano w nim m.in: \u201eOhyda! Nastolatki z Ostr\u00f3dy uprawia\u0142y grupowy seks w szkole. [&hellip;]<\/p>\n","protected":false},"author":2,"featured_media":0,"comment_status":"open","ping_status":"open","sticky":false,"template":"","format":"standard","meta":{"footnotes":""},"categories":[8],"tags":[12,13],"class_list":["post-2440","post","type-post","status-publish","format-standard","hentry","category-aktualnosci","tag-odszkodowanie","tag-zadoscuczynienie"],"_links":{"self":[{"href":"https:\/\/www.odszkodowania.info.pl\/index.php?rest_route=\/wp\/v2\/posts\/2440","targetHints":{"allow":["GET"]}}],"collection":[{"href":"https:\/\/www.odszkodowania.info.pl\/index.php?rest_route=\/wp\/v2\/posts"}],"about":[{"href":"https:\/\/www.odszkodowania.info.pl\/index.php?rest_route=\/wp\/v2\/types\/post"}],"author":[{"embeddable":true,"href":"https:\/\/www.odszkodowania.info.pl\/index.php?rest_route=\/wp\/v2\/users\/2"}],"replies":[{"embeddable":true,"href":"https:\/\/www.odszkodowania.info.pl\/index.php?rest_route=%2Fwp%2Fv2%2Fcomments&post=2440"}],"version-history":[{"count":1,"href":"https:\/\/www.odszkodowania.info.pl\/index.php?rest_route=\/wp\/v2\/posts\/2440\/revisions"}],"predecessor-version":[{"id":2441,"href":"https:\/\/www.odszkodowania.info.pl\/index.php?rest_route=\/wp\/v2\/posts\/2440\/revisions\/2441"}],"wp:attachment":[{"href":"https:\/\/www.odszkodowania.info.pl\/index.php?rest_route=%2Fwp%2Fv2%2Fmedia&parent=2440"}],"wp:term":[{"taxonomy":"category","embeddable":true,"href":"https:\/\/www.odszkodowania.info.pl\/index.php?rest_route=%2Fwp%2Fv2%2Fcategories&post=2440"},{"taxonomy":"post_tag","embeddable":true,"href":"https:\/\/www.odszkodowania.info.pl\/index.php?rest_route=%2Fwp%2Fv2%2Ftags&post=2440"}],"curies":[{"name":"wp","href":"https:\/\/api.w.org\/{rel}","templated":true}]}}