{"id":2449,"date":"2015-02-05T11:07:04","date_gmt":"2015-02-05T10:07:04","guid":{"rendered":"http:\/\/www.odszkodowania.info.pl\/?p=2449"},"modified":"2015-02-05T11:07:04","modified_gmt":"2015-02-05T10:07:04","slug":"oficer-kieleckiej-policji-zatrzymany-nowe-fakty-zobacz-jak-wyciekaly-informacje-o-rannych-i-wypadkach","status":"publish","type":"post","link":"https:\/\/www.odszkodowania.info.pl\/?p=2449","title":{"rendered":"Oficer kieleckiej policji zatrzymany! &#8211; nowe fakty. Zobacz jak wycieka\u0142y informacje o rannych i wypadkach"},"content":{"rendered":"<p>Oficer z d\u0142ugim sta\u017cem z Komendy Miejskiej Policji w Kielcach zosta\u0142 w poniedzia\u0142ek zatrzymany przez Biuro Spraw Wewn\u0119trznych Komendy G\u0142\u00f3wnej Policji, czyli tak zwan\u0105 policj\u0119 w policji.<\/p>\n<p>Jak si\u0119 nieoficjalnie dowiedzieli\u015bmy, jest podejrzewany o nielegalne pozyskiwanie danych osobowych uczestnik\u00f3w wypadk\u00f3w drogowych z baz danych policji i przekazywanie ich przedstawicielom firm ubezpieczeniowych. Mia\u0142 z tego czerpa\u0144 korzy\u015bci.<\/p>\n<p>Zatrzymany to oficer kieleckiej policji z 29-letnim sta\u017cem, pracuj\u0105cy w wydziale chroni\u0105cym niejawne informacje, podejrzany o przekazywanie danych o wypadkach kobiecie zajmuj\u0105cej si\u0119 odszkodowaniami. Obojgu grozi do 10 lat wi\u0119zienia.<\/p>\n<p>O tej sprawie informowali\u015bmy w \u015brod\u0119 rano jako pierwsze. W poniedzia\u0142ek funkcjonariusze Biura Spraw Wewn\u0119trznych zatrzymali 49-letniego funkcjonariusza Wydzia\u0142u Kontroli i Ochrony Informacji Niejawnych Komendy Miejskiej Policji w Kielcach.<\/p>\n<p>&#8211; M\u0119\u017cczyzna us\u0142ysza\u0142 zarzut przekroczenia uprawnie\u0144 w celu osi\u0105gni\u0119cia korzy\u015bci maj\u0105tkowych poprzez nieuprawnione przetwarzanie danych osobowych dotycz\u0105cych stanu zdrowia os\u00f3b, danych o wypadkach drogowych i przekazywanie ich osobie nieuprawnionej w celu wykorzystania w post\u0119powaniach odszkodowawczych oraz uczynienie sobie z tego sta\u0142ego \u017ar\u00f3d\u0142a dochodu &#8211; opowiada Daniel Prokopowicz, rzecznik Prokuratury Okr\u0119gowej w Kielcach.<\/p>\n<p>Wed\u0142ug \u015bledczych proceder trwa\u0142 od 2009 roku, a policjant zarobi\u0142 co najmniej 36 tysi\u0119cy z\u0142otych. Ustalenia trwaj\u0105 i kwota mo\u017ce by\u0107 wy\u017csza.<\/p>\n<p>Zatrzymano te\u017c 53-latk\u0119 podejrzan\u0105 o pod\u017ceganie policjanta do przekroczenia uprawnie\u0144 i wr\u0119czanie korzy\u015bci, by go do tego sk\u0142oni\u0107. Wed\u0142ug ustale\u0144 prokuratury, kobieta wykorzystywa\u0142a dane w post\u0119powaniach odszkodowawczych.<\/p>\n<p>&#8211; Obie osoby przyzna\u0142y si\u0119 do zarzucanych im czyn\u00f3w i z\u0142o\u017cy\u0142y wyja\u015bnienia, kt\u00f3re w wi\u0119kszo\u015bci s\u0105 zgodne z ustaleniami \u015bledztwa. Prokurator zastosowa\u0142 wobec nich dozory, por\u0119czenia maj\u0105tkowe i zakazy opuszczania kraju &#8211; m\u00f3wi prokurator Prokopowicz. Policjant ma wp\u0142aci\u0107 60 tysi\u0119cy por\u0119czenia, kobieta 50 tysi\u0119cy. Na poczet przysz\u0142ych kar \u015bledczy zabezpieczyli mienie warte \u0142\u0105cznie 60 tysi\u0119cy z\u0142otych.<\/p>\n<p>echodnia.eu<\/p>\n","protected":false},"excerpt":{"rendered":"<p>Oficer z d\u0142ugim sta\u017cem z Komendy Miejskiej Policji w Kielcach zosta\u0142 w poniedzia\u0142ek zatrzymany przez Biuro Spraw Wewn\u0119trznych Komendy G\u0142\u00f3wnej Policji, czyli tak zwan\u0105 policj\u0119 w policji. Jak si\u0119 nieoficjalnie dowiedzieli\u015bmy, jest podejrzewany o nielegalne pozyskiwanie danych osobowych uczestnik\u00f3w wypadk\u00f3w drogowych z baz danych policji i przekazywanie ich przedstawicielom firm ubezpieczeniowych. Mia\u0142 z tego czerpa\u0144 [&hellip;]<\/p>\n","protected":false},"author":2,"featured_media":0,"comment_status":"open","ping_status":"open","sticky":false,"template":"","format":"standard","meta":{"footnotes":""},"categories":[45],"tags":[12,13],"class_list":["post-2449","post","type-post","status-publish","format-standard","hentry","category-artykul-glowny","tag-odszkodowanie","tag-zadoscuczynienie"],"_links":{"self":[{"href":"https:\/\/www.odszkodowania.info.pl\/index.php?rest_route=\/wp\/v2\/posts\/2449","targetHints":{"allow":["GET"]}}],"collection":[{"href":"https:\/\/www.odszkodowania.info.pl\/index.php?rest_route=\/wp\/v2\/posts"}],"about":[{"href":"https:\/\/www.odszkodowania.info.pl\/index.php?rest_route=\/wp\/v2\/types\/post"}],"author":[{"embeddable":true,"href":"https:\/\/www.odszkodowania.info.pl\/index.php?rest_route=\/wp\/v2\/users\/2"}],"replies":[{"embeddable":true,"href":"https:\/\/www.odszkodowania.info.pl\/index.php?rest_route=%2Fwp%2Fv2%2Fcomments&post=2449"}],"version-history":[{"count":1,"href":"https:\/\/www.odszkodowania.info.pl\/index.php?rest_route=\/wp\/v2\/posts\/2449\/revisions"}],"predecessor-version":[{"id":2450,"href":"https:\/\/www.odszkodowania.info.pl\/index.php?rest_route=\/wp\/v2\/posts\/2449\/revisions\/2450"}],"wp:attachment":[{"href":"https:\/\/www.odszkodowania.info.pl\/index.php?rest_route=%2Fwp%2Fv2%2Fmedia&parent=2449"}],"wp:term":[{"taxonomy":"category","embeddable":true,"href":"https:\/\/www.odszkodowania.info.pl\/index.php?rest_route=%2Fwp%2Fv2%2Fcategories&post=2449"},{"taxonomy":"post_tag","embeddable":true,"href":"https:\/\/www.odszkodowania.info.pl\/index.php?rest_route=%2Fwp%2Fv2%2Ftags&post=2449"}],"curies":[{"name":"wp","href":"https:\/\/api.w.org\/{rel}","templated":true}]}}