{"id":2455,"date":"2015-02-18T08:23:39","date_gmt":"2015-02-18T07:23:39","guid":{"rendered":"http:\/\/www.odszkodowania.info.pl\/?p=2455"},"modified":"2015-02-18T08:23:39","modified_gmt":"2015-02-18T07:23:39","slug":"polski-dzihadysta-bezprawnie-zatrzymany-przez-abw-panstwo-zaplaci-90-tys-zl-zadoscuczynienia","status":"publish","type":"post","link":"https:\/\/www.odszkodowania.info.pl\/?p=2455","title":{"rendered":"&#8217;Polski d\u017cihadysta&#8217; bezprawnie zatrzymany przez ABW. Pa\u0144stwo zap\u0142aci 90 tys. z\u0142 zado\u015b\u0107uczynienia"},"content":{"rendered":"<p>Artur \u0141., zatrzymany w 2012 r. przez ABW jako rzekomy &#8222;polski d\u017cihadysta&#8221;, dostanie od skarbu pa\u0144stwa 90 tys. z\u0142 zado\u015b\u0107uczynienia za dziewi\u0119\u0107 miesi\u0119cy nies\u0142usznego aresztu &#8211; orzek\u0142 s\u0105d. \u015aledztwo umorzono ze wzgl\u0119du na niepoczytalno\u015b\u0107 \u0141. S\u0105d Okr\u0119gowy w Warszawie uwzgl\u0119dni\u0142 cz\u0119\u015bciowo wniosek \u0141. o odszkodowanie i zado\u015b\u0107uczynienie od skarbu pa\u0144stwa za bezpodstawny i nies\u0142uszny areszt. \u017b\u0105da\u0142 on w sumie 300 tys. z\u0142 &#8211; s\u0105d przyzna\u0142 mu 90 tys. z\u0142 zado\u015b\u0107uczynienia oraz 162 z\u0142 odszkodowania (to koszt lek\u00f3w dla \u0141). \u015aledztwo przeciw m\u0119\u017cczy\u017anie umorzono wobec jego niepoczytalno\u015bci &#8211; cierpi na zaburzenia psychiczne. ABW mia\u0142a o tym wiedzie\u0107, zanim go zatrzyma\u0142a.<\/p>\n<p>\u0141. trafi\u0142 do aresztu po zatrzymaniu przez ABW w czerwcu 2012 r. Prokuratura Okr\u0119gowa w Warszawie zarzuci\u0142a mu wtedy doradzanie w internecie, jak konstruowa\u0107 bomby, oraz pochwalanie zamach\u00f3w na USA z 2001 r. Wed\u0142ug \u00f3wczesnych informacji ABW m\u0119\u017cczyzna planowa\u0142 zorganizowa\u0107 &#8222;grup\u0119 d\u017cihadystyczn\u0105&#8221; w Polsce.<\/p>\n<p><strong>Choroba psychiczna uniemo\u017cliwia rozpoznanie<\/strong><\/p>\n<p>Zarzuty (za kt\u00f3re grozi\u0142o do 5 lat wi\u0119zienia) opiera\u0142y si\u0119 na umieszczonych w sieci filmikach, na kt\u00f3rych \u0141., skrywaj\u0105cy twarz za chust\u0105, m.in. \u015bpiewa\u0142 piosenki wys\u0142awiaj\u0105ce Osam\u0119 ben Ladena. Jako &#8222;Ahmed Yassin 23&#8221; obchodzi\u0142 te\u017c rocznic\u0119 &#8222;b\u0142ogos\u0142awionego ataku z 11 wrze\u015bnia&#8221;.<\/p>\n<p>Po obserwacji \u0141. w zak\u0142adzie biegli uznali, \u017ce cierpi on &#8222;na chorob\u0119 psychiczn\u0105, kt\u00f3ra uniemo\u017cliwi\u0142a mu rozpoznanie znaczenia jego czynu lub pokierowania post\u0119powaniem&#8221;. Po wys\u0142uchaniu psychiatr\u00f3w, w marcu 2013 r. SO uchyli\u0142 areszt wobec \u0141. P\u00f3\u017aniej SO oddali\u0142 wniosek prokuratury, kt\u00f3ra chcia\u0142a, by s\u0105d umie\u015bci\u0142 \u0141. w zak\u0142adzie, bo jego pobyt na wolno\u015bci &#8222;m\u00f3g\u0142 oznacza\u0107, \u017ce zn\u00f3w pope\u0142ni przest\u0119pstwo&#8221;. W ko\u0144cu prokuratura umorzy\u0142a \u015bledztwo.<\/p>\n<p><strong>\u0141. przebywa\u0142 w celi z czterokrotnym zab\u00f3jc\u0105<\/strong><\/p>\n<p>&#8211; Ta sprawa pokazuje, jak \u0142atwo jest pod has\u0142em walki z terroryzmem nadu\u017cywa\u0107 si\u0142y pa\u0144stwa wobec jednostki &#8211; m\u00f3wi\u0142 w 2013 r. pe\u0142nomocnik \u0141., mec. Miko\u0142aj Pietrzak. Zdaniem rodzic\u00f3w i brata \u0141. ABW chcia\u0142a &#8222;wykaza\u0107 si\u0119 czujno\u015bci\u0105&#8221;. Wed\u0142ug &#8222;Gazety Wyborczej&#8221; chodzi\u0142o o &#8222;profilaktyczn\u0105 akcj\u0119&#8221; przed Euro 2012. &#8222;GW&#8221; pisa\u0142a, \u017ce jeszcze przed zatrzymaniem \u0141. ABW wiedzia\u0142a, \u017ce to bezrobotny 22-latek, kt\u00f3ry ma k\u0142opoty z adaptacj\u0105 w spo\u0142ecze\u0144stwie i jest pacjentem poradni zdrowia psychicznego. We wniosku o odszkodowanie napisano, \u017ce areszt \u0141. &#8222;nasili\u0142 objawy chorobowe&#8221;. W celi na Rakowieckiej siedzia\u0142 on m.in. z czterokrotnym zab\u00f3jc\u0105, a personel nazywa\u0142 go &#8222;terroryst\u0105&#8221;.<\/p>\n<p><strong>&#8222;Aresztowanie by\u0142o zdarzeniem traumatycznym&#8221;<\/strong><\/p>\n<p>B\u0119d\u0105ca stron\u0105 procesu Prokuratura Okr\u0119gowa w Warszawie uzna\u0142a, \u017ce \u0141. nale\u017cy si\u0119 zado\u015b\u0107uczynienie, ale tylko 40 tys. z\u0142. W uzasadnieniu wyroku s\u0119dzia Leszek Parzyszek m\u00f3wi\u0142, \u017ce 90 tys. z\u0142 to kwota &#8222;sprawiedliwa i adekwatna do sytuacji&#8221;. Doda\u0142, \u017ce s\u0105d da\u0142 wiar\u0119 \u0141., co by\u0142o &#8222;\u017ar\u00f3d\u0142em jego udr\u0119ki&#8221;. &#8211; Dla takiej osoby jak pan \u0141. i przy trybie \u017cycia, jaki wi\u00f3d\u0142, aresztowanie by\u0142o zdarzeniem traumatycznym ponad miar\u0119 zdrowego cz\u0142owieka &#8211; o\u015bwiadczy\u0142 s\u0119dzia Parzyszek.<\/p>\n<p>Dlatego s\u0105d uzna\u0142, \u017ce nale\u017cy mu si\u0119 10 tys. z\u0142 zado\u015b\u0107uczynienia za ka\u017cdy miesi\u0105c aresztu. S\u0119dzia podkre\u015bli\u0142, \u017ce to wi\u0119cej, ni\u017c s\u0105d standardowo przyznaje za nies\u0142uszny areszt, ale ta sprawa by\u0142a &#8222;nietypowa&#8221;.<\/p>\n<p>300 tys. z\u0142 s\u0105d uzna\u0142 za kwot\u0119 nadmiern\u0105, kt\u00f3ra nie oznacza\u0142aby zado\u015b\u0107uczynienia, ale &#8222;\u017ar\u00f3d\u0142o korzy\u015bci&#8221;. &#8211; Cierpienie jest trudne do zwa\u017cenia, ale nale\u017cy bra\u0107 pod uwag\u0119 \u015bredni\u0105 sytuacj\u0119 materialn\u0105 spo\u0142ecze\u0144stwa &#8211; podkre\u015bli\u0142 s\u0119dzia.<\/p>\n<p><strong>Prokuratura nie b\u0119dzie si\u0119 odwo\u0142ywa\u0107<\/strong><\/p>\n<p>Wyrok SO jest nieprawomocny. Pe\u0142nomocnik \u0141. mec. Kacper Florysiak powiedzia\u0142, \u017ce s\u0105dzi, i\u017c b\u0119dzie z\u0142o\u017cona apelacja. Doda\u0142, \u017ce w ustnym uzasadnieniu zabrak\u0142o mu ustosunkowania si\u0119 s\u0105du do publicznego charakteru sprawy \u0141. &#8211; A jego leczenie podj\u0119to w areszcie z du\u017cym op\u00f3\u017anieniem &#8211; podkre\u015bli\u0142.<\/p>\n<p>Prokuratorka obecna na wyroku zapowiedzia\u0142a, \u017ce nie b\u0119dzie si\u0119 odwo\u0142ywa\u0107, bo s\u0105d &#8222;skorzysta\u0142 z marginesu swobody&#8221;. Adwokaci w imieniu \u0141. z\u0142o\u017cyli te\u017c skarg\u0119 na Polsk\u0119 do Europejskiego Trybuna\u0142u Praw Cz\u0142owieka w Strasburgu.<\/p>\n<p>gazeta.pl<\/p>\n","protected":false},"excerpt":{"rendered":"<p>Artur \u0141., zatrzymany w 2012 r. przez ABW jako rzekomy &#8222;polski d\u017cihadysta&#8221;, dostanie od skarbu pa\u0144stwa 90 tys. z\u0142 zado\u015b\u0107uczynienia za dziewi\u0119\u0107 miesi\u0119cy nies\u0142usznego aresztu &#8211; orzek\u0142 s\u0105d. \u015aledztwo umorzono ze wzgl\u0119du na niepoczytalno\u015b\u0107 \u0141. S\u0105d Okr\u0119gowy w Warszawie uwzgl\u0119dni\u0142 cz\u0119\u015bciowo wniosek \u0141. o odszkodowanie i zado\u015b\u0107uczynienie od skarbu pa\u0144stwa za bezpodstawny i nies\u0142uszny areszt. [&hellip;]<\/p>\n","protected":false},"author":2,"featured_media":0,"comment_status":"open","ping_status":"open","sticky":false,"template":"","format":"standard","meta":{"footnotes":""},"categories":[8],"tags":[12,13],"class_list":["post-2455","post","type-post","status-publish","format-standard","hentry","category-aktualnosci","tag-odszkodowanie","tag-zadoscuczynienie"],"_links":{"self":[{"href":"https:\/\/www.odszkodowania.info.pl\/index.php?rest_route=\/wp\/v2\/posts\/2455","targetHints":{"allow":["GET"]}}],"collection":[{"href":"https:\/\/www.odszkodowania.info.pl\/index.php?rest_route=\/wp\/v2\/posts"}],"about":[{"href":"https:\/\/www.odszkodowania.info.pl\/index.php?rest_route=\/wp\/v2\/types\/post"}],"author":[{"embeddable":true,"href":"https:\/\/www.odszkodowania.info.pl\/index.php?rest_route=\/wp\/v2\/users\/2"}],"replies":[{"embeddable":true,"href":"https:\/\/www.odszkodowania.info.pl\/index.php?rest_route=%2Fwp%2Fv2%2Fcomments&post=2455"}],"version-history":[{"count":1,"href":"https:\/\/www.odszkodowania.info.pl\/index.php?rest_route=\/wp\/v2\/posts\/2455\/revisions"}],"predecessor-version":[{"id":2456,"href":"https:\/\/www.odszkodowania.info.pl\/index.php?rest_route=\/wp\/v2\/posts\/2455\/revisions\/2456"}],"wp:attachment":[{"href":"https:\/\/www.odszkodowania.info.pl\/index.php?rest_route=%2Fwp%2Fv2%2Fmedia&parent=2455"}],"wp:term":[{"taxonomy":"category","embeddable":true,"href":"https:\/\/www.odszkodowania.info.pl\/index.php?rest_route=%2Fwp%2Fv2%2Fcategories&post=2455"},{"taxonomy":"post_tag","embeddable":true,"href":"https:\/\/www.odszkodowania.info.pl\/index.php?rest_route=%2Fwp%2Fv2%2Ftags&post=2455"}],"curies":[{"name":"wp","href":"https:\/\/api.w.org\/{rel}","templated":true}]}}