{"id":2459,"date":"2015-02-20T15:53:35","date_gmt":"2015-02-20T14:53:35","guid":{"rendered":"http:\/\/www.odszkodowania.info.pl\/?p=2459"},"modified":"2015-02-20T15:53:35","modified_gmt":"2015-02-20T14:53:35","slug":"seredynski-walczy-o-ponad-2-mln-zl-odszkodowania-za-glosna-akcje-cba-w-ktorej-bral-udzial-agent-tomek","status":"publish","type":"post","link":"https:\/\/www.odszkodowania.info.pl\/?p=2459","title":{"rendered":"Seredy\u0144ski walczy o ponad 2 mln z\u0142 odszkodowania za g\u0142o\u015bn\u0105 akcj\u0119 CBA, w kt\u00f3rej bra\u0142 udzia\u0142 &#8222;agent Tomek&#8221;"},"content":{"rendered":"<p>Bogus\u0142aw Seredy\u0144ski, by\u0142y prezes Wydawnictw Naukowo-Technicznych, ponownie walczy o 2,1 mln z\u0142 odszkodowania i zado\u015b\u0107uczynienia za nies\u0142uszne aresztowanie go po g\u0142o\u015bnej akcji Centralnego Biura Antykorupcyjnego. \u015aledztwo, w kt\u00f3rym zarzucano Seredy\u0144skiemu korupcj\u0119, umorzono. S\u0105d Okr\u0119gowy w Warszawie zacz\u0105\u0142 bada\u0107 wniosek Seredy\u0144skiego ju\u017c po raz trzeci. By\u0142y prezes Wydawnictw Naukowo-Technicznych domaga si\u0119 od skarbu pa\u0144stwa 1,5 mln z\u0142 zado\u015b\u0107uczynienia za doznan\u0105 krzywd\u0119 i 615 tys. z\u0142 odszkodowania za straty moralne i materialne.<\/p>\n<p>W ubieg\u0142ym roku S\u0105d Apelacyjny w Warszawie uchyli\u0142 wyrok SO przyznaj\u0105cy mu 190 tys. z\u0142 i zwr\u00f3ci\u0142 spraw\u0119 do s\u0105du okr\u0119gowego. W 2013 r. s\u0105d apelacyjny uchyli\u0142 za\u015b wcze\u015bniejszy wyrok s\u0105du okr\u0119gowego przyznaj\u0105cy mu 453 tys. z\u0142. Prokuratura Okr\u0119gowa w Warszawie zgadza si\u0119, \u017ce nale\u017c\u0105 mu si\u0119 pieni\u0105dze, ale nie w \u017c\u0105danej wysoko\u015bci.<\/p>\n<p><strong>&#8222;CBA zatrzyma\u0142o mnie na oczach za\u0142ogi i w blasku fleszy&#8221;<\/strong><\/p>\n<p>58-letni dzi\u015b Seredy\u0144ski, w 2009 r. prezes najwi\u0119kszego pa\u0144stwowego wydawnictwa, zosta\u0142 zatrzymany przez CBA wraz z radc\u0105 prawnym Weronik\u0105 Marczuk w sprawie rzekomego przyjmowania \u0142ap\u00f3wek za prywatyzacj\u0119 WNT. W areszcie sp\u0119dzi\u0142 sze\u015b\u0107 dni, potem wyszed\u0142 za kaucj\u0105.<\/p>\n<p>Pocz\u0105tkowo prokuratura postawi\u0142a obojgu zarzuty korupcyjne; w 2011 r. \u015bledztwo umorzono jednak z braku znamion przest\u0119pstwa. Prokuratura uzna\u0142a m.in., \u017ce brak by\u0142o wiarygodnego podejrzenia, \u017ce Seredy\u0144ski mo\u017ce bra\u0107 \u0142ap\u00f3wki, a bez takiej pierwotnej informacji s\u0142u\u017cbom nie wolno podj\u0105\u0107 &#8222;prowokacji policyjnej&#8221;.<\/p>\n<p>Dzi\u015b Seredy\u0144ski po raz kolejny zeznawa\u0142, jak dw\u00f3ch udaj\u0105cych biznesmen\u00f3w agent\u00f3w CBA, w tym Tomasz Kaczmarek (dzi\u015b pose\u0142 niezrzeszony), 6-7 razy oferowa\u0142o mu \u0142ap\u00f3wk\u0119, czego odmawia\u0142. W ko\u0144cu podrzucili mu &#8211; jak m\u00f3wi\u0142 &#8211; 10 tys. euro po upojeniu go alkoholem w jego mieszkaniu. Gdy za\u017c\u0105da\u0142 od nich spisania umowy na &#8211; jak mu t\u0142umaczyli &#8211; &#8222;po\u017cyczk\u0119&#8221;, zgodzili si\u0119. &#8211; Wtedy jednak CBA zatrzyma\u0142o mnie na oczach za\u0142ogi i w blasku fleszy &#8211; zezna\u0142.<\/p>\n<p><strong>Kaczmarek nie przyznaje si\u0119 do zarzut\u00f3w. Maj\u0105 &#8222;t\u0142o polityczne&#8221;<\/strong><\/p>\n<p>Kaczmarek &#8211; znany te\u017c jako &#8222;agent Tomek&#8221; &#8211; wraz z drugim agentem czeka na proces, oskar\u017cony przez prokuratur\u0119 o przekroczenie uprawnie\u0144 i m.in. nak\u0142anianie Seredy\u0144skiego do wzi\u0119cia \u0142ap\u00f3wki. Grozi za to do 8 lat wi\u0119zienia. Nie przyznaje si\u0119 do zarzut\u00f3w; twierdzi, \u017ce maj\u0105 &#8222;t\u0142o polityczne&#8221;.<\/p>\n<p>Kaczmarek zrzek\u0142 si\u0119 immunitetu; immunitet b. szefa CBA Mariusza Kami\u0144skiego (kt\u00f3remu prokuratura te\u017c chcia\u0142a stawia\u0107 zarzuty) obronili pos\u0142owie, m.in. z PO. Seredy\u0144ski zapewne wyst\u0105pi w tym procesie jako oskar\u017cyciel posi\u0142kowy.<\/p>\n<p>Seredy\u0144ski m\u00f3wi\u0142, \u017ce by\u0142 przetrzymywany nie w areszcie \u015bledczym, ale w szkole policji w Legionowie w pojedynczej celi, z zas\u0142oni\u0119tymi oknami, ze stale w\u0142\u0105czonym \u015bwiat\u0142em. Zezna\u0142, \u017ce agenci CBA m\u00f3wili mu: &#8222;Wp&#8230;y ci\u0119 do wydobywczej, to po trzech dniach b\u0119dziesz \u015bpiewa\u0142 jak kanarek&#8221;.<\/p>\n<p><strong>Seredy\u0144ski straci\u0142 prac\u0119, zostawi\u0142a go narzeczona<\/strong><\/p>\n<p>Seredy\u0144ski o\u015bwiadczy\u0142, \u017ce w zwi\u0105zku ze spraw\u0105 gwa\u0142townie pogorszy\u0142o si\u0119 zdrowie jego rodzic\u00f3w, kt\u00f3rzy wkr\u00f3tce potem zmarli. &#8211; Narzeczona, z kt\u00f3r\u0105 planowali\u015bmy \u015blub, powiedzia\u0142a, \u017ce nie mo\u017ce \u017cy\u0107 z kim\u015b, kto by\u0142 aresztowany i ma zarzut korupcji &#8211; doda\u0142. By\u0142y prezes straci\u0142 te\u017c prac\u0119; przez pi\u0119\u0107 lat by\u0142 bezrobotny &#8211; nikt go nie chcia\u0142 zatrudni\u0107. Jak doda\u0142, gdyby nie celowe nag\u0142o\u015bnienie jego zatrzymania, to &#8222;by\u0107 mo\u017ce wielu takich skutk\u00f3w bym nie do\u015bwiadczy\u0142&#8221;. Informacja o umorzeniu mojej sprawy nie by\u0142a ju\u017c tak g\u0142o\u015bna &#8211; podkre\u015bli\u0142.<\/p>\n<p>W ostatnim wyroku s\u0105d apelacyjny zaleci\u0142 S\u0105dowi Okr\u0119gowemu m.in., by rozgraniczy\u0142 skutki zatrzymania od skutk\u00f3w \u015bledztwa. Wed\u0142ug pe\u0142nomocnika Seredy\u0144skiego, mec. Wojciecha Pi\u0142ata, trudno oceni\u0107, czy kilka lat \u017cycia bez \u015brodk\u00f3w do \u017cycia to efekt zatrzymania czy te\u017c \u015bledztwa. Seredy\u0144skiemu uda\u0142o si\u0119 ostatnio znale\u017a\u0107 prac\u0119 u brytyjskiego pracodawcy &#8211; prowadzi du\u017c\u0105 inwestycj\u0119 na \u015al\u0105sku (zarabia 1,5 tys. funt\u00f3w miesi\u0119cznie brutto). By\u0142y prezes o\u017ceni\u0142 si\u0119, ma te\u017c ma\u0142e dziecko.<\/p>\n<p><strong>&#8222;Pa\u0144stwo wys\u0142a\u0142o swoich siepaczy, by wykaza\u0107 co\u015b, co nie mia\u0142o miejsca&#8221;<\/strong><\/p>\n<p>&#8211; Pa\u0144stwo wys\u0142a\u0142o swoich siepaczy, by wykaza\u0107 co\u015b, co nie mia\u0142o miejsca &#8211; m\u00f3wi\u0142 wcze\u015bniej Seredy\u0144ski. Jak doda\u0142, Polska to nadal jego kraj i ojczyzna, ale po takim potraktowaniu nie jest ju\u017c jego pa\u0144stwem (dzi\u015b jest rezydentem Wielkiej Brytanii).<\/p>\n<p>Proces odroczono do 27 marca. Mec. Pi\u0142at chce, by bieg\u0142y oceni\u0142 &#8222;stopie\u0144 nag\u0142o\u015bnienia&#8221; w mediach ca\u0142ej sprawy. W marcu ma te\u017c ruszy\u0107 cywilny proces, kt\u00f3ry Weronika Marczuk wytoczy\u0142a skarbowi pa\u0144stwa w zwi\u0105zku z jej zatrzymaniem.<\/p>\n<p>gazeta.pl<\/p>\n","protected":false},"excerpt":{"rendered":"<p>Bogus\u0142aw Seredy\u0144ski, by\u0142y prezes Wydawnictw Naukowo-Technicznych, ponownie walczy o 2,1 mln z\u0142 odszkodowania i zado\u015b\u0107uczynienia za nies\u0142uszne aresztowanie go po g\u0142o\u015bnej akcji Centralnego Biura Antykorupcyjnego. \u015aledztwo, w kt\u00f3rym zarzucano Seredy\u0144skiemu korupcj\u0119, umorzono. S\u0105d Okr\u0119gowy w Warszawie zacz\u0105\u0142 bada\u0107 wniosek Seredy\u0144skiego ju\u017c po raz trzeci. By\u0142y prezes Wydawnictw Naukowo-Technicznych domaga si\u0119 od skarbu pa\u0144stwa 1,5 mln [&hellip;]<\/p>\n","protected":false},"author":2,"featured_media":0,"comment_status":"open","ping_status":"open","sticky":false,"template":"","format":"standard","meta":{"footnotes":""},"categories":[8],"tags":[12,13],"class_list":["post-2459","post","type-post","status-publish","format-standard","hentry","category-aktualnosci","tag-odszkodowanie","tag-zadoscuczynienie"],"_links":{"self":[{"href":"https:\/\/www.odszkodowania.info.pl\/index.php?rest_route=\/wp\/v2\/posts\/2459","targetHints":{"allow":["GET"]}}],"collection":[{"href":"https:\/\/www.odszkodowania.info.pl\/index.php?rest_route=\/wp\/v2\/posts"}],"about":[{"href":"https:\/\/www.odszkodowania.info.pl\/index.php?rest_route=\/wp\/v2\/types\/post"}],"author":[{"embeddable":true,"href":"https:\/\/www.odszkodowania.info.pl\/index.php?rest_route=\/wp\/v2\/users\/2"}],"replies":[{"embeddable":true,"href":"https:\/\/www.odszkodowania.info.pl\/index.php?rest_route=%2Fwp%2Fv2%2Fcomments&post=2459"}],"version-history":[{"count":1,"href":"https:\/\/www.odszkodowania.info.pl\/index.php?rest_route=\/wp\/v2\/posts\/2459\/revisions"}],"predecessor-version":[{"id":2460,"href":"https:\/\/www.odszkodowania.info.pl\/index.php?rest_route=\/wp\/v2\/posts\/2459\/revisions\/2460"}],"wp:attachment":[{"href":"https:\/\/www.odszkodowania.info.pl\/index.php?rest_route=%2Fwp%2Fv2%2Fmedia&parent=2459"}],"wp:term":[{"taxonomy":"category","embeddable":true,"href":"https:\/\/www.odszkodowania.info.pl\/index.php?rest_route=%2Fwp%2Fv2%2Fcategories&post=2459"},{"taxonomy":"post_tag","embeddable":true,"href":"https:\/\/www.odszkodowania.info.pl\/index.php?rest_route=%2Fwp%2Fv2%2Ftags&post=2459"}],"curies":[{"name":"wp","href":"https:\/\/api.w.org\/{rel}","templated":true}]}}