{"id":2462,"date":"2015-02-25T15:42:12","date_gmt":"2015-02-25T14:42:12","guid":{"rendered":"http:\/\/www.odszkodowania.info.pl\/?p=2462"},"modified":"2015-02-25T15:42:12","modified_gmt":"2015-02-25T14:42:12","slug":"kolejny-sukces-marshal-skazani-ws-pozaru-w-kamieniu-pomorskim","status":"publish","type":"post","link":"https:\/\/www.odszkodowania.info.pl\/?p=2462","title":{"rendered":"Kolejny sukces Marshal. Skazani ws. po\u017caru w Kamieniu Pomorskim"},"content":{"rendered":"<p>Trzy oraz dwa lata wi\u0119zienia dla dwojga by\u0142ych urz\u0119dnik\u00f3w z Kamienia Pomorskiego &#8211; to wyrok s\u0105du ws. tragicznego po\u017caru hotelu socjalnego w 2009 roku. Zgin\u0119\u0142y w\u00f3wczas 23 osoby, w tym 13 dzieci. Prokurator \u017c\u0105da\u0142 wy\u017cszych kar. Hotel socjalny sp\u0142on\u0105\u0142 w 2009 roku, w drugi dzie\u0144 \u015bwi\u0105t wielkanocnych. W budynku, gdzie zameldowanych by\u0142o 77 os\u00f3b, nikt nie dostrzeg\u0142 nadchodz\u0105cego niebezpiecze\u0144stwa. Gdy na miejsce dotar\u0142a stra\u017c po\u017carna, prawie ca\u0142y obiekt sta\u0142 ju\u017c w p\u0142omieniach. Zgin\u0119\u0142y 23 osoby, w tym 13 dzieci.<\/p>\n<p>Proces trwa\u0142 od 2011 roku przed szczeci\u0144skim s\u0105dem okr\u0119gowym. <\/p>\n<p>S\u0105d orzek\u0142 kar\u0119 3 lat pozbawienia wolno\u015bci dla Krzysztofa G. i 2 lat wi\u0119zienia dla Barbary K.<\/p>\n<p>Prokuratura domaga\u0142a si\u0119 4,5 roku wi\u0119zienia dla Krzysztofa G. oraz 2,5 roku dla Barbary K.<\/p>\n<p>Prokurator chcia\u0142 te\u017c dla obojga zakazu wykonywania zawodu zarz\u0105dcy nieruchomo\u015bci na &#8211; odpowiednio &#8211; sze\u015b\u0107 i cztery lata. Dla b. dyrektora wnosi\u0142 te\u017c o zakaz sprawowania stanowisk kierowniczych w administracji pa\u0144stwowej i samorz\u0105dowej na sze\u015b\u0107 lat.<br \/>\n&#8222;Niedope\u0142nienie obowi\u0105zk\u00f3w&#8221;<\/p>\n<p>Prokurator oskar\u017cy\u0142 \u00f3wczesnego dyrektora Zak\u0142adu Gospodarki Mieszkaniowej w Kamieniu Pomorskim Krzysztofa G. i zatrudnion\u0105 wtedy na stanowisku starszego inspektora do spraw administracyjno-budowlanych Barbar\u0119 K. m.in. o niedope\u0142nienie obowi\u0105zk\u00f3w ci\u0105\u017c\u0105cych na nich w zwi\u0105zku ze sprawowaniem w imieniu gminy zarz\u0105du nad budynkiem socjalnym. G. jako funkcjonariuszowi publicznemu zarzucono tak\u017ce m.in. niedope\u0142nienie obowi\u0105zk\u00f3w s\u0142u\u017cbowych z tym zwi\u0105zanych.<\/p>\n<p>Wed\u0142ug prokuratury g\u0142\u00f3wne nieprawid\u0142owo\u015bci to brak wymaganych przegl\u0105d\u00f3w i kontroli okresowych oraz wymaganych ekspertyz dotycz\u0105cych konstrukcji obiektu. W akcie oskar\u017cenia zwr\u00f3cono te\u017c uwag\u0119 na niezapewnienie &#8211; wbrew prawu budowlanemu &#8211; ograniczenia rozprzestrzeniania ognia i dymu oraz niezapewnienie mo\u017cliwo\u015bci ewakuacji ludzi.<\/p>\n<p>Po po\u017carze stra\u017cacy, kt\u00f3rzy brali udzia\u0142 w akcji ratowniczej, przedstawili druzgoc\u0105cy raport. Wed\u0142ug nich w budynku nie powinni byli w og\u00f3le mieszka\u0107 ludzie.<\/p>\n<p>Obiekt nie spe\u0142nia\u0142 norm, a stra\u017c po\u017carn\u0105 zbyt p\u00f3\u017ano powiadomiono o ogniu &#8211; zdaniem stra\u017cak\u00f3w w\u0142a\u015bnie te czynniki wp\u0142yn\u0119\u0142y na rozmiar tragedii w hotelu robotniczym. &#8211; W naszej ocenie konstrukcja oraz wyposa\u017cenie, wystr\u00f3j, czyli przedmioty, kt\u00f3re tarasowa\u0142y drogi ewakuacyjne, stwarza\u0142y stan zagro\u017cenia \u017cycia. W obiekcie w takim stanie ludzie nie mog\u0105 mieszka\u0107 &#8211; m\u00f3wi\u0142 w 2009 roku \u00f3wczesny zast\u0119pca komendanta g\u0142\u00f3wnego PSP Janusz Skulich.<\/p>\n<p>W hotelu znajdowa\u0142a si\u0119 specjalna klatka ewakuacyjna, ale wyj\u015bcia na ni\u0105 by\u0142y zatarasowane rowerami.<\/p>\n<p><strong>Domagali si\u0119 uniewinnienia<\/strong><\/p>\n<p>Obro\u0144cy dwojga oskar\u017conych w trakcie procesu domagali si\u0119 uniewinnienia swych klient\u00f3w. Uwa\u017cali, \u017ce nie ma winy po stronie by\u0142ych urz\u0119dnik\u00f3w, bo nie mogli oni wiedzie\u0107 o zwi\u0119kszonym zagro\u017ceniu po\u017carowym.<\/p>\n<p>&#8211; \u017badne przegl\u0105dy okresowe nie da\u0142yby zarz\u0105dcy informacji dotycz\u0105cych stanu technicznego budynku, poniewa\u017c by\u0142yby to przegl\u0105dy administracyjne, nie daj\u0105ce wiedzy technicznej &#8211; m\u00f3wi\u0142 mecenas Patryk Zbroja. &#8211; Nie by\u0142o po stronie naszych klient\u00f3w umy\u015blno\u015bci, ani \u015bwiadomo\u015bci, w jakim stanie technicznym jest hotel socjalny &#8211; podkre\u015bli\u0142.<\/p>\n<p>Adwokat przywo\u0142a\u0142 te\u017c opinie bieg\u0142ych w zakresie po\u017carnictwa sprzed tragedii, wystawione po wcze\u015bniejszym, niewielkim po\u017carze w budynku. \u017baden z bieg\u0142ych nie wskaza\u0142 jakiegokolwiek zagro\u017cenia zwi\u0105zanego z eksploatacj\u0105 budynku pod wzgl\u0119dem po\u017carowym &#8211; przypomnia\u0142.<\/p>\n<p>&#8211; Jedyne, co zosta\u0142o ustalone w spos\u00f3b prawid\u0142owy to fakt, \u017ce przyczyn\u0105 po\u017caru by\u0142o zwarcie instalacji, ale nie wiadomo, co by\u0142o przyczyn\u0105 zwarcia &#8211; doda\u0142 Zbroja. Argumentowa\u0142, \u017ce nie mo\u017cna wywie\u015b\u0107 zwi\u0105zku przyczynowo-skutkowego mi\u0119dzy zachowaniem oskar\u017conych a po\u017carem.<\/p>\n<p>Jako argument przemawiaj\u0105cy za niewinno\u015bci\u0105 G. i K., adwokat podawa\u0142 r\u00f3wnie\u017c brak w bud\u017cecie miasta \u015brodk\u00f3w na remont budynku.<\/p>\n<p>Poszkodowanych oraz ich rodziny przed s\u0105dem reprezentowa\u0142 pe\u0142nomocnik Broker Ubezpieczeniowy &#8222;MARSHAL&#8221;, w chwili obecnej w s\u0105dach trwa kilkadziesi\u0105t proces\u00f3w o odszkodowanie, w sumie na wielomilionowe kwoty.<\/p>\n<p>tvn24.pl<\/p>\n","protected":false},"excerpt":{"rendered":"<p>Trzy oraz dwa lata wi\u0119zienia dla dwojga by\u0142ych urz\u0119dnik\u00f3w z Kamienia Pomorskiego &#8211; to wyrok s\u0105du ws. tragicznego po\u017caru hotelu socjalnego w 2009 roku. Zgin\u0119\u0142y w\u00f3wczas 23 osoby, w tym 13 dzieci. Prokurator \u017c\u0105da\u0142 wy\u017cszych kar. Hotel socjalny sp\u0142on\u0105\u0142 w 2009 roku, w drugi dzie\u0144 \u015bwi\u0105t wielkanocnych. W budynku, gdzie zameldowanych by\u0142o 77 os\u00f3b, nikt [&hellip;]<\/p>\n","protected":false},"author":2,"featured_media":0,"comment_status":"open","ping_status":"open","sticky":false,"template":"","format":"standard","meta":{"footnotes":""},"categories":[8,45],"tags":[11],"class_list":["post-2462","post","type-post","status-publish","format-standard","hentry","category-aktualnosci","category-artykul-glowny","tag-marshal"],"_links":{"self":[{"href":"https:\/\/www.odszkodowania.info.pl\/index.php?rest_route=\/wp\/v2\/posts\/2462","targetHints":{"allow":["GET"]}}],"collection":[{"href":"https:\/\/www.odszkodowania.info.pl\/index.php?rest_route=\/wp\/v2\/posts"}],"about":[{"href":"https:\/\/www.odszkodowania.info.pl\/index.php?rest_route=\/wp\/v2\/types\/post"}],"author":[{"embeddable":true,"href":"https:\/\/www.odszkodowania.info.pl\/index.php?rest_route=\/wp\/v2\/users\/2"}],"replies":[{"embeddable":true,"href":"https:\/\/www.odszkodowania.info.pl\/index.php?rest_route=%2Fwp%2Fv2%2Fcomments&post=2462"}],"version-history":[{"count":2,"href":"https:\/\/www.odszkodowania.info.pl\/index.php?rest_route=\/wp\/v2\/posts\/2462\/revisions"}],"predecessor-version":[{"id":2464,"href":"https:\/\/www.odszkodowania.info.pl\/index.php?rest_route=\/wp\/v2\/posts\/2462\/revisions\/2464"}],"wp:attachment":[{"href":"https:\/\/www.odszkodowania.info.pl\/index.php?rest_route=%2Fwp%2Fv2%2Fmedia&parent=2462"}],"wp:term":[{"taxonomy":"category","embeddable":true,"href":"https:\/\/www.odszkodowania.info.pl\/index.php?rest_route=%2Fwp%2Fv2%2Fcategories&post=2462"},{"taxonomy":"post_tag","embeddable":true,"href":"https:\/\/www.odszkodowania.info.pl\/index.php?rest_route=%2Fwp%2Fv2%2Ftags&post=2462"}],"curies":[{"name":"wp","href":"https:\/\/api.w.org\/{rel}","templated":true}]}}