{"id":2475,"date":"2015-03-17T20:20:32","date_gmt":"2015-03-17T19:20:32","guid":{"rendered":"http:\/\/www.odszkodowania.info.pl\/?p=2475"},"modified":"2015-03-17T20:20:32","modified_gmt":"2015-03-17T19:20:32","slug":"bogucki-chce-225-mln-zl-odszkodowania-od-panstwa-jest-oswiadczenie-jego-obroncow","status":"publish","type":"post","link":"https:\/\/www.odszkodowania.info.pl\/?p=2475","title":{"rendered":"Bogucki chce 22,5 mln z\u0142 odszkodowania od pa\u0144stwa. Jest o\u015bwiadczenie jego obro\u0144c\u00f3w"},"content":{"rendered":"<p>Adwokaci Ryszarda Boguckiego poinformowali, \u017ce b\u0119d\u0105 domaga\u0107 si\u0119 9 mln z\u0142 odszkodowania dla ich klienta za krzywdy zwi\u0105zane z nies\u0142usznym aresztowaniem. \u017b\u0105daj\u0105 te\u017c ponad 13 mln za szkody zwi\u0105zane z utrat\u0105 kontroli nad maj\u0105tkiem sp\u00f3\u0142ki. O\u015bwiadczenie w tej sprawie adwokaci przekazali stacji TVN.<\/p>\n<p>31 lipca warszawski s\u0105d uniewinni\u0142 Ryszarda Boguckiego i Andrzeja Z. od zarzut\u00f3w nak\u0142aniania do zab\u00f3jstwa gen. Marka Papa\u0142y.<\/p>\n<p>S\u0105d krytycznie oceni\u0142 wiele dzia\u0142a\u0144 organ\u00f3w \u015bcigania w sprawie, a dowody uzna\u0142 za &#8222;kruche&#8221;. Uzasadniaj\u0105c wyrok, s\u0119dzia Pawe\u0142 Dobosz podkre\u015bli\u0142, \u017ce dowody w sprawie by\u0142y &#8222;kruchymi, rozrzuconymi ogniwami, kt\u00f3re tylko w swoim przekonaniu prokurator zestawi\u0142 w mocny \u0142a\u0144cuch&#8221;.<\/p>\n<p>Zaznaczy\u0142 jednocze\u015bnie, \u017ce wyrok nie jest pora\u017ck\u0105 wymiaru sprawiedliwo\u015bci, tylko pora\u017ck\u0105 organ\u00f3w \u015bcigania i prokuratury, bo nie dostarczy\u0142y s\u0105dowi wystarczaj\u0105cych dowod\u00f3w.<\/p>\n<p>Krzywdy wyrz\u0105dzone Ryszardowi Boguckiemu s\u0105 nie do naprawienia<\/p>\n<p>W o\u015bwiadczeniu, do kt\u00f3rego dotar\u0142 TVN, adwokaci Boguckiego informuj\u0105, \u017ce ich klient domaga si\u0119 9 mln z\u0142 zado\u015b\u0107uczynienia &#8222;za krzywdy zwi\u0105zane z zastosowaniem niew\u0105tpliwie nies\u0142usznego tymczasowego aresztowania maj\u0105cego charakter wydobywczy, w warunkach najsurowszego rygoru wynikaj\u0105cego z zakwalifikowania Ryszarda Boguckiego do kategorii tzw. osadzonych niebezpiecznych, trwaj\u0105cego nieprzerwanie przez okres 9 lat i 5 miesi\u0119cy&#8221;.<\/p>\n<p>\u017b\u0105da te\u017c ponad 13 mln z\u0142 odszkodowania &#8222;za szkod\u0119 zwi\u0105zan\u0105 z utrat\u0105 kontroli nad maj\u0105tkiem sp\u00f3\u0142ki Unitra Eltron Sp. z o.o., kt\u00f3rej by\u0142 udzia\u0142owcem w czasie stosowania tymczasowego aresztowania, oraz za poniesione koszty obrony, w sprawie, w kt\u00f3rej by\u0142 podejrzany, a nast\u0119pnie oskar\u017cony o zab\u00f3jstwo Komendanta G\u0142\u00f3wnego Policji gen. Marka Papa\u0142y&#8221;.<\/p>\n<p>W uzasadnieniu adwokaci napisali, \u017ce &#8222;krzywdy wyrz\u0105dzone Ryszardowi Boguckiemu przez trwaj\u0105c\u0105 wiele lat indoktrynacj\u0119 opinii publicznej, utrwalaj\u0105c\u0105 przekonanie, \u017ce ma on zwi\u0105zek z zab\u00f3jstwem by\u0142ego szefa polskiej policji gen. Marka Papa\u0142y s\u0105 realnie nie do naprawienia&#8221;.<\/p>\n<p>Konieczna dyskusja nad kondycj\u0105 polskiego wymiaru sprawiedliwo\u015bci<\/p>\n<p>Gen. Papa\u0142a, by\u0142y ju\u017c w\u00f3wczas komendant g\u0142\u00f3wny policji, zosta\u0142 zastrzelony w Warszawie 25 czerwca 1998 r. w samochodzie przed blokiem, w kt\u00f3rym mieszka\u0142. W \u015bledztwie rozpatrywano kilkana\u015bcie wersji, przeprowadzono kilkaset przes\u0142ucha\u0144 \u015bwiadk\u00f3w.<\/p>\n<p>W 2009 r. \u015bledczy skierowali do s\u0105du akt oskar\u017cenia przeciwko Andrzejowi Z. &#8222;S\u0142owikowi&#8221; i Ryszardowi Boguckiemu, zarzucaj\u0105c im m.in. nak\u0142anianie do tego mordu. W tym samym roku reszt\u0119 \u015bledztwa przeniesiono do \u0141odzi.<\/p>\n","protected":false},"excerpt":{"rendered":"<p>Adwokaci Ryszarda Boguckiego poinformowali, \u017ce b\u0119d\u0105 domaga\u0107 si\u0119 9 mln z\u0142 odszkodowania dla ich klienta za krzywdy zwi\u0105zane z nies\u0142usznym aresztowaniem. \u017b\u0105daj\u0105 te\u017c ponad 13 mln za szkody zwi\u0105zane z utrat\u0105 kontroli nad maj\u0105tkiem sp\u00f3\u0142ki. O\u015bwiadczenie w tej sprawie adwokaci przekazali stacji TVN. 31 lipca warszawski s\u0105d uniewinni\u0142 Ryszarda Boguckiego i Andrzeja Z. od zarzut\u00f3w [&hellip;]<\/p>\n","protected":false},"author":2,"featured_media":0,"comment_status":"open","ping_status":"open","sticky":false,"template":"","format":"standard","meta":{"footnotes":""},"categories":[8],"tags":[12,13],"class_list":["post-2475","post","type-post","status-publish","format-standard","hentry","category-aktualnosci","tag-odszkodowanie","tag-zadoscuczynienie"],"_links":{"self":[{"href":"https:\/\/www.odszkodowania.info.pl\/index.php?rest_route=\/wp\/v2\/posts\/2475","targetHints":{"allow":["GET"]}}],"collection":[{"href":"https:\/\/www.odszkodowania.info.pl\/index.php?rest_route=\/wp\/v2\/posts"}],"about":[{"href":"https:\/\/www.odszkodowania.info.pl\/index.php?rest_route=\/wp\/v2\/types\/post"}],"author":[{"embeddable":true,"href":"https:\/\/www.odszkodowania.info.pl\/index.php?rest_route=\/wp\/v2\/users\/2"}],"replies":[{"embeddable":true,"href":"https:\/\/www.odszkodowania.info.pl\/index.php?rest_route=%2Fwp%2Fv2%2Fcomments&post=2475"}],"version-history":[{"count":1,"href":"https:\/\/www.odszkodowania.info.pl\/index.php?rest_route=\/wp\/v2\/posts\/2475\/revisions"}],"predecessor-version":[{"id":2476,"href":"https:\/\/www.odszkodowania.info.pl\/index.php?rest_route=\/wp\/v2\/posts\/2475\/revisions\/2476"}],"wp:attachment":[{"href":"https:\/\/www.odszkodowania.info.pl\/index.php?rest_route=%2Fwp%2Fv2%2Fmedia&parent=2475"}],"wp:term":[{"taxonomy":"category","embeddable":true,"href":"https:\/\/www.odszkodowania.info.pl\/index.php?rest_route=%2Fwp%2Fv2%2Fcategories&post=2475"},{"taxonomy":"post_tag","embeddable":true,"href":"https:\/\/www.odszkodowania.info.pl\/index.php?rest_route=%2Fwp%2Fv2%2Ftags&post=2475"}],"curies":[{"name":"wp","href":"https:\/\/api.w.org\/{rel}","templated":true}]}}