{"id":2479,"date":"2015-03-17T20:24:12","date_gmt":"2015-03-17T19:24:12","guid":{"rendered":"http:\/\/www.odszkodowania.info.pl\/?p=2479"},"modified":"2015-03-17T20:24:12","modified_gmt":"2015-03-17T19:24:12","slug":"press-durczok-zada-od-wprost-2-mln-zl","status":"publish","type":"post","link":"https:\/\/www.odszkodowania.info.pl\/?p=2479","title":{"rendered":"&#8217;Press&#8217;: Durczok \u017c\u0105da od 'Wprost&#8217; 2 mln z\u0142"},"content":{"rendered":"<p>Kamil Durczok w pierwszym pozwie \u017c\u0105da od &#8222;Wprost&#8221; 2 mln z\u0142 &#8211; podaje miesi\u0119cznik Press. Wcze\u015bniej Radio ZET poinformowa\u0142o, \u017ce by\u0142y ju\u017c prezenter z\u0142o\u017cy\u0142 pozew przeciwko tygodnikowi w zwi\u0105zku z tekstami na temat rzekomego molestowania w redakcji &#8222;Fakt\u00f3w&#8221; i \u017ce szykuje kolejny.<\/p>\n<p>&#8211; Chcemy udowodni\u0107, \u017ce to by\u0142o pom\u00f3wienie. Nie dosz\u0142o do takiego zdarzenia &#8211; powiedzia\u0142 reporterowi Radia ZET mec. Jacek Dubois, pe\u0142nomocnik by\u0142ego szefa &#8222;Fakt\u00f3w&#8221; TVN. Wed\u0142ug radia,w przysz\u0142ym tygodniu Durczok z\u0142o\u017cy kolejny pozew, tym razem o naruszenie d\u00f3br osobistych, kt\u00f3ry b\u0119dzie zwi\u0105zany z innym artyku\u0142em opublikowanym w tygodniku.<\/p>\n<p>W z\u0142o\u017conym ju\u017c pozwie Durczok domaga si\u0119 od &#8222;Wprost&#8221; przeprosin i odszkodowania. Dubois nie chcia\u0142 powiedzie\u0107 radiu, o jak\u0105 dok\u0142adnie kwot\u0119 chodzi.<\/p>\n<p>Kwot\u0119 t\u0119 podaje natomiast miesi\u0119cznik &#8222;Press&#8221;. Wed\u0142ug gazety Durczok domaga si\u0119 od &#8222;Wprost&#8221; 2 mln z\u0142.<\/p>\n<p>Kilka dni temu komisja dzia\u0142aj\u0105ca w TVN, kt\u00f3ra zosta\u0142a powo\u0142ana po artyku\u0142ach tygodnika, ustali\u0142a, \u017ce trzy osoby pracuj\u0105ce w redakcji &#8222;Fakt\u00f3w&#8221; by\u0142y nara\u017cone na molestowanie i mobbing. 10 marca sp\u00f3\u0142ka poinformowa\u0142a, \u017ce zako\u0144czy\u0142a wsp\u00f3\u0142prac\u0119 z dziennikarzem. <\/p>\n<p>gazeta.pl<\/p>\n","protected":false},"excerpt":{"rendered":"<p>Kamil Durczok w pierwszym pozwie \u017c\u0105da od &#8222;Wprost&#8221; 2 mln z\u0142 &#8211; podaje miesi\u0119cznik Press. Wcze\u015bniej Radio ZET poinformowa\u0142o, \u017ce by\u0142y ju\u017c prezenter z\u0142o\u017cy\u0142 pozew przeciwko tygodnikowi w zwi\u0105zku z tekstami na temat rzekomego molestowania w redakcji &#8222;Fakt\u00f3w&#8221; i \u017ce szykuje kolejny. &#8211; Chcemy udowodni\u0107, \u017ce to by\u0142o pom\u00f3wienie. Nie dosz\u0142o do takiego zdarzenia &#8211; [&hellip;]<\/p>\n","protected":false},"author":2,"featured_media":0,"comment_status":"open","ping_status":"open","sticky":false,"template":"","format":"standard","meta":{"footnotes":""},"categories":[8],"tags":[12,13],"class_list":["post-2479","post","type-post","status-publish","format-standard","hentry","category-aktualnosci","tag-odszkodowanie","tag-zadoscuczynienie"],"_links":{"self":[{"href":"https:\/\/www.odszkodowania.info.pl\/index.php?rest_route=\/wp\/v2\/posts\/2479","targetHints":{"allow":["GET"]}}],"collection":[{"href":"https:\/\/www.odszkodowania.info.pl\/index.php?rest_route=\/wp\/v2\/posts"}],"about":[{"href":"https:\/\/www.odszkodowania.info.pl\/index.php?rest_route=\/wp\/v2\/types\/post"}],"author":[{"embeddable":true,"href":"https:\/\/www.odszkodowania.info.pl\/index.php?rest_route=\/wp\/v2\/users\/2"}],"replies":[{"embeddable":true,"href":"https:\/\/www.odszkodowania.info.pl\/index.php?rest_route=%2Fwp%2Fv2%2Fcomments&post=2479"}],"version-history":[{"count":1,"href":"https:\/\/www.odszkodowania.info.pl\/index.php?rest_route=\/wp\/v2\/posts\/2479\/revisions"}],"predecessor-version":[{"id":2480,"href":"https:\/\/www.odszkodowania.info.pl\/index.php?rest_route=\/wp\/v2\/posts\/2479\/revisions\/2480"}],"wp:attachment":[{"href":"https:\/\/www.odszkodowania.info.pl\/index.php?rest_route=%2Fwp%2Fv2%2Fmedia&parent=2479"}],"wp:term":[{"taxonomy":"category","embeddable":true,"href":"https:\/\/www.odszkodowania.info.pl\/index.php?rest_route=%2Fwp%2Fv2%2Fcategories&post=2479"},{"taxonomy":"post_tag","embeddable":true,"href":"https:\/\/www.odszkodowania.info.pl\/index.php?rest_route=%2Fwp%2Fv2%2Ftags&post=2479"}],"curies":[{"name":"wp","href":"https:\/\/api.w.org\/{rel}","templated":true}]}}